{"id":72398,"date":"2025-12-12T11:52:11","date_gmt":"2025-12-12T11:52:11","guid":{"rendered":"https:\/\/www.europesays.com\/lv\/72398\/"},"modified":"2025-12-12T11:52:11","modified_gmt":"2025-12-12T11:52:11","slug":"blue-jackets-ar-merzlikinu-ierinda-piedzivo-fiasko-tvnet-sports","status":"publish","type":"post","link":"https:\/\/www.europesays.com\/lv\/72398\/","title":{"rendered":"&quot;Blue Jackets&quot; ar Merz\u013cikinu ierind\u0101 piedz\u012bvo fiasko &#8211; TVNET Sports"},"content":{"rendered":"<ol>\n<li><a href=\"https:\/\/news.google.com\/rss\/articles\/CBMiigFBVV95cUxPUi04UVNtdEpLYjNUNG1STENGZm1LQUZYSUVfNnFvazhOSHpldHgweXdfT1Z5X05Ta2drYlVjYXZaSTRNZy1HaG1YNGJJN1JXX1hkcVVvSUVUbF9BVGt3dzNDaDBfNUFwLXZmWUVENHA5a050ZmtEa2dCTzZMVEtVSnE0UlVfOUZTYnc?oc=5\" target=\"_blank\" rel=\"nofollow noopener\">&#8220;Blue Jackets&#8221; ar Merz\u013cikinu ierind\u0101 piedz\u012bvo fiasko<\/a>&nbsp;&nbsp;TVNET Sports<\/li>\n<li><a href=\"https:\/\/news.google.com\/rss\/articles\/CBMiuwFBVV95cUxQeUViLThkRkNMTzdNSnJqa0RFTnhxSVYwaHlvUXhqcUpNV1RvUlFmRkNvSWFBU25pMmE4WlZuRzRyNU4tUlRSZmJjUUlDb1ZzRzRHYm41UkVsRUcxcEpWd082b0w3YVI0eXhqRnBXb3c1dTY0UTlOVkFId3pfOVg4Wm1DYm9LcmIxZUY5T3lvUVdTVmZndzEwSlBsTFpZZWtrbTRuTFVONURTNWxGYmN1c3NXejFlaVdoWDdF?oc=5\" target=\"_blank\" rel=\"nofollow noopener\">Merz\u013cikinu p\u0113c katastrof\u0101la s\u0101kuma aizs\u016bta uz &#8220;Blue Jackets&#8221; soli\u0146u<\/a>&nbsp;&nbsp;Delfi<\/li>\n<li><a href=\"https:\/\/news.google.com\/rss\/articles\/CBMivAFBVV95cUxOT2R2N3hLcV9UeldyNVJsREo3NmpKNVI5enprcFlwckx4d002T0xjS2hmS2h3UUVwOUNMOTgtdDdnSmgzenU3R1UwTWFyWlgydkJHV0xaZUc3TFlIc1Q4U19pMTRlM09MdURKTU5TS29WcU1IaTFYcV9SUmI2eVBkTk1yM21mVXhrVUxkdlQ2RTFXdzRMOWNtaG90SFRtSkFhcEZWaURHdFlHYnpJdWlmZG5IUTcyeDRPdm1WbQ?oc=5\" target=\"_blank\" rel=\"nofollow noopener\">&#8220;Blue Jackets&#8221; aizsargs p\u0113c Merz\u013cikina nomai\u0146as: Negribu, lai cilv\u0113ki dom\u0101, ka t\u0101 ir Elvja vaina<\/a>&nbsp;&nbsp;Sportazinas.com<\/li>\n<li><a href=\"https:\/\/news.google.com\/rss\/articles\/CBMiwgFBVV95cUxQXzlHdkF3b2JZdXcyX0xTc1B0S3RFZkhyMGQ0S2MtUEM0NU5RdDUwMmpWNS1nWnBGUlRSeEUxbFJ5cTA3eFBPdzZTekoxT3dWOFVMYjZQdFk2MW92VWRCem9FLWpKMGVGQ2g3bzdadUpxdVMyVjBCSnVWSFhsZHN1R2t2SnVqTm02V24zb05vQ1dNOGd4NzZSU3ZuZFU3RjJoTWE4Rk9YMUZrMVV3dVEzY1J6WWpVZzUwcEhDM3JmRXV0QQ?oc=5\" target=\"_blank\" rel=\"nofollow noopener\">Merz\u013cikins tiek nomain\u012bts Blue Jackets zaud\u0113jum\u0101 Senators hokejistiem<\/a>&nbsp;&nbsp;Diena<\/li>\n<li><a href=\"https:\/\/news.google.com\/rss\/articles\/CBMinAFBVV95cUxNMzFnbXBNZ3RweHcta3UzcmdWNTFUdE5TekRpM0dmM0p2VkZ2M1kyeF81c3I4cVNKT0xMeWtvWTJ3clktdUdSQ0U1TDF1VHhxc2tsX0psQ1ZNTTQySDhjYVgwajhxdmF2NS1GZG81MzhwQ1RCRnZvVWV4b2lJcGVxbEFKS0FQSVltc1Ixa3ZIbEVLNDAtN3RseEpZTmrSAaIBQVVfeXFMTWViZE5vbGFlV0JEUVFUbWxVYThyc3pXcXU2OFV6NDNSMG95dlI1YWFTQlEwTlhqWXFPUnNzQi1SazVfS09RVlhMdXhNS1B1V0huR2lOcU5WbVRHa3FxSU8yUEFfWlZmU083MmlERXNaMVc2c0U1TUhHX3dZeWxYWjBpQXptY1FPRTNTVm02MzhaVkVYc3JEdDZPMmE1SmtldXBB?oc=5\" target=\"_blank\" rel=\"nofollow noopener\">Merz\u013cikina \u00abBlue Jackets\u00bb zaud\u0113 \u00abSenators\u00bb komandai<\/a>&nbsp;&nbsp;bb.lv<\/li>\n<\/ol>\n","protected":false},"excerpt":{"rendered":"&#8220;Blue Jackets&#8221; ar Merz\u013cikinu ierind\u0101 piedz\u012bvo fiasko&nbsp;&nbsp;TVNET Sports Merz\u013cikinu p\u0113c katastrof\u0101la s\u0101kuma aizs\u016bta uz &#8220;Blue Jackets&#8221; soli\u0146u&nbsp;&nbsp;Delfi &#8220;Blue&hellip;\n","protected":false},"author":2,"featured_media":72399,"comment_status":"","ping_status":"","sticky":false,"template":"","format":"standard","meta":{"footnotes":""},"categories":[17],"tags":[1436,836,838,394,721,1519,35,39,38,36,37,34,40,835,5165,67],"class_list":{"0":"post-72398","1":"post","2":"type-post","3":"status-publish","4":"format-standard","5":"has-post-thumbnail","7":"category-sports","8":"tag-elvis-merzlikins","9":"tag-hokeja-jaunumi","10":"tag-hokejisti-arzemes","11":"tag-hokejs","12":"tag-hokejs-pasaule","13":"tag-kolumbusas-blue-jackets","14":"tag-latvia","15":"tag-latvian","16":"tag-latviesu","17":"tag-latviesu-valoda","18":"tag-latviesuvaloda","19":"tag-latvija","20":"tag-lv","21":"tag-nhl","22":"tag-otavas-senators","23":"tag-sports"},"share_on_mastodon":{"url":"https:\/\/pubeurope.com\/@lv\/115706458498075642","error":""},"_links":{"self":[{"href":"https:\/\/www.europesays.com\/lv\/wp-json\/wp\/v2\/posts\/72398","targetHints":{"allow":["GET"]}}],"collection":[{"href":"https:\/\/www.europesays.com\/lv\/wp-json\/wp\/v2\/posts"}],"about":[{"href":"https:\/\/www.europesays.com\/lv\/wp-json\/wp\/v2\/types\/post"}],"author":[{"embeddable":true,"href":"https:\/\/www.europesays.com\/lv\/wp-json\/wp\/v2\/users\/2"}],"replies":[{"embeddable":true,"href":"https:\/\/www.europesays.com\/lv\/wp-json\/wp\/v2\/comments?post=72398"}],"version-history":[{"count":0,"href":"https:\/\/www.europesays.com\/lv\/wp-json\/wp\/v2\/posts\/72398\/revisions"}],"wp:featuredmedia":[{"embeddable":true,"href":"https:\/\/www.europesays.com\/lv\/wp-json\/wp\/v2\/media\/72399"}],"wp:attachment":[{"href":"https:\/\/www.europesays.com\/lv\/wp-json\/wp\/v2\/media?parent=72398"}],"wp:term":[{"taxonomy":"category","embeddable":true,"href":"https:\/\/www.europesays.com\/lv\/wp-json\/wp\/v2\/categories?post=72398"},{"taxonomy":"post_tag","embeddable":true,"href":"https:\/\/www.europesays.com\/lv\/wp-json\/wp\/v2\/tags?post=72398"}],"curies":[{"name":"wp","href":"https:\/\/api.w.org\/{rel}","templated":true}]}}