{"id":72400,"date":"2025-12-12T11:54:09","date_gmt":"2025-12-12T11:54:09","guid":{"rendered":"https:\/\/www.europesays.com\/lv\/72400\/"},"modified":"2025-12-12T11:54:09","modified_gmt":"2025-12-12T11:54:09","slug":"am-parlamentarais-sekretars-lviva-ukrainas-uznemsana-eiropas-savieniba-ir-latvijas-drosibas-intereses-un-butiska-drosibas-garantija-ukrainai","status":"publish","type":"post","link":"https:\/\/www.europesays.com\/lv\/72400\/","title":{"rendered":"\u0100M parlament\u0101rais sekret\u0101rs \u013bviv\u0101: Ukrainas uz\u0146em\u0161ana Eiropas Savien\u012bb\u0101 ir Latvijas dro\u0161\u012bbas interes\u0113s un b\u016btiska dro\u0161\u012bbas garantija Ukrainai"},"content":{"rendered":"<p>\u0100rlietu ministrijas parlament\u0101rais sekret\u0101rs Artjoms Ur\u0161u\u013cskis 10. un 11. decembr\u012b piedal\u012bj\u0101s Eiropas Savien\u012bbas (ES) Eiropas lietu ministru neform\u0101laj\u0101 san\u0101ksm\u0113, kas notika \u013bviv\u0101, Ukrain\u0101. A. Ur\u0161u\u013cskis uzsv\u0113ra Latvijas nemain\u012bgo atbalstu Ukrainai c\u012b\u0146\u0101 pret agresoru Krieviju ce\u013c\u0101 uz taisn\u012bgu un ilgsto\u0161u mieru: \u201cUkraina ir da\u013ca no Eiropas, un Latvija turpin\u0101s atbalst\u012bt Ukrainas integr\u0101ciju ES, sniedzot tai politisku un praktisku atbalstu.\u201d<\/p>\n<p>San\u0101ksm\u0113 ministri p\u0101rrun\u0101ja aktu\u0101los jaut\u0101jumus, kas saist\u012bti ar Ukrainas eirointegr\u0101ciju. Ukrainas premjerministra vietnieks Eiropas un eiroatlantisk\u0101s integr\u0101cijas jaut\u0101jumos Tarass\u00a0Ka\u010dka (Taras Kachka) inform\u0113ja par p\u0113d\u0113j\u0101 gada laik\u0101 \u012bstenotajiem reformu so\u013ciem, tai skait\u0101 tiesiskuma, valsts p\u0101rvaldes reformu un demokr\u0101tisko instit\u016bciju darb\u012bbu jom\u0101. Ukrainas puse apliecin\u0101ja ap\u0146em\u0161anos turpin\u0101t ies\u0101kto reformu progresu.<\/p>\n<p>Parlament\u0101rais sekret\u0101rs tik\u0101s ar Ukrainas \u0101rlietu ministra vietnieku Jevg\u0113niju Perebini (Yevhen Perebyinis), p\u0101rrun\u0101jot valstu divpus\u0113jo attiec\u012bbu aktualit\u0101tes, k\u0101 ar\u012b piedal\u012bj\u0101s ceremonij\u0101 kritu\u0161o ukrai\u0146u piemi\u0146ai \u013bvivas milit\u0101raj\u0101 kaps\u0113t\u0101.<\/p>\n<p>P\u0113c san\u0101ksmes Eiropas komis\u0101re papla\u0161in\u0101\u0161an\u0101s jaut\u0101jumos Marta Kosa (Marta Kos) un Ukrainas premjerministra vietnieks Eiropas un eiroatlantisk\u0101s integr\u0101cijas jaut\u0101jumos T. Ka\u010dka n\u0101ca klaj\u0101 ar kop\u012bgu pazi\u0146ojumu, pau\u017eot ap\u0146\u0113m\u012bbu sekm\u0113t Ukrainas eirointegr\u0101ciju, pa\u0101trinot reformu procesu. Puses prezent\u0113ja 10 punktu pl\u0101nu Ukrainai, kas tai veicams n\u0101kam\u0101 gada laik\u0101. Vair\u0101k skat\u012bt <a href=\"https:\/\/ec.europa.eu\/commission\/presscorner\/detail\/en\/statement_25_3030\" target=\"_blank\" rel=\"nofollow noopener\">\u0161eit<\/a>.<\/p>\n<p>          <img decoding=\"async\" src=\"https:\/\/www.europesays.com\/lv\/wp-content\/uploads\/2025\/12\/1765388232_965_logo-lv.png\" alt=\"\"\/><\/p>\n<p>                  \u0160\u012b inform\u0101cija ir publisks pazi\u0146ojums un neatspogu\u013co LV port\u0101la viedokli. Par t\u0101s saturu atbild ies\u016bt\u012bt\u0101js. <a data-popup=\"rules\">Public\u0113\u0161anas noteikumi<\/a><\/p>\n","protected":false},"excerpt":{"rendered":"\u0100rlietu ministrijas parlament\u0101rais sekret\u0101rs Artjoms Ur\u0161u\u013cskis 10. un 11. decembr\u012b piedal\u012bj\u0101s Eiropas Savien\u012bbas (ES) Eiropas lietu ministru neform\u0101laj\u0101&hellip;\n","protected":false},"author":2,"featured_media":72401,"comment_status":"","ping_status":"","sticky":false,"template":"","format":"standard","meta":{"footnotes":""},"categories":[14],"tags":[23,57,28,29,32,33,22,30,31,35,39,38,36,37,34,40,20,26,27,24,25,54,55,56,21,58],"class_list":{"0":"post-72400","1":"post","2":"type-post","3":"status-publish","4":"format-standard","5":"has-post-thumbnail","7":"category-zinas-no-arvalstim","8":"tag-aktualitates","9":"tag-arvalstim","10":"tag-breaking-news","11":"tag-breakingnews","12":"tag-featured-news","13":"tag-featurednews","14":"tag-headlines","15":"tag-latest-news","16":"tag-latestnews","17":"tag-latvia","18":"tag-latvian","19":"tag-latviesu","20":"tag-latviesu-valoda","21":"tag-latviesuvaloda","22":"tag-latvija","23":"tag-lv","24":"tag-news","25":"tag-popularakas-zinas","26":"tag-popularakaszinas","27":"tag-top-stories","28":"tag-topstories","29":"tag-world","30":"tag-world-news","31":"tag-worldnews","32":"tag-zinas","33":"tag-zinas-no-arvalstim"},"share_on_mastodon":{"url":"https:\/\/pubeurope.com\/@lv\/115706466683723537","error":""},"_links":{"self":[{"href":"https:\/\/www.europesays.com\/lv\/wp-json\/wp\/v2\/posts\/72400","targetHints":{"allow":["GET"]}}],"collection":[{"href":"https:\/\/www.europesays.com\/lv\/wp-json\/wp\/v2\/posts"}],"about":[{"href":"https:\/\/www.europesays.com\/lv\/wp-json\/wp\/v2\/types\/post"}],"author":[{"embeddable":true,"href":"https:\/\/www.europesays.com\/lv\/wp-json\/wp\/v2\/users\/2"}],"replies":[{"embeddable":true,"href":"https:\/\/www.europesays.com\/lv\/wp-json\/wp\/v2\/comments?post=72400"}],"version-history":[{"count":0,"href":"https:\/\/www.europesays.com\/lv\/wp-json\/wp\/v2\/posts\/72400\/revisions"}],"wp:featuredmedia":[{"embeddable":true,"href":"https:\/\/www.europesays.com\/lv\/wp-json\/wp\/v2\/media\/72401"}],"wp:attachment":[{"href":"https:\/\/www.europesays.com\/lv\/wp-json\/wp\/v2\/media?parent=72400"}],"wp:term":[{"taxonomy":"category","embeddable":true,"href":"https:\/\/www.europesays.com\/lv\/wp-json\/wp\/v2\/categories?post=72400"},{"taxonomy":"post_tag","embeddable":true,"href":"https:\/\/www.europesays.com\/lv\/wp-json\/wp\/v2\/tags?post=72400"}],"curies":[{"name":"wp","href":"https:\/\/api.w.org\/{rel}","templated":true}]}}