{"id":72402,"date":"2025-12-12T11:55:10","date_gmt":"2025-12-12T11:55:10","guid":{"rendered":"https:\/\/www.europesays.com\/lv\/72402\/"},"modified":"2025-12-12T11:55:10","modified_gmt":"2025-12-12T11:55:10","slug":"par-tiesneses-publisku-apsaukasanu-virietim-piespriez-divu-menesu-cietumsodu","status":"publish","type":"post","link":"https:\/\/www.europesays.com\/lv\/72402\/","title":{"rendered":"Par tiesneses publisku apsauk\u0101\u0161anu v\u012brietim piesprie\u017e divu m\u0113ne\u0161u cietumsodu"},"content":{"rendered":"<p>2022. gada 7. j\u016bnij\u0101 v\u012brietis Zemgales rajona <a href=\"https:\/\/www.tvnet.lv\/term\/556762\/tiesas\" class=\"topicLink\" target=\"_blank\" rel=\"nofollow noopener\">tiesas<\/a> z\u0101l\u0113 Tukum\u0101, izmantojot soci\u0101lo t\u012bklu &#8220;Facebook&#8221;, tie\u0161saist\u0113 p\u0101rraid\u012bja atkl\u0101tu tiesas s\u0113di administrat\u012bv\u0101 p\u0101rk\u0101puma liet\u0101.<\/p>\n<p>Naid\u012bgu mot\u012bvu vad\u012bts, v\u012brietis mutiski izplat\u012bja nepatiesu inform\u0101ciju par tiesnesi, nosaucot vi\u0146u par viltv\u0101rdi, kas darbojas uz viltota dokumenta pamata, un apgalvojot, ka vi\u0146a nav tiesnese un nevar neko lemt.<\/p>\n<p>Aps\u016bdz\u0113tais ar\u012b nor\u0101d\u012bjis, ka tiesnese ir noziedzniece. T\u0101d\u0113j\u0101di vi\u0146\u0161 izteicis apzin\u0101ti nepatiesus, apkaunojo\u0161us un \u012bsten\u012bbai neatbilsto\u0161us izdom\u0101jumus pret amatpersonu.<\/p>\n<p>Izskatot krimin\u0101llietu Zemgales rajona ties\u0101, tiesas s\u0113d\u0113s aps\u016bdz\u0113tais ignor\u0113ja un nepak\u013c\u0101v\u0101s tiesneses vair\u0101kk\u0101rt\u0113jiem aizr\u0101d\u012bjumiem iev\u0113rot klusumu, nerun\u0101t bez uzaicin\u0101juma un nesarun\u0101ties ar z\u0101l\u0113 eso\u0161ajiem klaus\u012bt\u0101jiem.<\/p>\n<p>B\u016bdams br\u012bdin\u0101ts par k\u0101rt\u012bbas iev\u0113ro\u0161anu tiesas s\u0113des laik\u0101, aps\u016bdz\u0113tais turpin\u0101ja trauc\u0113t lietas izties\u0101\u0161anu. Par \u0161\u0101du r\u012bc\u012bbu v\u012brietim piem\u0113rotas kopum\u0101 \u010detras procesu\u0101l\u0101s sankcijas &#8211; piespiedu nauda kopsumm\u0101 2200 eiro apm\u0113r\u0101, savuk\u0101rt par neiera\u0161anos uz tiesas s\u0113di bez attaisnojo\u0161a iemesla aps\u016bdz\u0113tajam piem\u0113rota piespiedu nauda 1000 eiro apm\u0113r\u0101.<\/p>\n<p>Zemgales apgabalties\u0101 aps\u016bdz\u0113tais nebija ieradies bez attaisnojo\u0161a iemesla un par saviem neiera\u0161an\u0101s iemesliem nebija inform\u0113jis tiesu, t\u0101p\u0113c tiesa l\u0113ma aps\u016bdz\u0113t\u0101 apel\u0101cijas s\u016bdz\u012bbu atst\u0101t bez izskat\u012b\u0161anas.<\/p>\n<p>\u0145emot v\u0113r\u0101, ka netika iesniegta kas\u0101cijas s\u016bdz\u012bba, decembr\u012b st\u0101jies sp\u0113k\u0101 Zemgales rajona tiesas 2024. gada apr\u012b\u013ca spriedums krimin\u0101lliet\u0101, ar kuru v\u012brietis atz\u012bts par vain\u012bgu par neslavas cel\u0161anu masu sazi\u0146as l\u012bdzekl\u012b un sod\u012bts ar br\u012bv\u012bbas at\u0146em\u0161anu uz diviem m\u0113ne\u0161iem.<\/p>\n","protected":false},"excerpt":{"rendered":"2022. gada 7. j\u016bnij\u0101 v\u012brietis Zemgales rajona tiesas z\u0101l\u0113 Tukum\u0101, izmantojot soci\u0101lo t\u012bklu &#8220;Facebook&#8221;, tie\u0161saist\u0113 p\u0101rraid\u012bja atkl\u0101tu tiesas&hellip;\n","protected":false},"author":2,"featured_media":72403,"comment_status":"","ping_status":"","sticky":false,"template":"","format":"standard","meta":{"footnotes":""},"categories":[12],"tags":[23,28,29,32,33,22,30,31,35,39,38,36,37,34,40,376,20,26,27,18411,18410,24,25,21],"class_list":{"0":"post-72402","1":"post","2":"type-post","3":"status-publish","4":"format-standard","5":"has-post-thumbnail","7":"category-latvija","8":"tag-aktualitates","9":"tag-breaking-news","10":"tag-breakingnews","11":"tag-featured-news","12":"tag-featurednews","13":"tag-headlines","14":"tag-latest-news","15":"tag-latestnews","16":"tag-latvia","17":"tag-latvian","18":"tag-latviesu","19":"tag-latviesu-valoda","20":"tag-latviesuvaloda","21":"tag-latvija","22":"tag-lv","23":"tag-neslavas-celsana","24":"tag-news","25":"tag-popularakas-zinas","26":"tag-popularakaszinas","27":"tag-tiesas","28":"tag-tiesas-spriedums","29":"tag-top-stories","30":"tag-topstories","31":"tag-zinas"},"share_on_mastodon":{"url":"https:\/\/pubeurope.com\/@lv\/115706470325083323","error":""},"_links":{"self":[{"href":"https:\/\/www.europesays.com\/lv\/wp-json\/wp\/v2\/posts\/72402","targetHints":{"allow":["GET"]}}],"collection":[{"href":"https:\/\/www.europesays.com\/lv\/wp-json\/wp\/v2\/posts"}],"about":[{"href":"https:\/\/www.europesays.com\/lv\/wp-json\/wp\/v2\/types\/post"}],"author":[{"embeddable":true,"href":"https:\/\/www.europesays.com\/lv\/wp-json\/wp\/v2\/users\/2"}],"replies":[{"embeddable":true,"href":"https:\/\/www.europesays.com\/lv\/wp-json\/wp\/v2\/comments?post=72402"}],"version-history":[{"count":0,"href":"https:\/\/www.europesays.com\/lv\/wp-json\/wp\/v2\/posts\/72402\/revisions"}],"wp:featuredmedia":[{"embeddable":true,"href":"https:\/\/www.europesays.com\/lv\/wp-json\/wp\/v2\/media\/72403"}],"wp:attachment":[{"href":"https:\/\/www.europesays.com\/lv\/wp-json\/wp\/v2\/media?parent=72402"}],"wp:term":[{"taxonomy":"category","embeddable":true,"href":"https:\/\/www.europesays.com\/lv\/wp-json\/wp\/v2\/categories?post=72402"},{"taxonomy":"post_tag","embeddable":true,"href":"https:\/\/www.europesays.com\/lv\/wp-json\/wp\/v2\/tags?post=72402"}],"curies":[{"name":"wp","href":"https:\/\/api.w.org\/{rel}","templated":true}]}}