{"id":72412,"date":"2025-12-12T12:02:11","date_gmt":"2025-12-12T12:02:11","guid":{"rendered":"https:\/\/www.europesays.com\/lv\/72412\/"},"modified":"2025-12-12T12:02:11","modified_gmt":"2025-12-12T12:02:11","slug":"ministru-prezidente-evika-silina-baltijas-valstis-ar-5-no-ikp-aizsardzibai-stiprina-nato","status":"publish","type":"post","link":"https:\/\/www.europesays.com\/lv\/72412\/","title":{"rendered":"Ministru prezidente Evika Sili\u0146a: Baltijas valstis ar 5% no IKP aizsardz\u012bbai stiprina NATO"},"content":{"rendered":"<p>Piektdien, 12. decembr\u012b, Latvijas Ministru prezidentes Evikas Sili\u0146as vad\u012bb\u0101 R\u012bg\u0101 notika Baltijas Ministru padomes premjerministru san\u0101ksme, kur\u0101 piedal\u012bj\u0101s Igaunijas premjerministrs Kristens Mihals un Lietuvas premjerministre Inga Ru\u0123iniene. San\u0101ksme nosl\u0113dza Latvijas prezident\u016bru Baltijas Ministru padom\u0113 2025. gad\u0101.<\/p>\n<p>Vald\u012bbu vad\u012bt\u0101ji apsprieda aktu\u0101los re\u0123ion\u0101l\u0101s dro\u0161\u012bbas jaut\u0101jumus, \u201cRail Baltica\u201d projekta ievie\u0161anas progresu, k\u0101 ar\u012b Baltijas valstu kop\u012bg\u0101s intereses sarun\u0101s par Eiropas Savien\u012bbas n\u0101kamo daudzgadu bud\u017eetu.<\/p>\n<p>\u201cBaltijas valst\u012bm 2025. gads bijis izaicino\u0161s, bet ar\u012b cie\u0161as sadarb\u012bbas gads. Pabeidz\u0101m atsl\u0113g\u0161anos no BRELL, stiprin\u0101j\u0101m m\u016bsu re\u0123iona dro\u0161\u012bbu un Eiropas Savien\u012bbas \u0101r\u0113jo robe\u017eu, pan\u0101c\u0101m progresu \u201cRail Baltica\u201d b\u016bvniec\u012bb\u0101 un cie\u0161i sadarboj\u0101mies, atbalstot Ukrainu,\u201d uzsv\u0113ra Ministru prezidente Evika Sili\u0146a.<\/p>\n<p><img decoding=\"async\" src=\"https:\/\/www.europesays.com\/lv\/wp-content\/uploads\/2025\/12\/76FA0U18I.JPEG\" alt=\"\"\/><\/p>\n<p>Premjerministri vienoti apstiprin\u0101ja kop\u012bgo m\u0113r\u0137i \u2013 2026. gad\u0101 aizsardz\u012bbai velt\u012bt 5% no IKP. \u201cLatvija jau s\u0101kusi pild\u012bt \u0161o v\u0113sturisko l\u0113mumu, ko Saeima pie\u0146\u0113ma pag\u0101ju\u0161aj\u0101 ned\u0113\u013c\u0101. M\u0113s, Baltijas valstis, ar \u0161iem m\u016bsu l\u0113mumiem par 5% padar\u0101m NATO stipr\u0101ku, jo \u0161ie l\u012bdzek\u013ci tiks izmantoti m\u016bsu nacion\u0101lo, k\u0101 ar\u012b NATO aizsardz\u012bbas sp\u0113ju stiprin\u0101\u0161anai,\u201d sac\u012bja E. Sili\u0146a. Baltijas valstu vald\u012bbu vad\u012bt\u0101ji ar\u012b apliecin\u0101ja cie\u0161u sadarb\u012bbu \u0101r\u0113j\u0101s robe\u017eas dro\u0161\u012bbas un hibr\u012bdapdraud\u0113jumu nov\u0113r\u0161an\u0101. \u201cM\u0113s turpin\u0101sim pretoties neleg\u0101l\u0101s migr\u0101cijas spiedienam uz robe\u017eas ar Baltkrieviju. \u0160\u0101di uzbrukumi, tostarp balonu incidenti Lietuv\u0101 un Latvij\u0101, ir b\u012bstami un nepie\u0146emami,\u201d nor\u0101d\u012bja Latvijas Ministru prezidente.<\/p>\n<p>Run\u0101jot par \u201cRail Baltica\u201d finans\u0113juma nodro\u0161in\u0101\u0161anu un projekta turpm\u0101ko ievie\u0161anu, E. Sili\u0146a uzsv\u0113ra: \u201cFinans\u0113jums \u201cRail Baltica\u201d ir m\u016bsu kop\u012bg\u0101 priorit\u0101te. M\u0113r\u0137is ir pan\u0101kt maksim\u0101lu atbalstu \u0161im projektam n\u0101kamaj\u0101 Eiropas Savien\u012bbas bud\u017eet\u0101\u201d. \u201cRail Baltica\u201d \u012bsteno\u0161ana bija viena no galvenaj\u0101m Latvijas priorit\u0101t\u0113m Baltijas Ministru padom\u0113 2025. gad\u0101. Run\u0101jot par r\u012bc\u012bbu 2026. gad\u0101, E. Sili\u0146a uzsv\u0113ra, ka \u201cnaudas b\u016bvniec\u012bbai \u0161obr\u012bd pietiek, atliek tikai b\u016bv\u0113t, b\u016bv\u0113t un b\u016bv\u0113t\u201d.<\/p>\n<p><img decoding=\"async\" src=\"https:\/\/www.europesays.com\/lv\/wp-content\/uploads\/2025\/12\/76FA0U18Q.JPEG\" alt=\"\"\/><\/p>\n<p>Vald\u012bbu vad\u012bt\u0101ji pauda atbalstu Eiropas Komisijas pied\u0101v\u0101jumam dro\u0161\u012bbas un aizsardz\u012bbas stiprin\u0101\u0161anai, vienlaikus nor\u0101dot uz nepiecie\u0161am\u012bbu Eiropas Savien\u012bbas l\u012bmen\u012b atz\u012bt ekonomiskos izaicin\u0101jumus, ar kuriem saskaras austrumu pierobe\u017ea. Premjerministri bija vienispr\u0101tis, ka Eiropas Savien\u012bbas bud\u017eetam j\u0101stiprina konkur\u0113tsp\u0113ja un j\u0101nodro\u0161ina god\u012bgi konkursa apst\u0101k\u013ci lauksaimniec\u012bb\u0101.<\/p>\n<p><img decoding=\"async\" src=\"https:\/\/www.europesays.com\/lv\/wp-content\/uploads\/2025\/12\/76FA0U1A1.JPEG\" alt=\"\"\/><\/p>\n<p>E. Sili\u0146a pauda pateic\u012bbu Lietuvai un Igaunijai par atbalstu Latvijas gatavo\u0161an\u0101s procesam darbam ANO Dro\u0161\u012bbas padom\u0113: \u201cAizst\u0101v\u0113sim ne tikai Latvijas, bet ar\u012b Baltijas un visas Eiropas intereses. M\u0113s uz\u0146emamies \u0161o uzdevumu ar pilnu atbild\u012bbu.\u201d<\/p>\n<p><img decoding=\"async\" src=\"https:\/\/www.europesays.com\/lv\/wp-content\/uploads\/2025\/12\/76FA0U1A9.JPEG\" alt=\"\"\/><\/p>\n<p>San\u0101ksmes nosl\u0113gum\u0101 Latvijas premjerministre pateic\u0101s kol\u0113\u0123iem par cie\u0161o sadarb\u012bbu un nov\u0113l\u0113ja Igaunijai veiksm\u012bgu prezident\u016bru 2026. gad\u0101.<\/p>\n<p>          <img decoding=\"async\" src=\"https:\/\/www.europesays.com\/lv\/wp-content\/uploads\/2025\/12\/1765388232_965_logo-lv.png\" alt=\"\"\/><\/p>\n<p>                  \u0160\u012b inform\u0101cija ir publisks pazi\u0146ojums un neatspogu\u013co LV port\u0101la viedokli. Par t\u0101s saturu atbild ies\u016bt\u012bt\u0101js. <a data-popup=\"rules\">Public\u0113\u0161anas noteikumi<\/a><\/p>\n","protected":false},"excerpt":{"rendered":"Piektdien, 12. decembr\u012b, Latvijas Ministru prezidentes Evikas Sili\u0146as vad\u012bb\u0101 R\u012bg\u0101 notika Baltijas Ministru padomes premjerministru san\u0101ksme, kur\u0101 piedal\u012bj\u0101s&hellip;\n","protected":false},"author":2,"featured_media":72413,"comment_status":"","ping_status":"","sticky":false,"template":"","format":"standard","meta":{"footnotes":""},"categories":[5],"tags":[23,28,29,32,33,22,30,31,35,39,38,36,37,34,40,20,26,27,24,25,21],"class_list":{"0":"post-72412","1":"post","2":"type-post","3":"status-publish","4":"format-standard","5":"has-post-thumbnail","7":"category-aktualitates","8":"tag-aktualitates","9":"tag-breaking-news","10":"tag-breakingnews","11":"tag-featured-news","12":"tag-featurednews","13":"tag-headlines","14":"tag-latest-news","15":"tag-latestnews","16":"tag-latvia","17":"tag-latvian","18":"tag-latviesu","19":"tag-latviesu-valoda","20":"tag-latviesuvaloda","21":"tag-latvija","22":"tag-lv","23":"tag-news","24":"tag-popularakas-zinas","25":"tag-popularakaszinas","26":"tag-top-stories","27":"tag-topstories","28":"tag-zinas"},"share_on_mastodon":{"url":"https:\/\/pubeurope.com\/@lv\/115706497984646044","error":""},"_links":{"self":[{"href":"https:\/\/www.europesays.com\/lv\/wp-json\/wp\/v2\/posts\/72412","targetHints":{"allow":["GET"]}}],"collection":[{"href":"https:\/\/www.europesays.com\/lv\/wp-json\/wp\/v2\/posts"}],"about":[{"href":"https:\/\/www.europesays.com\/lv\/wp-json\/wp\/v2\/types\/post"}],"author":[{"embeddable":true,"href":"https:\/\/www.europesays.com\/lv\/wp-json\/wp\/v2\/users\/2"}],"replies":[{"embeddable":true,"href":"https:\/\/www.europesays.com\/lv\/wp-json\/wp\/v2\/comments?post=72412"}],"version-history":[{"count":0,"href":"https:\/\/www.europesays.com\/lv\/wp-json\/wp\/v2\/posts\/72412\/revisions"}],"wp:featuredmedia":[{"embeddable":true,"href":"https:\/\/www.europesays.com\/lv\/wp-json\/wp\/v2\/media\/72413"}],"wp:attachment":[{"href":"https:\/\/www.europesays.com\/lv\/wp-json\/wp\/v2\/media?parent=72412"}],"wp:term":[{"taxonomy":"category","embeddable":true,"href":"https:\/\/www.europesays.com\/lv\/wp-json\/wp\/v2\/categories?post=72412"},{"taxonomy":"post_tag","embeddable":true,"href":"https:\/\/www.europesays.com\/lv\/wp-json\/wp\/v2\/tags?post=72412"}],"curies":[{"name":"wp","href":"https:\/\/api.w.org\/{rel}","templated":true}]}}