{"id":72416,"date":"2025-12-12T12:05:08","date_gmt":"2025-12-12T12:05:08","guid":{"rendered":"https:\/\/www.europesays.com\/lv\/72416\/"},"modified":"2025-12-12T12:05:08","modified_gmt":"2025-12-12T12:05:08","slug":"reaton-trends-talks-skats-uz-ritdienas-arhitekturu-un-dizainu-dienas-bizness","status":"publish","type":"post","link":"https:\/\/www.europesays.com\/lv\/72416\/","title":{"rendered":"Reaton Trends &#038; Talks: Skats uz r\u012btdienas arhitekt\u016bru un dizainu :: Dienas Bizness"},"content":{"rendered":"<p class=\"text-font font-size--text-xlarge margin-3--bottom font-weight--bold padding-1--top\">Reaton Arhitekt\u016bras un celtniec\u012bbas centrs atkl\u0101j jaunu profesion\u0101lu trad\u012bciju \u2013 Trends &amp; Talks, platformu, kuras m\u0113r\u0137is ir savienot da\u017e\u0101das dom\u0101\u0161anas skolas, starptautisku perspekt\u012bvu un Latvijas dizaina profesion\u0101\u013cu pieredzi.<\/p>\n<p class=\"text-font font-size--text-xlarge margin-3--bottom\">Svar\u012bgi uzsv\u0113rt \u2013 Trends &amp; Talks nav produktu prezent\u0101cija vai komerci\u0101ls semin\u0101rs.<\/p>\n<p class=\"text-font font-size--text-xlarge margin-3--bottom\">T\u0101 ir diskusiju un ideju telpa, kur arhitekti, dizaineri un b\u016bvniec\u012bbas profesion\u0101\u013ci analiz\u0113 to, kas patiesi defin\u0113 r\u012btdienas arhitekt\u016bru: dom\u0101\u0161anas sist\u0113mas, materi\u0101lu kult\u016bru, telpisk\u0101s pieredzes uzb\u016bvi un jaunas interpret\u0101cijas.<\/p>\n<p class=\"text-font font-size--text-xlarge margin-3--bottom\">Tie\u0161i \u0161\u012b kombin\u0101cija \u2013 augstv\u0113rt\u012bgs saturs + t\u012bklo\u0161an\u0101s form\u0101ts \u2013 padara Trends &amp; Talks par iniciat\u012bvu, kas izce\u013cas Latvijas nozares vid\u0113.<\/p>\n<p class=\"text-font font-size--text-xlarge margin-3--bottom\">Profesion\u0101la platforma, nevis p\u0101rdo\u0161anas notikums<\/p>\n<p class=\"text-font font-size--text-xlarge margin-3--bottom\">Reaton Celtniec\u012bbas materi\u0101lu un interjera departamenta direktors Dmitrijs Bugajevs skaidro:<\/p>\n<p class=\"text-font font-size--text-xlarge margin-3--bottom\">\u201cTrends &amp; Talks veidojam k\u0101 profesion\u0101lu tik\u0161an\u0101s vietu \u2013 sarun\u0101m, pieredzes apmai\u0146ai un skat\u012bjuma papla\u0161in\u0101\u0161anai neform\u0101l\u0101, bet saturiski sp\u0113c\u012bg\u0101 gaisotn\u0113. Apzin\u0101ti rad\u0101m vidi, kur arhitekt\u016bra un dizains tiek apspriesti p\u0113c b\u016bt\u012bbas \u2013 idej\u0101s, risin\u0101jumos un praks\u0113s, kas maina ieradumus, uztveri un ieteikm\u0113 nozari kopum\u0101. Esmu p\u0101rliecin\u0101ts, ka form\u0101ts k\u013c\u016bs par ikgad\u0113ju trad\u012bciju, kas vieno profesion\u0101\u013cus, stiprina industrijas dialogu un ce\u013c kop\u0113jo kvalit\u0101tes lati\u0146u.\u201d<\/p>\n<p class=\"text-font font-size--text-xlarge margin-3--bottom\">Starptautisku un Latvijas ekspertu perspekt\u012bvas<\/p>\n<p class=\"text-font font-size--text-xlarge margin-3--bottom\">\u0160ogad uz vienas skatuves satik\u0101s divas sp\u0113c\u012bgas skolas \u2013 N\u012bderlandes arhitektu birojs Beyond Space un Latvijas dizaina studija H2E.<\/p>\n<p class=\"text-font font-size--text-xlarge margin-3--bottom\">\u0160\u012b sadarb\u012bba rad\u012bja dinamiku starp konceptu\u0101lu dom\u0101\u0161anu, materi\u0101lu kult\u016bru un dizaina funkcionalit\u0101ti.<\/p>\n<p class=\"text-font font-size--text-xlarge margin-3--bottom\">H2E: Navig\u0101cija k\u0101 dizaina valoda<\/p>\n<p class=\"text-font font-size--text-xlarge margin-3--bottom\">H2E dizaina biroja l\u012bdzdibin\u0101t\u0101ji, Latvijas M\u0101kslas akad\u0113mijas profesori Holgers Elers un Ing\u016bna Elere prezent\u0113ja t\u0113mu \u201cNavig\u0101cija un trendi\u201d, izce\u013cot telpu k\u0101 komunik\u0101cijas platformu.<\/p>\n<p class=\"text-font font-size--text-xlarge margin-3--bottom\">Galvenie akcenti:<\/p>\n<p class=\"text-font font-size--text-xlarge margin-3--bottom\">\u2022 Navig\u0101cija defin\u0113 cilv\u0113ka mijiedarb\u012bbu ar telpu \u2013 k\u0101 orient\u0113jamies, k\u0101 j\u016btamies, k\u0101 uztveram vidi.<\/p>\n<p class=\"text-font font-size--text-xlarge margin-3--bottom\">\u2022 Dizaina uzdevums ir padar\u012bt inform\u0101ciju redzamu, intuit\u012bvu un viegli lietojamu.<\/p>\n<p class=\"text-font font-size--text-xlarge margin-3--bottom\">\u2022 Funkcion\u0101l\u0101 un interpretat\u012bv\u0101 navig\u0101cija ir telpisk\u0101s pieejam\u012bbas un iek\u013caujo\u0161as vides pamats.<\/p>\n<p class=\"text-font font-size--text-xlarge margin-3--bottom\">\u2022 Dizainam j\u0101b\u016bt j\u0113gpilnam \u2013 nevis sekot tendenc\u0113m, bet rad\u012bt t\u0101s.<\/p>\n<p class=\"text-font font-size--text-xlarge margin-3--bottom\">H2E iez\u012bm\u0113ja b\u016btisku principu: telpa nav dekor\u0101cija \u2013 t\u0101 ir cilv\u0113ka pieredzes strukt\u016bra, kurai loma nav rad\u012bt fona est\u0113tiku, bet veidot orientierus, kas ietekm\u0113 dom\u0101\u0161anu, uztveri un uzved\u012bbu.<\/p>\n<p class=\"text-font font-size--text-xlarge margin-3--bottom\">Beyond Space: Materi\u0101lu kult\u016bras interpret\u0101cija<\/p>\n<p class=\"text-font font-size--text-xlarge margin-3--bottom\">Arhitekts Remi Versteeg, biroja Beyond Space l\u012bdzdibin\u0101t\u0101js, prezent\u0101cij\u0101 \u201cMaterial Cancel Culture\u201d run\u0101ja par materi\u0101lu izmanto\u0161anu arhitekt\u016br\u0101 un industrij\u0101 iesak\u0146oju\u0161os aizspriedumiem.<\/p>\n<p class=\"text-font font-size--text-xlarge margin-3--bottom\">Galven\u0101s atzi\u0146as:<\/p>\n<p class=\"text-font font-size--text-xlarge margin-3--bottom\">\u2022 Materi\u0101li nav probl\u0113mu risin\u0101t\u0101ji, bet identit\u0101tes nes\u0113ji \u2013 tie veido telpas st\u0101stu.<\/p>\n<p class=\"text-font font-size--text-xlarge margin-3--bottom\">\u2022 Aizspriedumi par \u201cpareiziem\u201d un \u201cnepareiziem\u201d materi\u0101liem ir nepamatoti \u2013 skaistums sl\u0113pjas interpret\u0101cij\u0101, nevis materi\u0101la ciltsrakstos.<\/p>\n<p class=\"text-font font-size--text-xlarge margin-3--bottom\">\u2022 Netradicion\u0101ls materi\u0101la pielietojums var rad\u012bt jaunu kvalit\u0101ti un papla\u0161in\u0101t nozares dom\u0101\u0161anu.<\/p>\n<p class=\"text-font font-size--text-xlarge margin-3--bottom\">\u2022 Dizaineru uzdevums nav izv\u0113l\u0113ties \u201cskaistas lietas\u201d, bet atkl\u0101t skaistumu tur, kur to neredz citi.<\/p>\n<p class=\"text-font font-size--text-xlarge margin-3--bottom\">Remi pozicion\u0113ja materi\u0101lu k\u0101 instrumentu, ar kura pal\u012bdz\u012bbu var main\u012bt priek\u0161status un rad\u012bt jaunu est\u0113tisku k\u0101rt\u012bbu.<\/p>\n<p class=\"text-font font-size--text-xlarge margin-3--bottom\">Iedvesmas telpas, nevis produktu prezent\u0101cijas<\/p>\n<p class=\"text-font font-size--text-xlarge margin-3--bottom\">Pas\u0101kum\u0101 piedal\u012bj\u0101s ar\u012b starptautiski ra\u017eot\u0101ji \u2013 It\u0101lija: Ceramiche Refin, Imola Ceramica, Ceramica del Conca, V\u0101cija: Eternit, Hansgrohe, AXOR, Zehnder, Polija: New Trendy, Sp\u0101nija: Stacbond, TRES, N\u012bderlande: Forbo Flooring, un citi partneri.<\/p>\n<p class=\"text-font font-size--text-xlarge margin-3--bottom\">Tom\u0113r b\u016btiski:<\/p>\n<p class=\"text-font font-size--text-xlarge margin-3--bottom\">Ra\u017eot\u0101ju zonas netika veidotas k\u0101 komerci\u0101las produktu prezent\u0101cijas.<\/p>\n<p class=\"text-font font-size--text-xlarge margin-3--bottom\">T\u0101s bija izp\u0113tes un iedvesmas telpas, kur viesi var\u0113ja:<\/p>\n<p class=\"text-font font-size--text-xlarge margin-3--bottom\">\u2022 taktili iepaz\u012bt fakt\u016bras,<\/p>\n<p class=\"text-font font-size--text-xlarge margin-3--bottom\">\u2022 apskat\u012bt materi\u0101lu nianses,<\/p>\n<p class=\"text-font font-size--text-xlarge margin-3--bottom\">\u2022 saprast tehnolo\u0123isk\u0101s iesp\u0113jas,<\/p>\n<p class=\"text-font font-size--text-xlarge margin-3--bottom\">\u2022 sajust, k\u0101 materi\u0101li str\u0101d\u0101 re\u0101l\u0101 kontekst\u0101.<\/p>\n<p class=\"text-font font-size--text-xlarge margin-3--bottom\">M\u0113r\u0137is \u2013 dot profesion\u0101\u013ciem br\u012bvu un neuzb\u0101z\u012bgu vidi materi\u0101lu izzin\u0101\u0161anai.<\/p>\n<p class=\"text-font font-size--text-xlarge margin-3--bottom\">Reaton \u2013 profesion\u0101la platforma, kas aug l\u012bdz ar nozari<\/p>\n<p class=\"text-font font-size--text-xlarge margin-3--bottom\">Reaton turpina stiprin\u0101t savu lomu k\u0101 uzticams partneris arhitektiem, dizaineriem un b\u016bvniec\u012bbas profesion\u0101\u013ciem. Uz\u0146\u0113mums invest\u0113 izgl\u012btojo\u0161as platformas att\u012bst\u012bb\u0101 un zin\u0101\u0161anu aprites veicin\u0101\u0161an\u0101.<\/p>\n<p class=\"text-font font-size--text-xlarge margin-3--bottom\">Galvenie virzieni:<\/p>\n<p class=\"text-font font-size--text-xlarge margin-3--bottom\">\u2022 specializ\u0113ta apdares materi\u0101lu ekspoz\u012bcija,<\/p>\n<p class=\"text-font font-size--text-xlarge margin-3--bottom\">\u2022 profesion\u0101li speci\u0101listi un saturiski sp\u0113c\u012bgi pas\u0101kumi,<\/p>\n<p class=\"text-font font-size--text-xlarge margin-3--bottom\">Digit\u0101l\u0101 pieejam\u012bba \u2013 jauns posms Reaton att\u012bst\u012bb\u0101<\/p>\n<p class=\"text-font font-size--text-xlarge margin-3--bottom\">Noz\u012bm\u012bgs jaunums \u2013 Reaton papla\u0161ina pieejam\u012bbu digit\u0101laj\u0101 vid\u0113, lai b\u016bt v\u0113l tuv\u0101k klientiem un sadarb\u012bbas partneriem, prezent\u0113jot jauno <a href=\"https:\/\/interior.reaton.lv\/lv\/\" title=\"\" target=\"_blank\" rel=\"nofollow noopener\">m\u0101jaslapu<\/a> un <a href=\"https:\/\/reatonapdare.lv\/\" title=\"\" target=\"_blank\" rel=\"nofollow noopener\">apdares materi\u0101lu internera veikalu<\/a>, kas \u013cauj \u0113rti iepaz\u012bt produktus, sal\u012bdzin\u0101t risin\u0101jumus un pie\u0146emt inform\u0113tus l\u0113mumus jebkur\u0101 laik\u0101 un viet\u0101.<\/p>\n<p class=\"text-font font-size--text-xlarge margin-3--bottom\">Digit\u0101l\u0101 vide k\u013c\u016bst par b\u016btisku da\u013cu no Reaton pakalpojumu ekosist\u0113mas, nodro\u0161inot nep\u0101rtrauktu piek\u013cuvi inform\u0101cijai un atvieglojot darbu arhitektiem, dizaineriem un b\u016bvniec\u012bbas profesion\u0101\u013ciem.<\/p>\n<p class=\"text-font font-size--text-xlarge margin-3--bottom\">Reaton t\u0101d\u0113j\u0101di nostiprina sevi k\u0101 atv\u0113rtu, pieejamu un uz zin\u0101\u0161an\u0101m balst\u012btu nozares platformu, kas aug l\u012bdzi profesion\u0101\u013ciem un to vajadz\u012bb\u0101m.<\/p>\n<p class=\"text-font font-size--text-xlarge margin-3--bottom\">Reaton Arhitekt\u016bras un celtniec\u012bbas centrs<\/p>\n<p class=\"text-font font-size--text-xlarge margin-3--bottom\">M\u0101jaslapa: <a href=\"https:\/\/interior.reaton.lv\/lv\/\" title=\"\" target=\"_blank\" rel=\"nofollow noopener\">interior.reaton.lv<\/a><\/p>\n<p class=\"text-font font-size--text-xlarge margin-3--bottom\">Apdares materi\u0101lu internera veikals: <a href=\"https:\/\/reatonapdare.lv\/\" title=\"\" target=\"_blank\" rel=\"nofollow noopener\">reatonapdare.lv<\/a><\/p>\n<p class=\"text-font font-size--text-xlarge margin-3--bottom\">\u010ciekurkalna 2. l\u012bnija 74, R\u012bga<\/p>\n<p>Skat\u012bties p\u0101r\u0113jos att\u0113lus<\/p>\n","protected":false},"excerpt":{"rendered":"Reaton Arhitekt\u016bras un celtniec\u012bbas centrs atkl\u0101j jaunu profesion\u0101lu trad\u012bciju \u2013 Trends &amp; Talks, platformu, kuras m\u0113r\u0137is ir savienot&hellip;\n","protected":false},"author":2,"featured_media":72417,"comment_status":"","ping_status":"","sticky":false,"template":"","format":"standard","meta":{"footnotes":""},"categories":[16],"tags":[869,77,870,76,867,35,39,38,36,37,34,871,868,40,21],"class_list":{"0":"post-72416","1":"post","2":"type-post","3":"status-publish","4":"format-standard","5":"has-post-thumbnail","7":"category-bizness","8":"tag-biznesa-zinas","9":"tag-bizness","10":"tag-bizness-latvija","11":"tag-business","12":"tag-dienas-zinas","13":"tag-latvia","14":"tag-latvian","15":"tag-latviesu","16":"tag-latviesu-valoda","17":"tag-latviesuvaloda","18":"tag-latvija","19":"tag-latvijas-biznesa-zinas","20":"tag-latvijas-zinas","21":"tag-lv","22":"tag-zinas"},"share_on_mastodon":{"url":"https:\/\/pubeurope.com\/@lv\/115706509937634449","error":""},"_links":{"self":[{"href":"https:\/\/www.europesays.com\/lv\/wp-json\/wp\/v2\/posts\/72416","targetHints":{"allow":["GET"]}}],"collection":[{"href":"https:\/\/www.europesays.com\/lv\/wp-json\/wp\/v2\/posts"}],"about":[{"href":"https:\/\/www.europesays.com\/lv\/wp-json\/wp\/v2\/types\/post"}],"author":[{"embeddable":true,"href":"https:\/\/www.europesays.com\/lv\/wp-json\/wp\/v2\/users\/2"}],"replies":[{"embeddable":true,"href":"https:\/\/www.europesays.com\/lv\/wp-json\/wp\/v2\/comments?post=72416"}],"version-history":[{"count":0,"href":"https:\/\/www.europesays.com\/lv\/wp-json\/wp\/v2\/posts\/72416\/revisions"}],"wp:featuredmedia":[{"embeddable":true,"href":"https:\/\/www.europesays.com\/lv\/wp-json\/wp\/v2\/media\/72417"}],"wp:attachment":[{"href":"https:\/\/www.europesays.com\/lv\/wp-json\/wp\/v2\/media?parent=72416"}],"wp:term":[{"taxonomy":"category","embeddable":true,"href":"https:\/\/www.europesays.com\/lv\/wp-json\/wp\/v2\/categories?post=72416"},{"taxonomy":"post_tag","embeddable":true,"href":"https:\/\/www.europesays.com\/lv\/wp-json\/wp\/v2\/tags?post=72416"}],"curies":[{"name":"wp","href":"https:\/\/api.w.org\/{rel}","templated":true}]}}