{"id":72420,"date":"2025-12-12T12:07:08","date_gmt":"2025-12-12T12:07:08","guid":{"rendered":"https:\/\/www.europesays.com\/lv\/72420\/"},"modified":"2025-12-12T12:07:08","modified_gmt":"2025-12-12T12:07:08","slug":"saeima-norisinas-baltijas-asamblejas-konference-veseliba-ka-ieguldijums-baltijas-drosiba-un-nakotne","status":"publish","type":"post","link":"https:\/\/www.europesays.com\/lv\/72420\/","title":{"rendered":"Saeim\u0101 norisin\u0101s Baltijas Asamblejas konference \u201cVesel\u012bba k\u0101 ieguld\u012bjums Baltijas dro\u0161\u012bb\u0101 un n\u0101kotn\u0113\u201d"},"content":{"rendered":"<p>\t\t\t(12.12.2025.)\n\t\t<\/p>\n<p>Lai stiprin\u0101tu Baltijas valstu sadarb\u012bbu vesel\u012bbas politikas un datu p\u0101rvald\u012bbas jom\u0101 un veidotu kop\u012bgu skat\u012bjumu uz vesel\u012bbu k\u0101 strat\u0113\u0123isku invest\u012bciju sabiedr\u012bbas labkl\u0101j\u012bb\u0101, piektdien, 12.decembr\u012b, Saeim\u0101 norisin\u0101j\u0101s Baltijas Asamblejas (BA) konference \u201cVesel\u012bba k\u0101 ieguld\u012bjums Baltijas dro\u0161\u012bb\u0101 un n\u0101kotn\u0113\u201d.<\/p>\n<p>Konferenci atkl\u0101ja Saeimas priek\u0161s\u0113d\u0113t\u0101ja Daiga Mieri\u0146a un Baltijas Asamblejas prezidents, Latvijas deleg\u0101cijas vad\u012bt\u0101js J\u0101nis Vuc\u0101ns. Pas\u0101kuma atkl\u0101\u0161anu vad\u012bja Saeimas priek\u0161s\u0113d\u0113t\u0101jas biedre un BA Vesel\u012bbas, labkl\u0101j\u012bbas un \u0123imenes lietu komitejas priek\u0161s\u0113d\u0113t\u0101ja Anto\u0146ina \u0145ena\u0161eva, savuk\u0101rt \u201cWifOR\u201d instit\u016bta Vesel\u012bbas ekonomikas noda\u013cas vad\u012bt\u0101ja Malina Millere (Malina M\u00fcller) prezent\u0113ja Baltijas valstu datus un piem\u0113rus par vesel\u012bbas apr\u016bpes ietekmi uz demogr\u0101fiju un nacion\u0101lo dro\u0161\u012bbu Baltijas valst\u012bs.<\/p>\n<p>Pirm\u0101 pane\u013cdiskusija bija velt\u012bta vesel\u012bbas soci\u0101lajai un ekonomiskajai v\u0113rt\u012bbai. Eksperti sprieda par slim\u012bbu sloga ietekmi uz ekonomiku un nodarbin\u0101t\u012bbu Baltijas valst\u012bs, vesel\u012bbas apr\u016bpes sabiedrisk\u0101s v\u0113rt\u012bbas m\u0113r\u012b\u0161anu un t\u0101s izmanto\u0161anu politikas veido\u0161an\u0101. T\u0101pat tika skat\u012bta vesel\u012bba k\u0101 dro\u0161\u012bbas faktors starptautisk\u0101 perspekt\u012bv\u0101, tostarp NATO un Eiropas Savien\u012bbas pieeja vesel\u012bbas dro\u0161\u012bbas jaut\u0101jumiem.<\/p>\n<p>Diskusij\u0101 piedal\u012bj\u0101s Saeimas priek\u0161s\u0113d\u0113t\u0101jas biedre, BA Vesel\u012bbas, labkl\u0101j\u012bbas un \u0123imenes lietu komitejas priek\u0161s\u0113d\u0113t\u0101ja Anto\u0146ina \u0145ena\u0161eva, komitejas priek\u0161s\u0113d\u0113t\u0101jas vietniece Irja Lutsara (Irja Lutsar) un priek\u0161s\u0113d\u0113t\u0101jas vietnieks Sau\u013cus \u010caplinskas (Saulius \u010caplinskas), ties\u012bbsardze Karina Palkova, \u201cWifOR\u201d instit\u016bta Vesel\u012bbas ekonomikas noda\u013cas vad\u012bt\u0101ja Malina Millere (Malina M\u00fcller), Igaunijas Vesel\u012bbas apdro\u0161in\u0101\u0161anas fonda pagaidu izpilddirektors Karls Henriks Petersons (Karl-Henrik Peterson) un Latvijas Bankas galvenais ekonomists O\u013cegs Krasnopjorovs.<\/p>\n<p>Otr\u0101 pane\u013cdiskusija bija velt\u012bta soci\u0101li atbild\u012bgas vesel\u012bbas politikas veido\u0161anai. Dal\u012bbnieki diskut\u0113ja par datu izmanto\u0161anu politikas instrumentu izstr\u0101d\u0113, Baltijas valstu sadarb\u012bbas stiprin\u0101\u0161anu un datu p\u0101rvald\u012bbu. T\u0101pat tika apspriesti jaut\u0101jumi par sabiedrisk\u0101s v\u0113rt\u012bbas principu integr\u0113\u0161anu l\u0113mumos par bud\u017eetu un cen\u0101m, k\u0101 ar\u012b \u0161\u0137\u0113r\u0161\u013ci inovat\u012bvu risin\u0101jumu ievie\u0161anai. Diskusijas laik\u0101 tika apl\u016bkotas ar\u012b da\u017e\u0101das finan\u0161u pieejas Baltijas valst\u012bs un vesel\u012bbas jaut\u0101jumi, kas saist\u012bti ar demogr\u0101fiju un vesel\u012bbu k\u0101 strat\u0113\u0123isku invest\u012bciju valsts dro\u0161\u012bb\u0101.<\/p>\n<p>\u0160aj\u0101 diskusij\u0101 piedal\u012bj\u0101s vesel\u012bbas ministrs Hosams Abu Meri, Igaunijas soci\u0101lo lietu ministre Karmena Jollere (Karmen Joller), Lietuvas vesel\u012bbas ministre Marija Jakubauskiene (Marija Jakubauskien\u0117), Maija \u0100boli\u0146a no Valsts kontroles un Latvijas Reto slim\u012bbu alianses valdes priek\u0161s\u0113d\u0113t\u0101js Juris Beikmanis.<\/p>\n<p>P\u0113c diskusij\u0101m konferences dal\u012bbnieki sniedza priek\u0161likumus politisk\u0101s ce\u013ca kartes izstr\u0101dei, kas veicin\u0101s uz pier\u0101d\u012bjumiem balst\u012btu l\u0113mumu par vesel\u012bbas apr\u016bpes jomu pie\u0146em\u0161anu n\u0101kotn\u0113.<\/p>\n<p>Konferences ietvaros pulksten 12.00 Baltijas ce\u013ca z\u0101l\u0113 Baltijas valstu vesel\u012bbas ministri parakst\u012bja sapra\u0161an\u0101s memorandu starp Latvijas, Igaunijas un Lietuvas vesel\u012bbas jomas ministrij\u0101m par savstarp\u0113jo sadarb\u012bbu asins komponentu un tehnisko rezervju apmai\u0146\u0101 un nodro\u0161in\u0101\u0161an\u0101 \u0101rk\u0101rtas kr\u012bzes situ\u0101cij\u0101s.<\/p>\n<p>T\u0101pat pas\u0101kum\u0101 nosl\u0113gum\u0101 diplom\u0101tei un rakstniecei Annai \u017d\u012bgurei tika pasniegta BA meda\u013ca par nopelniem, integr\u0113jot Latviju Baltijas j\u016bras tautu kopien\u0101, un par izcilu devumu Baltijas valstu kult\u016bras sadarb\u012bbas veicin\u0101\u0161an\u0101 un kop\u012bgo v\u0113rt\u012bbu populariz\u0113\u0161an\u0101.<\/p>\n<p><a href=\"https:\/\/www.saeima.lv\/lv\/aktualitates\/saeimas-zinas\/35356-veseliba-ieguldijums-regiona-noturiba-un-butisks-drosibas-balsts-baltijas-asamblejas-konference-uzsver-parlamentariesi\" target=\"_blank\" rel=\"nofollow noopener\">Vesel\u012bba \u2013 ieguld\u012bjums re\u0123iona notur\u012bb\u0101 un b\u016btisks dro\u0161\u012bbas balsts, Baltijas Asamblejas konferenc\u0113 uzsver parlament\u0101rie\u0161i<\/a><\/p>\n<p>Konferences materi\u0101li:<\/p>\n<p>Programma <a class=\"name pdf\" href=\"https:\/\/www.saeima.lv\/documents\/07363c0a1cbed099c3b0a838cfc8251222d6694e\" target=\"_blank\" rel=\"nofollow noopener\">LV<\/a>, <a class=\"name pdf\" href=\"https:\/\/www.saeima.lv\/documents\/f1fb8287fcf9821016a0de3805cc284f419398e6\" target=\"_blank\" rel=\"nofollow noopener\">EN<\/a><\/p>\n<p>\u201cWifOR\u201d instit\u016bta <a class=\"name pdf\" href=\"https:\/\/www.saeima.lv\/documents\/7456ef7dd50d35174a569c29ea37412fd3e661b2\" rel=\"nofollow noopener\" target=\"_blank\">prezent\u0101cija<\/a><\/p>\n<p>Konferences videoieraksts: 1.da\u013ca <a href=\"http:\/\/video.tiesraides.lv\/flv\/live\/20251212122502_saeima.lv.3_0_0.mp4\" target=\"_blank\" rel=\"nofollow noopener\">LV<\/a>,\u00a0<a href=\"http:\/\/video.tiesraides.lv\/flv\/live\/20251212122701_saeima.lv.3_01_0.mp4\" target=\"_blank\" rel=\"nofollow noopener\">EN<\/a>\u00a0un 2.da\u013ca<\/p>\n<p><a href=\"https:\/\/www.flickr.com\/photos\/saeima\/albums\/72177720330888794\" target=\"_blank\" rel=\"nofollow noopener\">Foto<\/a><\/p>\n","protected":false},"excerpt":{"rendered":"(12.12.2025.) Lai stiprin\u0101tu Baltijas valstu sadarb\u012bbu vesel\u012bbas politikas un datu p\u0101rvald\u012bbas jom\u0101 un veidotu kop\u012bgu skat\u012bjumu uz vesel\u012bbu&hellip;\n","protected":false},"author":2,"featured_media":23584,"comment_status":"","ping_status":"","sticky":false,"template":"","format":"standard","meta":{"footnotes":""},"categories":[12],"tags":[23,28,29,32,33,22,30,31,35,39,38,36,37,34,40,20,26,27,24,25,21],"class_list":{"0":"post-72420","1":"post","2":"type-post","3":"status-publish","4":"format-standard","5":"has-post-thumbnail","7":"category-latvija","8":"tag-aktualitates","9":"tag-breaking-news","10":"tag-breakingnews","11":"tag-featured-news","12":"tag-featurednews","13":"tag-headlines","14":"tag-latest-news","15":"tag-latestnews","16":"tag-latvia","17":"tag-latvian","18":"tag-latviesu","19":"tag-latviesu-valoda","20":"tag-latviesuvaloda","21":"tag-latvija","22":"tag-lv","23":"tag-news","24":"tag-popularakas-zinas","25":"tag-popularakaszinas","26":"tag-top-stories","27":"tag-topstories","28":"tag-zinas"},"share_on_mastodon":{"url":"https:\/\/pubeurope.com\/@lv\/115706517545778542","error":""},"_links":{"self":[{"href":"https:\/\/www.europesays.com\/lv\/wp-json\/wp\/v2\/posts\/72420","targetHints":{"allow":["GET"]}}],"collection":[{"href":"https:\/\/www.europesays.com\/lv\/wp-json\/wp\/v2\/posts"}],"about":[{"href":"https:\/\/www.europesays.com\/lv\/wp-json\/wp\/v2\/types\/post"}],"author":[{"embeddable":true,"href":"https:\/\/www.europesays.com\/lv\/wp-json\/wp\/v2\/users\/2"}],"replies":[{"embeddable":true,"href":"https:\/\/www.europesays.com\/lv\/wp-json\/wp\/v2\/comments?post=72420"}],"version-history":[{"count":0,"href":"https:\/\/www.europesays.com\/lv\/wp-json\/wp\/v2\/posts\/72420\/revisions"}],"wp:featuredmedia":[{"embeddable":true,"href":"https:\/\/www.europesays.com\/lv\/wp-json\/wp\/v2\/media\/23584"}],"wp:attachment":[{"href":"https:\/\/www.europesays.com\/lv\/wp-json\/wp\/v2\/media?parent=72420"}],"wp:term":[{"taxonomy":"category","embeddable":true,"href":"https:\/\/www.europesays.com\/lv\/wp-json\/wp\/v2\/categories?post=72420"},{"taxonomy":"post_tag","embeddable":true,"href":"https:\/\/www.europesays.com\/lv\/wp-json\/wp\/v2\/tags?post=72420"}],"curies":[{"name":"wp","href":"https:\/\/api.w.org\/{rel}","templated":true}]}}