{"id":72423,"date":"2025-12-12T12:09:08","date_gmt":"2025-12-12T12:09:08","guid":{"rendered":"https:\/\/www.europesays.com\/lv\/72423\/"},"modified":"2025-12-12T12:09:08","modified_gmt":"2025-12-12T12:09:08","slug":"cehova-teatris-aicina-uz-muzikalu-celojumu-laika-izrade-celojums-pusnakti-lente-lv-2","status":"publish","type":"post","link":"https:\/\/www.europesays.com\/lv\/72423\/","title":{"rendered":"\u010cehova te\u0101tris aicina uz muzik\u0101lu ce\u013cojumu laik\u0101 izr\u0101d\u0113 \u201cCe\u013cojums pusnakt\u012b\u201d\u00a0\u2014\u00a0Lente.lv"},"content":{"rendered":"<p>Muzik\u0101ls piedz\u012bvojums \u201cCe\u013cojums pusnakt\u012b\u201d uz \u010cehova te\u0101tra skatuves<\/p>\n<p>Mihaila \u010cehova R\u012bgas Krievu te\u0101tr\u012b \u0161oned\u0113\u013c, 12. decembr\u012b, norisin\u0101s gaid\u012bt\u0101s izr\u0101des \u201cCe\u013cojums pusnakt\u012b\u201d pirmizr\u0101de. \u0160is ir re\u017eisora M\u0101rti\u0146a Kalitas pirmais projekts \u0161aj\u0101 te\u0101tr\u012b, un tas tiek raksturots k\u0101 muzik\u0101ls piedz\u012bvojums ar laik\u0101 ce\u013co\u0161anas elementiem. Izr\u0101de sol\u0101s sniegt skat\u012bt\u0101jiem aizraujo\u0161u un emocion\u0101li bag\u0101tu pieredzi, kas pieskarsies ikviena sirdij.<\/p>\n<p>Dz\u012bves mirk\u013cu v\u0113rt\u012bba un m\u016bzika<\/p>\n<p>\u201cCe\u013cojums pusnakt\u012b\u201d nav vienk\u0101r\u0161i izr\u0101de, bet gan daudzsl\u0101\u0146ains koncertuzvedums, kas atkl\u0101j dzi\u013c\u0101ku v\u0113st\u012bjumu par dz\u012bves patieso v\u0113rt\u012bbu. St\u0101sts koncentr\u0113jas uz k\u0101du jaunu cilv\u0113ku, kur\u0161 saskaras ar dz\u012bves r\u016bgtumu un neapmierin\u0101t\u012bbu, \u012bpa\u0161i izj\u016btot to Jaungada nakt\u012b. Mistiskas b\u016btnes iejauk\u0161an\u0101s piespie\u017e vi\u0146u, un l\u012bdz ar to ar\u012b skat\u012bt\u0101ju, apjaust dz\u012bves skaistumu un br\u012bnumain\u012bbu, uzsverot, ka laime sl\u0113pjas sp\u0113j\u0101 nov\u0113rt\u0113t mirk\u013cus \u2013 tos, kas biju\u0161i, tos, kas b\u016bs, bet visv\u0113rt\u012bg\u0101k\u0101 ir t\u0101 laime, ko sp\u0113jam notvert tie\u0161i tagad. Dramaturgs Art\u016brs D\u012bcis uzsver: \u201c\u0161is st\u0101sts ir par drosmi dz\u012bvot \u0161eit un tagad. Ne vakar. Ne r\u012bt. Tie\u0161i \u0161odien.\u201d<\/p>\n<p>Izr\u0101des muzik\u0101lo da\u013cu veido popul\u0101ras dziesmas un pasaules hiti, kas skan\u0113s daudz\u0101s valod\u0101s \u2013 latvie\u0161u, krievu, ang\u013cu, ukrai\u0146u, fran\u010du un it\u0101\u013cu valod\u0101. \u0160\u0101ds daudzvalodu kl\u0101sts sola bag\u0101t\u012bgu un starptautisku muzik\u0101lu baud\u012bjumu ikvienam.<\/p>\n<p>Spilgta rado\u0161\u0101 komanda un jaunie talanti<\/p>\n<p>M\u0101rti\u0146\u0161 Kalita, paz\u012bstams gan k\u0101 aktieris, gan re\u017eisors, debit\u0113 Mihaila \u010cehova R\u012bgas Krievu te\u0101tr\u012b ar \u0161o iestud\u0113jumu. Vi\u0146a vad\u012bb\u0101 pulc\u0113ta sp\u0113c\u012bga rado\u0161\u0101 komanda, kur\u0101 str\u0101d\u0101 scenogr\u0101fs Aigars Ozoli\u0146\u0161, kost\u012bmu m\u0101ksliniece Ilze V\u012btoli\u0146a, horeogr\u0101fe Liene Grava, gaismu m\u0101ksliniece Leila Muhamatgalijeva, videom\u0101kslinieks Jaroslavs Ka\u0161\u010dejevs un muzik\u0101l\u0101 vad\u012bt\u0101ja Ludmila Mogi\u013cevska.<\/p>\n<p>\u012apa\u0161u pievienoto v\u0113rt\u012bbu izr\u0101dei sniedz sadarb\u012bba ar R\u012bgas Doma kora skolu (RDKS). \u010cetru talant\u012bgu un vok\u0101li sp\u0113c\u012bgu RDKS audz\u0113k\u0146u un absolventu iesaist\u012b\u0161ana ir Danas Bjorkas un Unas Stades iniciat\u012bva, kas papildina iestud\u0113jumu ar svaigumu un dzi\u013cumu.<\/p>\n<p>M\u016bzi\u0137u sniegums un izr\u0101des v\u0113st\u012bjums<\/p>\n<p>Uz skatuves darbosies ar\u012b profesion\u0101li m\u016bzi\u0137i: Vladimirs Tuzovs un Dmitrijs Karpovs uz tausti\u0146instrumentiem, Gidons Gr\u012bnbergs uz vijoles, Aleksandrs Karimovs uz \u0123it\u0101ras un Antons Visockis uz sitaminstrumentiem.<\/p>\n<p>Re\u017eisors M\u0101rti\u0146\u0161 Kalita uzsver, ka \u201cKoncerts sola p\u0101rsteigumu &#8211; kaut ko neierastu, nedaudz sav\u0101d\u0101ku nek\u0101 l\u012bdz \u0161im. Un, protams, ar\u012b l\u012bdzp\u0101rdz\u012bvojumu.\u201d<\/p>\n<p>\u201cNo smiekliem l\u012bdz aizkustin\u0101jumam, no smaidiem l\u012bdz nostal\u0123ijai \u2013 \u0161is st\u0101sts ir par katru no mums, kas jebkad sajutis m\u016bsdienu dz\u012bves ikdienas skr\u0113jienu,\u201d saka izr\u0101des dramaturgs Art\u016brs D\u012bcis. Vi\u0146\u0161 piebilst, ka br\u012bnums s\u0101kas tad, kad apst\u0101jamies un sp\u0113jam paskat\u012bties uz sevi \u0161odien, te un tagad \u2013 tas ir m\u016bsu dz\u012bves \u012bstais br\u012bnums.<\/p>\n","protected":false},"excerpt":{"rendered":"Muzik\u0101ls piedz\u012bvojums \u201cCe\u013cojums pusnakt\u012b\u201d uz \u010cehova te\u0101tra skatuves Mihaila \u010cehova R\u012bgas Krievu te\u0101tr\u012b \u0161oned\u0113\u013c, 12. decembr\u012b, norisin\u0101s gaid\u012bt\u0101s&hellip;\n","protected":false},"author":2,"featured_media":72424,"comment_status":"","ping_status":"","sticky":false,"template":"","format":"standard","meta":{"footnotes":""},"categories":[19],"tags":[16757,89,90,18416,35,39,38,36,37,34,40,7082,2492,16758],"class_list":{"0":"post-72423","1":"post","2":"type-post","3":"status-publish","4":"format-standard","5":"has-post-thumbnail","7":"category-izklaide","8":"tag-celojums-pusnakti","9":"tag-entertainment","10":"tag-izklaide","11":"tag-laika-celosana","12":"tag-latvia","13":"tag-latvian","14":"tag-latviesu","15":"tag-latviesu-valoda","16":"tag-latviesuvaloda","17":"tag-latvija","18":"tag-lv","19":"tag-martins-kalita","20":"tag-mihaila-cehova-rigas-krievu-teatris","21":"tag-muzikls"},"share_on_mastodon":{"url":"https:\/\/pubeurope.com\/@lv\/115706525467569276","error":""},"_links":{"self":[{"href":"https:\/\/www.europesays.com\/lv\/wp-json\/wp\/v2\/posts\/72423","targetHints":{"allow":["GET"]}}],"collection":[{"href":"https:\/\/www.europesays.com\/lv\/wp-json\/wp\/v2\/posts"}],"about":[{"href":"https:\/\/www.europesays.com\/lv\/wp-json\/wp\/v2\/types\/post"}],"author":[{"embeddable":true,"href":"https:\/\/www.europesays.com\/lv\/wp-json\/wp\/v2\/users\/2"}],"replies":[{"embeddable":true,"href":"https:\/\/www.europesays.com\/lv\/wp-json\/wp\/v2\/comments?post=72423"}],"version-history":[{"count":0,"href":"https:\/\/www.europesays.com\/lv\/wp-json\/wp\/v2\/posts\/72423\/revisions"}],"wp:featuredmedia":[{"embeddable":true,"href":"https:\/\/www.europesays.com\/lv\/wp-json\/wp\/v2\/media\/72424"}],"wp:attachment":[{"href":"https:\/\/www.europesays.com\/lv\/wp-json\/wp\/v2\/media?parent=72423"}],"wp:term":[{"taxonomy":"category","embeddable":true,"href":"https:\/\/www.europesays.com\/lv\/wp-json\/wp\/v2\/categories?post=72423"},{"taxonomy":"post_tag","embeddable":true,"href":"https:\/\/www.europesays.com\/lv\/wp-json\/wp\/v2\/tags?post=72423"}],"curies":[{"name":"wp","href":"https:\/\/api.w.org\/{rel}","templated":true}]}}