{"id":72429,"date":"2025-12-12T12:13:12","date_gmt":"2025-12-12T12:13:12","guid":{"rendered":"https:\/\/www.europesays.com\/lv\/72429\/"},"modified":"2025-12-12T12:13:12","modified_gmt":"2025-12-12T12:13:12","slug":"nakamnedel-laikapstakli-atkal-mainisies-latvija-atgriezisies-siltaks-laiks-jauns-lv","status":"publish","type":"post","link":"https:\/\/www.europesays.com\/lv\/72429\/","title":{"rendered":"N\u0101kamned\u0113\u013c laikapst\u0101k\u013ci atkal main\u012bsies &#8211; Latvij\u0101 atgriez\u012bsies silt\u0101ks laiks &#8211; Jauns.lv"},"content":{"rendered":"<ol>\n<li><a href=\"https:\/\/news.google.com\/rss\/articles\/CBMisAFBVV95cUxON0JCdFUwWlRTQTBNLUxQMEN4UU8tTmVMY18tQ18xbm0zNUluMWlSOWlEX2U4d1lGcy1JNk0xSWQ5bDY0Ymlld1NBNHlIOFZMWW9UNDZuTWx2Sms4dkNWWEdwNVhOZWd3ZmxjOVN5bGNXaW1WeVZkNTk4blduSzdyTjVHYzFLTU5lVkFXdDhMMHVOOHZqakR5WG5GLThjTHpGdHo2VHdrak9hZlE4YVg1cw?oc=5\" target=\"_blank\" rel=\"nofollow noopener\">N\u0101kamned\u0113\u013c laikapst\u0101k\u013ci atkal main\u012bsies &#8211; Latvij\u0101 atgriez\u012bsies silt\u0101ks laiks<\/a>&nbsp;&nbsp;Jauns.lv<\/li>\n<li><a href=\"https:\/\/news.google.com\/rss\/articles\/CBMihgFBVV95cUxQdndBQnpReU5TdXpBRE1KSzdDdUpLZTVoaEw5dGh3Tm02LUhMdVEwUFJyVXB0UUNKWTZ1dWJkc0h6U3NFUXFXNlpLbU9yVUVRbHc4cUFkblMyNVRvX2ozRGxQcER0b3czcEdZRjlsbElGM2hfNHVVOG42NTl1bVQ4QThnS3BHUQ?oc=5\" target=\"_blank\" rel=\"nofollow noopener\">Piektdien k\u013c\u016bs v\u0113s\u0101ks<\/a>&nbsp;&nbsp;Delfi<\/li>\n<li><a href=\"https:\/\/news.google.com\/rss\/articles\/CBMiekFVX3lxTE1zdmlsSHhVWEZjenNvMHhsQmxUSkoyT0lUZU9QN3I0bklnTUZFNXdPZTM2U2NhMkNFdS1kNFNOQkRxWDVTX3hDS3JiWjd1U1I3ZGJXdnlvYmxiZEhFa1FpbHpwUzhVVU9hTjNUbktBUTBsV2RfT0FIVXNR?oc=5\" target=\"_blank\" rel=\"nofollow noopener\">K\u0101di laikapst\u0101k\u013ci gaid\u0101mi ned\u0113\u013cas nogal\u0113?<\/a>&nbsp;&nbsp;Apollo.lv<\/li>\n<li><a href=\"https:\/\/news.google.com\/rss\/articles\/CBMinAFBVV95cUxObGNfVkRBb3hqbm52Q01MenFmbUZ6WUtkNmVDeE56SzVyc3M1QjhDTkk3c0xxQzJneGxoRE9Pdmd0YWVKMHJ6cVQtdkYxcFhtS2JLSGJuT2plMjRKYy0wQkpGUzAzRmRzWnJIVmVGN1hCZEtmQmlNeHRWR0ZKQ3l2OGxlMzctbC16azBZS20tWEJ4QjJ6M25WZHJReTY?oc=5\" target=\"_blank\" rel=\"nofollow noopener\">No Skandin\u0101vijas iepl\u016bst auksts gaiss &#8211; piektdien k\u013c\u016bs v\u0113s\u0101ks<\/a>&nbsp;&nbsp;Jauns.lv<\/li>\n<li><a href=\"https:\/\/news.google.com\/rss\/articles\/CBMiygFBVV95cUxPR3lLdEloa0NxTWxrYk5Ud3ZfNDNXWXpXdnRuQVEzTTNqbVJjRFh4RTBkY3BDSC1HZHo5THlaZndoOHNyRGlsT2pVazBNZlN3OWV2RDNNaFdIbmQ4LVJQN1pOdC16SWdSUW5nTUVNWlRSNkxCOGJFR3NjenJCY3BxaG1QS1hsa3JrdUVRRm9uOHVkcXZzNUwtZ3JHTkFVMWpFNGRlMnFmQlJySko5SnpGRnc3cm9oODdSNWdzNjRnTW4wTW8wT2l6Nm9R?oc=5\" target=\"_blank\" rel=\"nofollow noopener\">Br\u012bvdien\u0101s mazliet piesals un snigs; n\u0101kamned\u0113\u013c atkal siltums \/ Raksts<\/a>&nbsp;&nbsp;LSM<\/li>\n<\/ol>\n","protected":false},"excerpt":{"rendered":"N\u0101kamned\u0113\u013c laikapst\u0101k\u013ci atkal main\u012bsies &#8211; Latvij\u0101 atgriez\u012bsies silt\u0101ks laiks&nbsp;&nbsp;Jauns.lv Piektdien k\u013c\u016bs v\u0113s\u0101ks&nbsp;&nbsp;Delfi K\u0101di laikapst\u0101k\u013ci gaid\u0101mi ned\u0113\u013cas nogal\u0113?&nbsp;&nbsp;Apollo.lv No&hellip;\n","protected":false},"author":2,"featured_media":72430,"comment_status":"","ping_status":"","sticky":false,"template":"","format":"standard","meta":{"footnotes":""},"categories":[12],"tags":[23,28,29,32,33,22,30,31,35,39,38,36,37,34,40,20,26,27,24,25,21],"class_list":{"0":"post-72429","1":"post","2":"type-post","3":"status-publish","4":"format-standard","5":"has-post-thumbnail","7":"category-latvija","8":"tag-aktualitates","9":"tag-breaking-news","10":"tag-breakingnews","11":"tag-featured-news","12":"tag-featurednews","13":"tag-headlines","14":"tag-latest-news","15":"tag-latestnews","16":"tag-latvia","17":"tag-latvian","18":"tag-latviesu","19":"tag-latviesu-valoda","20":"tag-latviesuvaloda","21":"tag-latvija","22":"tag-lv","23":"tag-news","24":"tag-popularakas-zinas","25":"tag-popularakaszinas","26":"tag-top-stories","27":"tag-topstories","28":"tag-zinas"},"share_on_mastodon":{"url":"https:\/\/pubeurope.com\/@lv\/115706541300335083","error":""},"_links":{"self":[{"href":"https:\/\/www.europesays.com\/lv\/wp-json\/wp\/v2\/posts\/72429","targetHints":{"allow":["GET"]}}],"collection":[{"href":"https:\/\/www.europesays.com\/lv\/wp-json\/wp\/v2\/posts"}],"about":[{"href":"https:\/\/www.europesays.com\/lv\/wp-json\/wp\/v2\/types\/post"}],"author":[{"embeddable":true,"href":"https:\/\/www.europesays.com\/lv\/wp-json\/wp\/v2\/users\/2"}],"replies":[{"embeddable":true,"href":"https:\/\/www.europesays.com\/lv\/wp-json\/wp\/v2\/comments?post=72429"}],"version-history":[{"count":0,"href":"https:\/\/www.europesays.com\/lv\/wp-json\/wp\/v2\/posts\/72429\/revisions"}],"wp:featuredmedia":[{"embeddable":true,"href":"https:\/\/www.europesays.com\/lv\/wp-json\/wp\/v2\/media\/72430"}],"wp:attachment":[{"href":"https:\/\/www.europesays.com\/lv\/wp-json\/wp\/v2\/media?parent=72429"}],"wp:term":[{"taxonomy":"category","embeddable":true,"href":"https:\/\/www.europesays.com\/lv\/wp-json\/wp\/v2\/categories?post=72429"},{"taxonomy":"post_tag","embeddable":true,"href":"https:\/\/www.europesays.com\/lv\/wp-json\/wp\/v2\/tags?post=72429"}],"curies":[{"name":"wp","href":"https:\/\/api.w.org\/{rel}","templated":true}]}}