{"id":72433,"date":"2025-12-12T12:16:16","date_gmt":"2025-12-12T12:16:16","guid":{"rendered":"https:\/\/www.europesays.com\/lv\/72433\/"},"modified":"2025-12-12T12:16:16","modified_gmt":"2025-12-12T12:16:16","slug":"video-vilmanis-checkers-sausaja-uzvara-gust-savus-sestos-vartus-ahl-sezona-tv3-lv","status":"publish","type":"post","link":"https:\/\/www.europesays.com\/lv\/72433\/","title":{"rendered":"VIDEO: Vilmanis &quot;Checkers&quot; sausaj\u0101 uzvar\u0101 g\u016bst savus sestos v\u0101rtus AHL sezon\u0101 &#8211; tv3.lv"},"content":{"rendered":"<ol>\n<li><a href=\"https:\/\/news.google.com\/rss\/articles\/CBMinwFBVV95cUxORjBlaGVFLWE1RnJWSURyVHFreDRXSlJMb000OVJTOUltbHFYUml0ekdUMVRTcm92MUlCbV9oRkNGakdPWmxUel8yVGJUUGQ2OVVmLV9Gd3ZBV3E1dWJEcUtGY0E2c2g2dUVEcjgxcmd0S2dXXzhFZVloZnFrMWVWQ2V3dE5qMzIyeGdxaFpHY3BLVl8yMHRwSmRPLVVkMmM?oc=5\" target=\"_blank\" rel=\"nofollow noopener\">VIDEO: Vilmanis &#8220;Checkers&#8221; sausaj\u0101 uzvar\u0101 g\u016bst savus sestos v\u0101rtus AHL sezon\u0101<\/a>&nbsp;&nbsp;tv3.lv<\/li>\n<li><a href=\"https:\/\/news.google.com\/rss\/articles\/CBMipAFBVV95cUxNNGZTN1RRVjJ1SUlwZUxlNnJ4RzBqeDZsYWhnaHk5OGVkdUxoWkZOUVpWTUJKUGd3bzhOVTI2bUtXc2haSUxhc0I5QXM3cVNTSjRqRUF5TWY1Um95UzFJUXA3WjVuamxJakVQY2ZsNGUxMWE1ZVJXQ2xGR2lQcElXMElhSmhfY2NXR0dhS19BUWc4bEVId1lCVGhnZ3l2SDM2dmhmNg?oc=5\" target=\"_blank\" rel=\"nofollow noopener\">Sandis Vilmanis g\u016bst v\u0101rtus un k\u013c\u016bst par tre\u0161o zvaigzni AHL ma\u010d\u0101<\/a>&nbsp;&nbsp;Jauns.lv<\/li>\n<li><a href=\"https:\/\/news.google.com\/rss\/articles\/CBMilwFBVV95cUxNV1FxM0dkMHFNazVQa09ORWt0M1hjSkRHTndlUzFlVzA2RzNzX05YaGg2UDlDM29ZUTc1VldSbnAza19tRGdLTXJ0QktIUHFlQzc5OE11ZkxTSXA2a0oxNkxjM2FVQnNvZ014UmZrcnJFUGprX2RrZTZ1blVoMkI0N0hnMXNTbWJYbGRiQzJWVmZHdUlaQzdR?oc=5\" target=\"_blank\" rel=\"nofollow noopener\">Vilmanim sestie v\u0101rti sezon\u0101, Lo\u010dmelim piesp\u0113le uzvar\u0101 p\u0101r Mateiko \u2013 Hokejs<\/a>&nbsp;&nbsp;Sportacentrs.com<\/li>\n<li><a href=\"https:\/\/news.google.com\/rss\/articles\/CBMirgFBVV95cUxONkxzR3YxSDFwOGtwOGNIZzB1WWtaUGw1VWhiWFBuT2swRjMwb2RpXy1iOWpLWFhUenltaG5tSWk1dXNkNVlVeUpfd1FnRTd6c3pTZ002NkNSVU5jMEJLZ09fUVVCb3hDRzhIWTZQdTJudGVlNzlKSi1uQWhCV0M4U3cwQ1ZzMEFwbzZqcDRyOUx1UmpJa0JWcDRuQWJQUHZmeEdzUUw4aWhmVjdRaGc?oc=5\" target=\"_blank\" rel=\"nofollow noopener\">Vilmanis un &#8220;Checkers&#8221; sp\u0113j g\u016bt tikai vienus v\u0101rtus, piedz\u012bvojot neveiksmi AHL ma\u010d\u0101<\/a>&nbsp;&nbsp;Sportazinas.com<\/li>\n<li><a href=\"https:\/\/news.google.com\/rss\/articles\/CBMijwFBVV95cUxOcUZWMkFFeXpxN1M4S1NjX3VPZ0lfMW1fUlJScnZyTTY0XzlzNkJnVTdKT2V4S1J3SjdEdllxb0QydEc1YWc1QUwyQmZGbGFGTE5ZNjkyS1A4TER5dFpjczJxX2RsYjdHaWdxbmtmZ3lDUnAwcHo4OE8xMmFKX2RRV3pPdWFodDFNTVhKZVY1Yw?oc=5\" target=\"_blank\" rel=\"nofollow noopener\">Vilmanis g\u016bst v\u0101rtus, Lo\u010dmelim rezultat\u012bva piesp\u0113le AHL<\/a>&nbsp;&nbsp;TVNET Sports<\/li>\n<\/ol>\n","protected":false},"excerpt":{"rendered":"VIDEO: Vilmanis &#8220;Checkers&#8221; sausaj\u0101 uzvar\u0101 g\u016bst savus sestos v\u0101rtus AHL sezon\u0101&nbsp;&nbsp;tv3.lv Sandis Vilmanis g\u016bst v\u0101rtus un k\u013c\u016bst par&hellip;\n","protected":false},"author":2,"featured_media":72434,"comment_status":"","ping_status":"","sticky":false,"template":"","format":"standard","meta":{"footnotes":""},"categories":[17],"tags":[18420,35,39,38,36,37,34,40,67],"class_list":{"0":"post-72433","1":"post","2":"type-post","3":"status-publish","4":"format-standard","5":"has-post-thumbnail","7":"category-sports","8":"tag-ahldans-locmeliseduards-tralmakssandis-vilmanis","9":"tag-latvia","10":"tag-latvian","11":"tag-latviesu","12":"tag-latviesu-valoda","13":"tag-latviesuvaloda","14":"tag-latvija","15":"tag-lv","16":"tag-sports"},"share_on_mastodon":{"url":"https:\/\/pubeurope.com\/@lv\/115706552820206960","error":""},"_links":{"self":[{"href":"https:\/\/www.europesays.com\/lv\/wp-json\/wp\/v2\/posts\/72433","targetHints":{"allow":["GET"]}}],"collection":[{"href":"https:\/\/www.europesays.com\/lv\/wp-json\/wp\/v2\/posts"}],"about":[{"href":"https:\/\/www.europesays.com\/lv\/wp-json\/wp\/v2\/types\/post"}],"author":[{"embeddable":true,"href":"https:\/\/www.europesays.com\/lv\/wp-json\/wp\/v2\/users\/2"}],"replies":[{"embeddable":true,"href":"https:\/\/www.europesays.com\/lv\/wp-json\/wp\/v2\/comments?post=72433"}],"version-history":[{"count":0,"href":"https:\/\/www.europesays.com\/lv\/wp-json\/wp\/v2\/posts\/72433\/revisions"}],"wp:featuredmedia":[{"embeddable":true,"href":"https:\/\/www.europesays.com\/lv\/wp-json\/wp\/v2\/media\/72434"}],"wp:attachment":[{"href":"https:\/\/www.europesays.com\/lv\/wp-json\/wp\/v2\/media?parent=72433"}],"wp:term":[{"taxonomy":"category","embeddable":true,"href":"https:\/\/www.europesays.com\/lv\/wp-json\/wp\/v2\/categories?post=72433"},{"taxonomy":"post_tag","embeddable":true,"href":"https:\/\/www.europesays.com\/lv\/wp-json\/wp\/v2\/tags?post=72433"}],"curies":[{"name":"wp","href":"https:\/\/api.w.org\/{rel}","templated":true}]}}