{"id":72439,"date":"2025-12-12T12:30:08","date_gmt":"2025-12-12T12:30:08","guid":{"rendered":"https:\/\/www.europesays.com\/lv\/72439\/"},"modified":"2025-12-12T12:30:08","modified_gmt":"2025-12-12T12:30:08","slug":"latvijas-jaunuznemums-sanemis-nato-inovaciju-programmas-atbalstu","status":"publish","type":"post","link":"https:\/\/www.europesays.com\/lv\/72439\/","title":{"rendered":"Latvijas jaunuz\u0146\u0113mums sa\u0146\u0113mis NATO inov\u0101ciju programmas atbalstu"},"content":{"rendered":"<p>Jebkurai darb\u012bbai ir nepiecie\u0161ama elektroener\u0123ija. Uz M\u0113ness ir papildu probl\u0113ma &#8211; viena nakts ilgst 14 dienas, bet temperat\u016bra ir -150 gr\u0101di. Ja iek\u0101rtas nesilda, viss sasalst. Uz\u0146\u0113muma tehnolo\u0123ija izmanto materi\u0101lus no kodolatkritumiem &#8211; radioizotopus, kuri sabr\u016bkot rada siltumu, ko p\u0101rv\u0113r\u0161 elektr\u012bb\u0101 ar \u013coti lielu efektivit\u0101ti.<\/p>\n<p>&#8220;&#8221;Deep Space Energy&#8221; \u0161obr\u012bd ir tehnolo\u0123ijas izstr\u0101des f\u0101z\u0113. Jau esam principu valid\u0113ju\u0161i laboratorij\u0101. Tagad virz\u0101mies uz priek\u0161u ar konkr\u0113tiem tehnolo\u0123iskiem risin\u0101jumiem un da\u017e\u0101diem testiem kosmosam atbilsto\u0161os apst\u0101k\u013cos,&#8221; uzsv\u0113ris \u0160\u010depanskis.<\/p>\n<p>2026. gada NATO DIANA akceleratora uzsaukum\u0101 atbalst\u012bti 150 uz\u0146\u0113mumi no 24 valst\u012bm. Pirmo reizi \u0161\u012bs programmas ietvaros atbalstu sa\u0146em uz\u0146\u0113mumi no Latvijas, Slov\u0101kijas, Islandes, Rum\u0101nijas un Slov\u0113nijas, kas iez\u012bm\u0113 programmas papla\u0161in\u0101\u0161anos uz jaun\u0101m inov\u0101ciju ekosist\u0113m\u0101m un apliecina NATO ap\u0146\u0113m\u012bbu veicin\u0101t tehnolo\u0123isko dro\u0161\u012bbu vis\u0101 alians\u0113.<\/p>\n<p>Jau zi\u0146ots, ka no 2025. gada 2. j\u016bnija l\u012bdz 11. j\u016blijam interesenti var\u0113ja pieteikties NATO DIANA inov\u0101ciju programmai desmit izaicin\u0101jumu jom\u0101s, lai att\u012bst\u012btu n\u0101kam\u0101s paaudzes div\u0113j\u0101da pielietojuma tehnolo\u0123ijas.<\/p>\n<p>&#8220;Firmas.lv&#8221; inform\u0101cija liecina, ka &#8220;Deep Space Energy&#8221; vien\u012bgais \u012bpa\u0161nieks ir \u0160\u010depanskis. P\u0113rn uz\u0146\u0113mums apgroz\u012bjis 113 978 eiro un str\u0101d\u0101jis ar 97 705 eiro pe\u013c\u0146u.<\/p>\n","protected":false},"excerpt":{"rendered":"Jebkurai darb\u012bbai ir nepiecie\u0161ama elektroener\u0123ija. Uz M\u0113ness ir papildu probl\u0113ma &#8211; viena nakts ilgst 14 dienas, bet temperat\u016bra&hellip;\n","protected":false},"author":2,"featured_media":72440,"comment_status":"","ping_status":"","sticky":false,"template":"","format":"standard","meta":{"footnotes":""},"categories":[14],"tags":[23,57,28,29,32,33,22,18421,9146,30,31,35,39,38,36,37,34,40,71,20,26,27,24,25,54,55,56,21,58],"class_list":{"0":"post-72439","1":"post","2":"type-post","3":"status-publish","4":"format-standard","5":"has-post-thumbnail","7":"category-zinas-no-arvalstim","8":"tag-aktualitates","9":"tag-arvalstim","10":"tag-breaking-news","11":"tag-breakingnews","12":"tag-featured-news","13":"tag-featurednews","14":"tag-headlines","15":"tag-jaunuznemumi","16":"tag-kompanijas","17":"tag-latest-news","18":"tag-latestnews","19":"tag-latvia","20":"tag-latvian","21":"tag-latviesu","22":"tag-latviesu-valoda","23":"tag-latviesuvaloda","24":"tag-latvija","25":"tag-lv","26":"tag-nato","27":"tag-news","28":"tag-popularakas-zinas","29":"tag-popularakaszinas","30":"tag-top-stories","31":"tag-topstories","32":"tag-world","33":"tag-world-news","34":"tag-worldnews","35":"tag-zinas","36":"tag-zinas-no-arvalstim"},"share_on_mastodon":{"url":"https:\/\/pubeurope.com\/@lv\/115706608008423639","error":""},"_links":{"self":[{"href":"https:\/\/www.europesays.com\/lv\/wp-json\/wp\/v2\/posts\/72439","targetHints":{"allow":["GET"]}}],"collection":[{"href":"https:\/\/www.europesays.com\/lv\/wp-json\/wp\/v2\/posts"}],"about":[{"href":"https:\/\/www.europesays.com\/lv\/wp-json\/wp\/v2\/types\/post"}],"author":[{"embeddable":true,"href":"https:\/\/www.europesays.com\/lv\/wp-json\/wp\/v2\/users\/2"}],"replies":[{"embeddable":true,"href":"https:\/\/www.europesays.com\/lv\/wp-json\/wp\/v2\/comments?post=72439"}],"version-history":[{"count":0,"href":"https:\/\/www.europesays.com\/lv\/wp-json\/wp\/v2\/posts\/72439\/revisions"}],"wp:featuredmedia":[{"embeddable":true,"href":"https:\/\/www.europesays.com\/lv\/wp-json\/wp\/v2\/media\/72440"}],"wp:attachment":[{"href":"https:\/\/www.europesays.com\/lv\/wp-json\/wp\/v2\/media?parent=72439"}],"wp:term":[{"taxonomy":"category","embeddable":true,"href":"https:\/\/www.europesays.com\/lv\/wp-json\/wp\/v2\/categories?post=72439"},{"taxonomy":"post_tag","embeddable":true,"href":"https:\/\/www.europesays.com\/lv\/wp-json\/wp\/v2\/tags?post=72439"}],"curies":[{"name":"wp","href":"https:\/\/api.w.org\/{rel}","templated":true}]}}