{"id":72443,"date":"2025-12-12T12:37:07","date_gmt":"2025-12-12T12:37:07","guid":{"rendered":"https:\/\/www.europesays.com\/lv\/72443\/"},"modified":"2025-12-12T12:37:07","modified_gmt":"2025-12-12T12:37:07","slug":"juras-liegumu-plana-labojums-varetu-tapt-pusgada-laika-zvejnieki-negrasas-pielaut-aroda-iznicibu-raksts","status":"publish","type":"post","link":"https:\/\/www.europesays.com\/lv\/72443\/","title":{"rendered":"J\u016bras liegumu pl\u0101na labojums var\u0113tu tapt pusgada laik\u0101; zvejnieki negras\u0101s pie\u013caut aroda izn\u012bc\u012bbu \/ Raksts"},"content":{"rendered":"<p>Zvejnieku un citu piekrastes iedz\u012bvot\u0101ju iebil\u017eu d\u0113\u013c aptur\u0113ta jaun\u0101 j\u016bras aizsardz\u012bbas pl\u0101na virz\u012bba. Vied\u0101s administr\u0101cijas un re\u0123ion\u0101l\u0101s att\u012bst\u012bbas ministrija (VARAM) sola pl\u0101nu uzlabot, lai sabalans\u0113tu zvejnieku un dabas aizsardz\u012bbas intereses. Tikm\u0113r zvejnieki nor\u0101d\u012bju\u0161i, ka nav pret dabas aizsardz\u012bbu, bet patlaban pl\u0101notie liegumi izn\u012bcin\u0101\u0161ot arodu. Pl\u0101na labojums var\u0113tu b\u016bt gatavs n\u0101kam\u0101 gada pirmaj\u0101 pus\u0113.\u00a0<\/p>\n<p>\u012aSUM\u0100:\u00a0<\/p>\n<ul>\n<li>VARAM aptur\u0113jusi un sol\u012bjusi\u00a0p\u0101rstr\u0101d\u0101t J\u016bras aizsarg\u0101jamo teritoriju dabas aizsardz\u012bbas pl\u0101nu.<\/li>\n<li>Pl\u0101ns paredz da\u013c\u0101 piekrastes putnu ligzdo\u0161anas laik\u0101 noteikt sezon\u0101lo liegumu.<\/li>\n<li>T\u0101pat ar\u012b paredz\u0113tas atsevi\u0161\u0137as stingras aizsardz\u012bbas zonas.<\/li>\n<li>Pl\u0101notie ierobe\u017eojumi ietekm\u0113tu ar\u012b sporta aktivit\u0101tes uz \u016bdens, k\u0101 ar\u012b t\u016brismu piekrast\u0113.<\/li>\n<li>Neapmierin\u0101t\u012bbu paudu\u0161as gan piekrastes pa\u0161vald\u012bbas, gan zvejnieki.<\/li>\n<li>Piekrastes zvejnieki nav gatavi pie\u013caut aroda izn\u012bcin\u0101\u0161anu.<\/li>\n<li>Ministrs: J\u0101mekl\u0113 kompromiss starp dabas aizsardz\u012bbas un tautsaimniec\u012bbas interes\u0113m.<\/li>\n<li>P\u0101rstr\u0101d\u0101tais pl\u0101ns var\u0113tu b\u016bt gatavs n\u0101kam\u0101 gada pirmaj\u0101 pus\u0113.<\/li>\n<\/ul>\n<p>\u0160obr\u012bd ir aptur\u0113ta sabiedrisk\u0101 apsprie\u0161ana par J\u016bras aizsarg\u0101jamo teritoriju dabas aizsardz\u012bbas pl\u0101nu, jo jau pirmaj\u0101s san\u0101ksm\u0113s bija daudz iebildumu par atsevi\u0161\u0137iem priek\u0161likumiem.<\/p>\n<blockquote>\n<p>Neapmierin\u0101t\u012bbu paudu\u0161as\u00a0gan piekrastes pa\u0161vald\u012bbas, gan <a href=\"https:\/\/www.lsm.lv\/raksts\/zinas\/ekonomika\/09.12.2025-piekrastes-zvejnieki-pauz-bazas-par-jauniem-liegumiem.a625548\/\" class=\"lsm-link\" data-type=\"article\" data-id=\"625548\" rel=\"nofollow noopener\" target=\"_blank\">zvejnieki<\/a>. Tiesa gan zvejnieki ba\u017eas par pl\u0101niem ierobe\u017eot zvejniec\u012bbu pauda jau ar\u012b p\u0113rn vasar\u0101, tiekoties ar \u0161\u012b pl\u0101na izstr\u0101d\u0101t\u0101jiem.<\/p>\n<\/blockquote>\n<p>Piekrastes zvejnieki nav gatavi pie\u013caut aroda izn\u012bcin\u0101\u0161anu<\/p>\n<p>Viens no priek\u0161likumiem \u0161obr\u012bd ir da\u013c\u0101 piekrastes putnu ligzdo\u0161anas laik\u0101 noteikt sezon\u0101lo liegumu no 15. marta l\u012bdz 31. augustam, k\u0101 ar\u012b paredz\u0113tas atsevi\u0161\u0137as stingras aizsardz\u012bbas zonas. Biedr\u012bbas &#8220;Mazj\u016bras zvejnieki&#8221; valdes priek\u0161s\u0113d\u0113t\u0101js Andris C\u012brulis atzina, ka tas izn\u012bcin\u0101s tradicion\u0101lo arodu, turkl\u0101t zvejnieki arvien neizprot, k\u0101da ir tie\u0161i vi\u0146u ietekme uz putnu ligzdo\u0161anu vai uz j\u016bras ekosist\u0113mai svar\u012bgaj\u0101m a\u013c\u0123\u0113m.<\/p>\n<p>&#8220;Tas liegums ir visp\u0101r paredz\u0113ts princip\u0101 gandr\u012bz pa visu piekrasti no 15. marta l\u012bdz augusta beig\u0101m. T\u0101 ir visa sezona un tad cauri, jo luc\u012bti tad visp\u0101r vairs neredz\u0113s latvie\u0161i, jo t\u0101 ir akt\u012bv\u0101k\u0101 sezona, kad piekrastes zvejnieki zvejo. M\u0113s neko nedar\u0101m putniem, m\u0113s neko nedar\u0101m a\u013c\u0123\u0113m. Un princip\u0101 jau projekta virz\u012b\u0161ana ir tikai aptur\u0113ta, bet m\u0113s gribam p\u0101rliec\u012bbu, ka netiks ietekm\u0113ta piekrastes zveja. M\u0113s esam paliku\u0161i p\u0113d\u0113jie. Otrk\u0101rt, m\u0113s esam izg\u0101ju\u0161i cauri vis\u0101m regul\u0101m. Eiropa izsaka tie\u0161i simtprocent\u012bgu atbalstu mazajai piekrastes zvejniec\u012bbai, kas zvejo ar pas\u012bviem zvejas r\u012bkiem. Tie esam m\u0113s un, kad n\u0101ca \u0161\u012bs kartes, tas bija k\u0101 zibens no skaidr\u0101m debes\u012bm, jo m\u0113s nekad nedom\u0101j\u0101m, ka grib aizliegt m\u016bsu arodu. Un m\u0113s to nepie\u013causim,&#8221; atz\u012bm\u0113ja C\u012brulis.<\/p>\n<p>T\u0101pat izskan\u0113jis, ka pl\u0101notie ierobe\u017eojumi ietekm\u0113tu ar\u012b bur\u0101\u0161anu, veikbordu un taml\u012bdz\u012bgas sporta aktivit\u0101tes uz \u016bdens, k\u0101 ar\u012b t\u016brismu piekrast\u0113.<\/p>\n<p>Ministrs: J\u0101mekl\u0113 kompromiss starp dabas aizsardz\u012bbas un tautsaimniec\u012bbas interes\u0113m<\/p>\n<p>\u0145emot v\u0113r\u0101 visus \u0161os iebildumus, vied\u0101s administr\u0101cijas un re\u0123ion\u0101l\u0101s att\u012bst\u012bbas ministrs Raimonds \u010cudars (&#8220;Jaun\u0101 Vienot\u012bba&#8221;) \u0161o<a href=\"https:\/\/www.lsm.lv\/raksts\/zinas\/latvija\/11.12.2025-varam-aptur-un-sola-parstradat-jauno-juras-liegumu-planu.a625992\/?utm_source=lsm&amp;utm_medium=article-bottom&amp;utm_campaign=article\" class=\"lsm-link\" data-type=\"article\" data-id=\"625992\" rel=\"nofollow noopener\" target=\"_blank\"> pl\u0101na virz\u012bbu ir aptur\u0113jis un uzdevis to uzlabot<\/a>.<\/p>\n<p>J\u016bras aizsardz\u012bbas pl\u0101ns top projekta &#8220;Life Reef&#8221; \\ietvaros, kas ilgst jau piecus gadus, un j\u016bras biotopu izp\u0113tei atv\u0113l\u0113tais finans\u0113jums ir 4 miljoni eiro no Eiropas Savien\u012bbas un Latvijas bud\u017eeta l\u012bdzek\u013ciem. Projekta m\u0113r\u0137is ir izp\u0113t\u012bt dabas bag\u0101t\u012bbas piekrast\u0113 un ar\u012b noteikt t\u0101m nepiecie\u0161amo aizsardz\u012bbas statusu. Ministrs gan nor\u0101d\u012bja, ka tas nenoz\u012bm\u0113, ka \u0161is darbs bijis bezj\u0113dz\u012bgs, turkl\u0101t \u0161\u012b pl\u0101na uzlabo\u0161ana nepras\u012b\u0161ot papildu l\u012bdzek\u013cus.<\/p>\n<p>&#8220;Sabiedrisk\u0101s apsprie\u0161anas process nor\u0101d\u012bja uz virkni probl\u0113mu, un pa\u0161reiz\u0113jais pied\u0101v\u0101jums nav iesp\u0113jams. Ir svar\u012bgi tom\u0113r veikt daudz dzi\u013c\u0101ku darbu attiec\u012bb\u0101 uz izstr\u0101d\u0101to pied\u0101v\u0101jumu. \u0160obr\u012bd pl\u0101ns paredz \u013coti b\u016btisku aizsarg\u0101jamo dabas teritoriju apjoma pieaugumu ne tikai j\u016bras l\u012bc\u012b, bet ar\u012b di\u017ej\u016br\u0101, un tas, protams, ietekm\u0113s \u0161obr\u012bd ar\u012b tradicion\u0101lo piej\u016bras zvejniec\u012bbu, ja skat\u0101mies no liegumu periodiem un skat\u0101mies no zvejniec\u012bbas apjomiem. Un \u0161obr\u012bd ir j\u0101mekl\u0113 kompromiss starp dabas aizsardz\u012bbas interes\u0113m un ar\u012b tautsaimniec\u012bbas interes\u0113m un viet\u0113jo kopienu interes\u0113m. Ir j\u0101turpina darbs pie \u0161\u012b pl\u0101na. Tas noz\u012bm\u0113tu, ka tik tie\u0161\u0101m b\u016btu j\u0101p\u0101rskata noteikto teritoriju liegumu apjomi,&#8221; nor\u0101d\u012bja ministrs.<\/p>\n<p>Pl\u0101ns var\u0113tu b\u016bt gatavs n\u0101kam\u0101 gada pirmaj\u0101 pus\u0113<\/p>\n<p>Dabas aizsardz\u012bbas p\u0101rvalde (DAP) jau ir pazi\u0146ojusi, ka atce\u013c iepriek\u0161 pl\u0101not\u0101s kl\u0101tienes <a href=\"https:\/\/www.lsm.lv\/raksts\/zinas\/latvija\/30.10.2025-par-toposajiem-juras-biotopu-aizsardzibas-planiem-jau-tuvakaja-laika-sola-plasas-diskusijas.a620362\/\" class=\"lsm-link\" data-type=\"article\" data-id=\"620362\" rel=\"nofollow noopener\" target=\"_blank\">sabiedrisk\u0101s apspriedes<\/a>. Divas jau notika \u2013 \u0136emeros un Salacgr\u012bv\u0101, bet 16. decembr\u012b bija pl\u0101nota apspriede ar\u012b Kolk\u0101.<\/p>\n<p>P\u0101rvalde skaidroja, ka min\u0113tos priek\u0161likumus cilv\u0113ki mald\u012bgi uztv\u0113ru\u0161i k\u0101 dabas aizsardz\u012bbas pl\u0101na gala versiju. T\u0101p\u0113c sabiedrisko apsprie\u0161anu turpin\u0101s jau ar uzlaboto pl\u0101nu atk\u0101rtot\u0101s san\u0101ksm\u0113s.<\/p>\n<p>Neraugoties uz DAP pazi\u0146ojumu, biedr\u012bba &#8220;Mazj\u016bras zvejnieki&#8221; t\u0101pat n\u0101kamned\u0113\u013c pulc\u0113sies Kolkas kult\u016bras nam\u0101, lai situ\u0101ciju apspriestu un gaida ar\u012b ministrijas un DAP p\u0101rst\u0101vjus, sac\u012bja C\u012brulis.<\/p>\n<blockquote>\n<p>Tikm\u0113r ministrs v\u0113l bilda, ka j\u016bras teritoriju dabas aizsardz\u012bbas pl\u0101ns b\u016b\u0161ot gatavs n\u0101kam\u0101 gada pirmaj\u0101 pus\u0113.<\/p>\n<\/blockquote>\n<p>KONTEKSTS:<\/p>\n<p>Jau vair\u0101k nek\u0101 5 gadus ilgst\u00a0J\u016bras aizsarg\u0101jamo biotopu\u00a0<a href=\"https:\/\/reef.daba.gov.lv\/public\/lat\/galerija\/video_galerija\/\" target=\"_blank\" rel=\"nofollow noopener\">izp\u0113tes projekts &#8220;Life reef&#8221;<\/a>, ko \u012bsteno Dabas aizsardz\u012bbas p\u0101rvalde (DAP) sadarb\u012bb\u0101 ar zin\u0101tnisko instit\u016btu &#8220;Bior&#8221; un Latvijas Hidroekolo\u0123ijas instit\u016btu. Projekta galvenais m\u0113r\u0137is ir\u00a0<a data-id=\"620362\" data-type=\"article\" href=\"https:\/\/www.lsm.lv\/raksts\/zinas\/latvija\/30.10.2025-par-toposajiem-juras-biotopu-aizsardzibas-planiem-jau-tuvakaja-laika-sola-plasas-diskusijas.a620362\/\" class=\"lsm-link\" rel=\"nofollow noopener\" target=\"_blank\">izp\u0113t\u012bt j\u016bras aizsarg\u0101jamos biotopus<\/a>\u00a0un nodro\u0161in\u0101t tiem nepiecie\u0161amo aizsardz\u012bbas statusu Latvijas ekskluz\u012bvaj\u0101 ekonomiskaj\u0101 zon\u0101 (EEZ). Latvija jau ir sa\u0146\u0113musi p\u0101rmetumus, ka v\u0113rt\u012bgie j\u016bras biotopi netiek pietiekami aizsarg\u0101ti.<\/p>\n<p>Aizsarg\u0101jamo j\u016bras teritoriju t\u012bkls izveidots 2010. gad\u0101 un iek\u013cauts Eiropas noz\u012bmes aizsarg\u0101jamo dabas teritoriju t\u012bkl\u0101 &#8220;Natura 2000&#8221;, lai nodro\u0161in\u0101tu j\u016bras biotopu, sugu saglab\u0101\u0161anu un migr\u0113jo\u0161o putnu baro\u0161an\u0101s un ziemo\u0161anas vietu aizsardz\u012bbu.<\/p>\n<p>Projekt\u0101 veic j\u016bras biolo\u0123isk\u0101s daudzveid\u012bbas kart\u0113\u0161anu\u00a0EEZ \u016bde\u0146os, p\u0101rskata pieejamos\u00a0datus\u00a0par Latvijai piekrit\u012bgajiem j\u016bras \u016bde\u0146iem, sniedz priek\u0161likumus aizsarg\u0101jamo j\u016bras teritoriju t\u012bkla papla\u0161in\u0101\u0161anai, vienlaikus veidojot da\u017e\u0101das funkcion\u0101l\u0101s zonas, lai nodro\u0161in\u0101tu ilgtsp\u0113j\u012bgu biolo\u0123isk\u0101s daudzveid\u012bbas saglab\u0101\u0161anu un saimniecisk\u0101s darb\u012bbas \u012bsteno\u0161anu.<\/p>\n<p>Jaun\u0101s j\u016bras aizsarg\u0101jam\u0101s teritorijas ieguvu\u0161as ar\u012b jaunus nosaukumus\u00a0\u2013 Z\u0113\u0123elnieku s\u0113k\u013ci pie Ventspils, Papes kalva un Alku s\u0113klis pie P\u0101vilostas. Latvij\u0101 pa\u0161laik ir septi\u0146as j\u016bras aizsarg\u0101jam\u0101s teritorijas.<\/p>\n<p>Iebildumus pret pl\u0101na projektu\u00a0<a data-id=\"625548\" data-type=\"article\" href=\"https:\/\/www.lsm.lv\/raksts\/zinas\/ekonomika\/09.12.2025-piekrastes-zvejnieki-pauz-bazas-par-jauniem-liegumiem.a625548\/\" class=\"lsm-link\" rel=\"nofollow noopener\" target=\"_blank\">paudu\u0161i piekrastes zvejnieki<\/a>, nor\u0101dot, ka tas nesam\u0113r\u012bgi ierobe\u017eos zvejniec\u012bbu. DAP rosinot b\u016btiski ierobe\u017eot zveju pla\u0161os j\u016bras apgabalos Latvijas piekrast\u0113. T\u0101d\u0113j\u0101di \u013coti negat\u012bvi tik\u0161ot ietekm\u0113ta saimniecisk\u0101 aktivit\u0101te daudzos R\u012bgas l\u012b\u010da un Baltijas j\u016bras ciematos un pils\u0113t\u0101s, kuros zveja, zivju k\u016bpin\u0101\u0161ana un apstr\u0101de ir svar\u012bgs r\u016bpals simtiem \u0123ime\u0146u, zvejnieku saimniec\u012bbu un uz\u0146\u0113mumu.<\/p>\n<p>\u0145emot v\u0113r\u0101 visus \u0161os iebildumus, vied\u0101s administr\u0101cijas un re\u0123ion\u0101l\u0101s att\u012bst\u012bbas ministrs Raimonds \u010cudars (&#8220;Jaun\u0101 Vienot\u012bba&#8221;) \u0161o<a href=\"https:\/\/www.lsm.lv\/raksts\/zinas\/latvija\/11.12.2025-varam-aptur-un-sola-parstradat-jauno-juras-liegumu-planu.a625992\/?utm_source=lsm&amp;utm_medium=article-bottom&amp;utm_campaign=article\" class=\"lsm-link\" data-type=\"article\" data-id=\"625992\" rel=\"nofollow noopener\" target=\"_blank\"> pl\u0101na virz\u012bbu ir aptur\u0113jis un uzdevis to uzlabot<\/a>.<\/p>\n<p>                    Valodas k\u013c\u016bda rakst\u0101?<\/p>\n<p class=\"d-none d-md-block\">Iez\u012bm\u0113jiet tekstu un spiediet Ctrl+Enter, lai nos\u016bt\u012btu labojamo teksta fragmentu redaktoram! Par faktu k\u013c\u016bd\u0101m l\u016bdzam zi\u0146ot e-past\u0101 <a href=\"https:\/\/www.lsm.lv\/cdn-cgi\/l\/email-protection\" class=\"__cf_email__\" data-cfemail=\"4f3d2a2b2e242c26252e0f233c22612339\" rel=\"nofollow noopener\" target=\"_blank\">[email\u00a0protected]<\/a>.<\/p>\n<p class=\"d-md-none\">Iez\u012bm\u0113jiet tekstu un spiediet uz Zi\u0146ot par k\u013c\u016bdu pogas, lai nos\u016bt\u012btu labojamo teksta fragmentu redaktoram!<\/p>\n<p>\n                    Zi\u0146ot par k\u013c\u016bdu\n                <\/p>\n","protected":false},"excerpt":{"rendered":"Zvejnieku un citu piekrastes iedz\u012bvot\u0101ju iebil\u017eu d\u0113\u013c aptur\u0113ta jaun\u0101 j\u016bras aizsardz\u012bbas pl\u0101na virz\u012bba. Vied\u0101s administr\u0101cijas un re\u0123ion\u0101l\u0101s att\u012bst\u012bbas&hellip;\n","protected":false},"author":2,"featured_media":72444,"comment_status":"","ping_status":"","sticky":false,"template":"","format":"standard","meta":{"footnotes":""},"categories":[12],"tags":[23,28,29,32,33,22,30,31,35,39,38,36,37,34,40,20,26,27,24,25,21],"class_list":{"0":"post-72443","1":"post","2":"type-post","3":"status-publish","4":"format-standard","5":"has-post-thumbnail","7":"category-latvija","8":"tag-aktualitates","9":"tag-breaking-news","10":"tag-breakingnews","11":"tag-featured-news","12":"tag-featurednews","13":"tag-headlines","14":"tag-latest-news","15":"tag-latestnews","16":"tag-latvia","17":"tag-latvian","18":"tag-latviesu","19":"tag-latviesu-valoda","20":"tag-latviesuvaloda","21":"tag-latvija","22":"tag-lv","23":"tag-news","24":"tag-popularakas-zinas","25":"tag-popularakaszinas","26":"tag-top-stories","27":"tag-topstories","28":"tag-zinas"},"share_on_mastodon":{"url":"https:\/\/pubeurope.com\/@lv\/115706635398743988","error":""},"_links":{"self":[{"href":"https:\/\/www.europesays.com\/lv\/wp-json\/wp\/v2\/posts\/72443","targetHints":{"allow":["GET"]}}],"collection":[{"href":"https:\/\/www.europesays.com\/lv\/wp-json\/wp\/v2\/posts"}],"about":[{"href":"https:\/\/www.europesays.com\/lv\/wp-json\/wp\/v2\/types\/post"}],"author":[{"embeddable":true,"href":"https:\/\/www.europesays.com\/lv\/wp-json\/wp\/v2\/users\/2"}],"replies":[{"embeddable":true,"href":"https:\/\/www.europesays.com\/lv\/wp-json\/wp\/v2\/comments?post=72443"}],"version-history":[{"count":0,"href":"https:\/\/www.europesays.com\/lv\/wp-json\/wp\/v2\/posts\/72443\/revisions"}],"wp:featuredmedia":[{"embeddable":true,"href":"https:\/\/www.europesays.com\/lv\/wp-json\/wp\/v2\/media\/72444"}],"wp:attachment":[{"href":"https:\/\/www.europesays.com\/lv\/wp-json\/wp\/v2\/media?parent=72443"}],"wp:term":[{"taxonomy":"category","embeddable":true,"href":"https:\/\/www.europesays.com\/lv\/wp-json\/wp\/v2\/categories?post=72443"},{"taxonomy":"post_tag","embeddable":true,"href":"https:\/\/www.europesays.com\/lv\/wp-json\/wp\/v2\/tags?post=72443"}],"curies":[{"name":"wp","href":"https:\/\/api.w.org\/{rel}","templated":true}]}}