{"id":72447,"date":"2025-12-12T12:49:10","date_gmt":"2025-12-12T12:49:10","guid":{"rendered":"https:\/\/www.europesays.com\/lv\/72447\/"},"modified":"2025-12-12T12:49:10","modified_gmt":"2025-12-12T12:49:10","slug":"tas-ir-tikai-baumas-silina-atbild-par-rail-baltica-posmu-no-rigas-lidz-igaunijai","status":"publish","type":"post","link":"https:\/\/www.europesays.com\/lv\/72447\/","title":{"rendered":"T\u0101s ir tikai baumas! Sili\u0146a atbild par \u201cRail Baltica\u201d posmu no R\u012bgas l\u012bdz Igaunijai"},"content":{"rendered":"<p>    <img decoding=\"async\" src=\"https:\/\/www.europesays.com\/lv\/wp-content\/uploads\/2025\/10\/LET_24818199-1024x673.jpg\" alt=\"&#10;Foto: Edijs P\u0101lens\/LETA&#10;\"\/><\/p>\n<p>Foto: Edijs P\u0101lens\/LETA<\/p>\n<p>\u201cRail Baltica\u201d tilta p\u0101r Daugavu b\u016bvniec\u012bbas darbi.\n<\/p>\n<p>14:35, 12. decembris 2025<\/p>\n<p>Pie\u013c\u0101vumi, ka Latvija neb\u016bv\u0113s dzelzce\u013ca projekta \u201cRail Baltica\u201d posmu no R\u012bgas l\u012bdz Igaunijai, ir tikai baumas, \u0161odien p\u0113c tik\u0161an\u0101s ar p\u0101r\u0113jiem Baltijas valstu premjeriem pazi\u0146oja Latvijas Ministru prezidente Evika Sili\u0146a (JV).<\/p>\n<p>        Las\u012bt\u0101kie<br \/>\n        <a data-imagesrc=\"{&quot;300&quot;:&quot;https:\\\/\\\/lastatic.ams3.cdn.digitaloceanspaces.com\\\/2024\\\/11\\\/AgenskalnaTirgus3_TS_5-300x200.jpg&quot;,&quot;768&quot;:&quot;https:\\\/\\\/lastatic.ams3.cdn.digitaloceanspaces.com\\\/2024\\\/11\\\/AgenskalnaTirgus3_TS_5-768x511.jpg&quot;,&quot;200&quot;:&quot;https:\\\/\\\/lastatic.ams3.cdn.digitaloceanspaces.com\\\/2024\\\/11\\\/AgenskalnaTirgus3_TS_5-200x133.jpg&quot;,&quot;400&quot;:&quot;https:\\\/\\\/lastatic.ams3.cdn.digitaloceanspaces.com\\\/2024\\\/11\\\/AgenskalnaTirgus3_TS_5-400x266.jpg&quot;,&quot;500&quot;:&quot;https:\\\/\\\/lastatic.ams3.cdn.digitaloceanspaces.com\\\/2024\\\/11\\\/AgenskalnaTirgus3_TS_5-500x333.jpg&quot;,&quot;800&quot;:&quot;https:\\\/\\\/lastatic.ams3.cdn.digitaloceanspaces.com\\\/2024\\\/11\\\/AgenskalnaTirgus3_TS_5-800x532.jpg&quot;,&quot;1000&quot;:&quot;https:\\\/\\\/lastatic.ams3.cdn.digitaloceanspaces.com\\\/2024\\\/11\\\/AgenskalnaTirgus3_TS_5.jpg&quot;}\" data-focuspoint=\"&quot;&quot;\" data-p=\"2479721\" href=\"https:\/\/www.la.lv\/ta-nu-mes-edam-ka-divi-bomzi-liga-pastasta-par-nepatikamo-parsteigumu-agenskalna-tirgu\" class=\"content-item lazy-load\" wp_automatic_readability=\"27\" rel=\"nofollow noopener\" target=\"_blank\"><\/p>\n<p>                                <img decoding=\"async\" src=\"\" alt=\"\" style=\"\" data-imageid=\"\"\/><\/p>\n<p>\n                                                \u201cT\u0101 nu m\u0113s \u0113d\u0101m k\u0101 divi bom\u017ei,\u201d L\u012bga past\u0101sta par nepat\u012bkamo p\u0101rsteigumu \u0100genskalna tirg\u016b\n                            <\/p>\n<p><\/a><a data-imagesrc=\"{&quot;300&quot;:&quot;https:\\\/\\\/lastatic.ams3.cdn.digitaloceanspaces.com\\\/2021\\\/10\\\/magone234-300x184.jpg&quot;,&quot;768&quot;:&quot;https:\\\/\\\/lastatic.ams3.cdn.digitaloceanspaces.com\\\/2021\\\/10\\\/magone234-768x472.jpg&quot;,&quot;200&quot;:&quot;https:\\\/\\\/lastatic.ams3.cdn.digitaloceanspaces.com\\\/2021\\\/10\\\/magone234-200x123.jpg&quot;,&quot;400&quot;:&quot;https:\\\/\\\/lastatic.ams3.cdn.digitaloceanspaces.com\\\/2021\\\/10\\\/magone234-400x246.jpg&quot;,&quot;500&quot;:&quot;https:\\\/\\\/lastatic.ams3.cdn.digitaloceanspaces.com\\\/2021\\\/10\\\/magone234-500x307.jpg&quot;,&quot;800&quot;:&quot;https:\\\/\\\/lastatic.ams3.cdn.digitaloceanspaces.com\\\/2021\\\/10\\\/magone234-800x492.jpg&quot;,&quot;1000&quot;:&quot;https:\\\/\\\/lastatic.ams3.cdn.digitaloceanspaces.com\\\/2021\\\/10\\\/magone234-1000x615.jpg&quot;,&quot;1017&quot;:&quot;https:\\\/\\\/lastatic.ams3.cdn.digitaloceanspaces.com\\\/2021\\\/10\\\/magone234.jpg&quot;}\" data-focuspoint=\"&quot;&quot;\" data-p=\"2479706\" href=\"https:\/\/www.la.lv\/sviez-edienu-te-pa-galdu-magone-vairs-nekluse-un-atklaj-ko-sova-kameras-vinas-attiecibas-ar-edgaru-nenofilmeja\" class=\"content-item lazy-load\" wp_automatic_readability=\"27\" rel=\"nofollow noopener\" target=\"_blank\"><\/p>\n<p>                                <img decoding=\"async\" src=\"\" alt=\"\" style=\"\" data-imageid=\"\"\/><\/p>\n<p>\n                                                \u201cSvie\u017e \u0113dienu te pa galdu\u2026\u201d Magone vairs neklus\u0113 un atkl\u0101j, ko \u0161ova kameras vi\u0146as attiec\u012bb\u0101s ar Edgaru nenofilm\u0113ja\n                            <\/p>\n<p><\/a><a data-imagesrc=\"{&quot;300&quot;:&quot;https:\\\/\\\/lastatic.ams3.cdn.digitaloceanspaces.com\\\/2024\\\/07\\\/pexels-olly-3831552-300x200.jpg&quot;,&quot;1024&quot;:&quot;https:\\\/\\\/lastatic.ams3.cdn.digitaloceanspaces.com\\\/2024\\\/07\\\/pexels-olly-3831552-1024x683.jpg&quot;,&quot;768&quot;:&quot;https:\\\/\\\/lastatic.ams3.cdn.digitaloceanspaces.com\\\/2024\\\/07\\\/pexels-olly-3831552-768x512.jpg&quot;,&quot;1536&quot;:&quot;https:\\\/\\\/lastatic.ams3.cdn.digitaloceanspaces.com\\\/2024\\\/07\\\/pexels-olly-3831552-1536x1024.jpg&quot;,&quot;2048&quot;:&quot;https:\\\/\\\/lastatic.ams3.cdn.digitaloceanspaces.com\\\/2024\\\/07\\\/pexels-olly-3831552-2048x1365.jpg&quot;,&quot;200&quot;:&quot;https:\\\/\\\/lastatic.ams3.cdn.digitaloceanspaces.com\\\/2024\\\/07\\\/pexels-olly-3831552-200x133.jpg&quot;,&quot;400&quot;:&quot;https:\\\/\\\/lastatic.ams3.cdn.digitaloceanspaces.com\\\/2024\\\/07\\\/pexels-olly-3831552-400x267.jpg&quot;,&quot;500&quot;:&quot;https:\\\/\\\/lastatic.ams3.cdn.digitaloceanspaces.com\\\/2024\\\/07\\\/pexels-olly-3831552-500x333.jpg&quot;,&quot;800&quot;:&quot;https:\\\/\\\/lastatic.ams3.cdn.digitaloceanspaces.com\\\/2024\\\/07\\\/pexels-olly-3831552-800x533.jpg&quot;,&quot;1000&quot;:&quot;https:\\\/\\\/lastatic.ams3.cdn.digitaloceanspaces.com\\\/2024\\\/07\\\/pexels-olly-3831552-1000x667.jpg&quot;,&quot;2560&quot;:&quot;https:\\\/\\\/lastatic.ams3.cdn.digitaloceanspaces.com\\\/2024\\\/07\\\/pexels-olly-3831552-scaled.jpg&quot;}\" data-focuspoint=\"&quot;&quot;\" data-p=\"2272579\" href=\"https:\/\/www.la.lv\/eksperti-ir-nosaukusi-9-automasinas-no-kuram-vajadzetu-izvairities-pensionariem\" class=\"content-item lazy-load\" wp_automatic_readability=\"26.5\" rel=\"nofollow noopener\" target=\"_blank\"><\/p>\n<p>                                <img decoding=\"async\" src=\"\" alt=\"\" style=\"\" data-imageid=\"\"\/><\/p>\n<p>\n                                                Eksperti ir nosauku\u0161i 9 automa\u0161\u012bnas, no kur\u0101m vajadz\u0113tu izvair\u012bties pension\u0101riem\n                            <\/p>\n<p><\/a><br \/>\n        <a class=\"read-more\" href=\"https:\/\/www.la.lv\/top\" rel=\"nofollow noopener\" target=\"_blank\">Las\u012bt citas zi\u0146as<\/a><\/p>\n<p>Sili\u0146a uzsv\u0113ra, ka finans\u0113jums \u201cRail Baltica\u201d ir visu triju Baltijas valstu kop\u012bg\u0101 priorit\u0101te. \u201cM\u0113r\u0137is ir pan\u0101kt maksim\u0101lu atbalstu \u0161im projektam n\u0101kamaj\u0101 Eiropas Savien\u012bbas bud\u017eet\u0101,\u201d teica Latvijas premjere un atz\u012bm\u0113ja, ka \u201cRail Baltica\u201d \u012bsteno\u0161ana bija viena no galvenaj\u0101m Latvijas priorit\u0101t\u0113m Baltijas Ministru padom\u0113 2025. gad\u0101.<\/p>\n<p>Run\u0101jot par r\u012bc\u012bbu 2026. gad\u0101, Sili\u0146a pauda, ka \u201cnaudas b\u016bvniec\u012bbai \u0161obr\u012bd pietiek, atliek tikai b\u016bv\u0113t, b\u016bv\u0113t un b\u016bv\u0113t\u201d.<\/p>\n<p>    CITI \u0160OBR\u012aD LASA<\/p>\n<p>Vi\u0146aspr\u0101t, Latvij\u0101 projekts beidzot esot ticis nost no liel\u0101s publisk\u0101s rezonanses, kas projektam pozit\u012bvu t\u0113lu neesot nesis. Sili\u0146a uzsv\u0113ra, ka Latvijai ir gan Eiropas Savien\u012bbas nauda, gan finans\u0113jums no valsts bud\u017eeta, lai var\u0113tu b\u016bv\u0113t \u0161o projektu.<\/p>\n<p>Vienlaikus Sili\u0146a atzina, ka l\u012bdz galam nav apmierin\u0101ta ar cen\u0101m, kas ir biju\u0161as projekt\u0101. Tom\u0113r vi\u0146a pauda p\u0101rliec\u012bbu, ka \u201cRail Baltica\u201d pamattrases projekt\u0113\u0161anas vad\u012bba, nododot to SIA \u201cEiropas dzelzce\u013ca l\u012bnijas\u201d (EDzL) p\u0101rzi\u0146\u0101, p\u0101rnes projektu cit\u0101 l\u012bmen\u012b. \u201cProjektam bija vajadz\u012bg\u0101ka stingr\u0101ka roka, stingr\u0101ka uzraudz\u012bba. Tagad tas ir uzlikts uz slied\u0113m,\u201d uzskata Sili\u0146a.<\/p>\n<p>Vi\u0146a nor\u0101d\u012bja, ka par finans\u0113jumu savienojumam ar Igauniju dom\u0101ts par da\u017e\u0101diem risin\u0101jumiem, tostarp Latvij\u0101 tiek run\u0101ts par publisko un priv\u0101to partner\u012bbu. \u201cBet visas baumas, ka m\u0113s uz Igauniju neb\u016bv\u0113sim, ir baumas. Mums ir vajadz\u012bgs \u0161is savienojums,\u201d uzsv\u0113ra Sili\u0146a.<\/p>\n<p>Atbildot uz jaut\u0101jumu, vai Igaunij\u0101 un Lietuv\u0101 nav ba\u017eas, ka Latvij\u0101 \u201cRail Baltica\u201d b\u016bvniec\u012bba notiek daudz l\u0113n\u0101k, Igaunijas premjers Kristens Mihals nor\u0101d\u012bja, ka Latvija ir paudusi skaidru v\u0113st\u012bjumu, ka Igaunijas virzien\u0101 notiek akt\u012bva pl\u0101no\u0161ana. \u201cT\u0101 ir pozit\u012bva zi\u0146a mums,\u201d teica Mihals.<\/p>\n<p>Vi\u0146\u0161 pauda, ka Igaunijai ir uztic\u012bba tam, ka Sili\u0146as vald\u012bba veiksm\u012bgi darbosies, lai posms tiktu finans\u0113tus un uzb\u016bv\u0113ts.<\/p>\n<p>Ar\u012b Lietuvas premjere Inga Ru\u0123iniene, atbildot uz to pa\u0161u jaut\u0101jumu, pauda gandar\u012bjumu, ka Latvijas premjere ir par\u0101d\u012bjusi, ka \u0161aj\u0101 zi\u0146\u0101 ir liels progress un, ja pirms da\u017eiem gadiem tas rad\u012bja nemieru, tad tagad vairs ne.<\/p>\n<p>Vi\u0146a nor\u0101d\u012bja, ka Lietuva projektu pl\u0101no pabeigt 2030. gad\u0101, un pauda p\u0101rliec\u012bbu, ka ar\u012b Latvija cie\u0161i tam sekos.<\/p>\n<p>Jau v\u0113st\u012bts, ka atbilsto\u0161i jaun\u0101kajai \u201cRB Rail\u201d inform\u0101cijai \u201cRail Baltica\u201d pirm\u0101s k\u0101rtas izmaksas Baltij\u0101 var\u0113tu sasniegt 14,3 miljardus eiro, no tiem Latvij\u0101 \u2013 5,5 miljardus eiro, tom\u0113r ir iesp\u0113jams potenci\u0101ls ietaup\u012bjums l\u012bdz 500 miljoniem eiro no tehnisko risin\u0101jumu optimiz\u0101cijas, k\u0101 ar\u012b ir iesp\u0113jami citi ietaup\u012bjumi.<\/p>\n<p>Kop\u0113j\u0101s projekta izmaksas atbilsto\u0161i izmaksu un ieguvumu anal\u012bzei Baltij\u0101 var sasniegt 23,8 miljardus eiro. Iepriek\u0161\u0113j\u0101 izmaksu un ieguvumu anal\u012bz\u0113 2017. gad\u0101 tika l\u0113sts, ka projekts kopum\u0101 izmaks\u0101s 5,8 miljardus eiro.<\/p>\n<p>\u201cRail Baltica\u201d projekts paredz izveidot Eiropas standarta slie\u017eu platuma dzelzce\u013ca l\u012bniju no Tallinas l\u012bdz Lietuvas un Polijas robe\u017eai, lai t\u0101l\u0101k ar dzelzce\u013cu Baltijas valstis b\u016btu iesp\u0113jams savienot ar cit\u0101m Eiropas valst\u012bm. Baltijas valst\u012bs pl\u0101nots izb\u016bv\u0113t jaunu, 870 kilometru garu Eiropas slie\u017eu platuma (1435 mm) dzelzce\u013ca l\u012bniju ar vilcienu maksim\u0101lo \u0101trumu 240 kilometri stund\u0101.<\/p>\n<p>T\u0113mas<\/p>\n<p>    SAIST\u012aTIE RAKSTI<\/p>\n","protected":false},"excerpt":{"rendered":"Foto: Edijs P\u0101lens\/LETA \u201cRail Baltica\u201d tilta p\u0101r Daugavu b\u016bvniec\u012bbas darbi. 14:35, 12. decembris 2025 Pie\u013c\u0101vumi, ka Latvija neb\u016bv\u0113s&hellip;\n","protected":false},"author":2,"featured_media":25491,"comment_status":"","ping_status":"","sticky":false,"template":"","format":"standard","meta":{"footnotes":""},"categories":[12],"tags":[23,28,29,32,33,22,30,31,35,39,38,36,37,34,40,20,26,27,24,25,21],"class_list":{"0":"post-72447","1":"post","2":"type-post","3":"status-publish","4":"format-standard","5":"has-post-thumbnail","7":"category-latvija","8":"tag-aktualitates","9":"tag-breaking-news","10":"tag-breakingnews","11":"tag-featured-news","12":"tag-featurednews","13":"tag-headlines","14":"tag-latest-news","15":"tag-latestnews","16":"tag-latvia","17":"tag-latvian","18":"tag-latviesu","19":"tag-latviesu-valoda","20":"tag-latviesuvaloda","21":"tag-latvija","22":"tag-lv","23":"tag-news","24":"tag-popularakas-zinas","25":"tag-popularakaszinas","26":"tag-top-stories","27":"tag-topstories","28":"tag-zinas"},"share_on_mastodon":{"url":"https:\/\/pubeurope.com\/@lv\/115706682680977754","error":""},"_links":{"self":[{"href":"https:\/\/www.europesays.com\/lv\/wp-json\/wp\/v2\/posts\/72447","targetHints":{"allow":["GET"]}}],"collection":[{"href":"https:\/\/www.europesays.com\/lv\/wp-json\/wp\/v2\/posts"}],"about":[{"href":"https:\/\/www.europesays.com\/lv\/wp-json\/wp\/v2\/types\/post"}],"author":[{"embeddable":true,"href":"https:\/\/www.europesays.com\/lv\/wp-json\/wp\/v2\/users\/2"}],"replies":[{"embeddable":true,"href":"https:\/\/www.europesays.com\/lv\/wp-json\/wp\/v2\/comments?post=72447"}],"version-history":[{"count":0,"href":"https:\/\/www.europesays.com\/lv\/wp-json\/wp\/v2\/posts\/72447\/revisions"}],"wp:featuredmedia":[{"embeddable":true,"href":"https:\/\/www.europesays.com\/lv\/wp-json\/wp\/v2\/media\/25491"}],"wp:attachment":[{"href":"https:\/\/www.europesays.com\/lv\/wp-json\/wp\/v2\/media?parent=72447"}],"wp:term":[{"taxonomy":"category","embeddable":true,"href":"https:\/\/www.europesays.com\/lv\/wp-json\/wp\/v2\/categories?post=72447"},{"taxonomy":"post_tag","embeddable":true,"href":"https:\/\/www.europesays.com\/lv\/wp-json\/wp\/v2\/tags?post=72447"}],"curies":[{"name":"wp","href":"https:\/\/api.w.org\/{rel}","templated":true}]}}