{"id":72448,"date":"2025-12-12T12:52:09","date_gmt":"2025-12-12T12:52:09","guid":{"rendered":"https:\/\/www.europesays.com\/lv\/72448\/"},"modified":"2025-12-12T12:52:09","modified_gmt":"2025-12-12T12:52:09","slug":"pagarinats-ligums-ar-futbola-izlases-galveno-treneri-nikolato-futbols-sportacentrs-com","status":"publish","type":"post","link":"https:\/\/www.europesays.com\/lv\/72448\/","title":{"rendered":"pagarin\u0101ts l\u012bgums ar futbola izlases galveno treneri Nikolato \u2013 Futbols \u2013 Sportacentrs.com"},"content":{"rendered":"<p>L\u0113mums par l\u012bguma pagarin\u0101\u0161anu uz da\u017eiem m\u0113ne\u0161iem tika pie\u0146emts LFF valdes s\u0113d\u0113. Sadarb\u012bba ar Paolo Nikolato tiks turpin\u0101ta vismaz l\u012bdz UEFA N\u0101ciju l\u012bgas p\u0101rsp\u0113l\u0113m, kad 26. un 31. mart\u0101 Latvijas izlasi gaida sp\u0113les par Gibralt\u0101ru par vietas nosarg\u0101\u0161anu C l\u012bg\u0101.<\/p>\n<p>Palikt C l\u012bg\u0101 &#8211; tie\u0161i t\u0101ds bija viens no LFF izvirz\u012btajiem uzdevumiem It\u0101lijas speci\u0101listam Nikolato, kur\u0161 amat\u0101 tika iecelts 2024. gada s\u0101kum\u0101. Vi\u0146a vad\u012bb\u0101 Latvijas izlase palika p\u0113d\u0113j\u0101 viet\u0101 sav\u0101 apak\u0161grup\u0101, ta\u010du no C l\u012bgas v\u0113l nav izkritusi, un p\u0101rsp\u0113l\u0113s pret Gibralt\u0101ru vi\u0146am b\u016bs iesp\u0113ja \u0161o izvirz\u012bto uzdevumu izpild\u012bt.<\/p>\n<p>L\u012bguma pagarin\u0101\u0161ana uz tik \u012bsu periodu izla\u0161u futbol\u0101 ir sal\u012bdzino\u0161i reta situ\u0101cija, ta\u010du pieska\u0146ota pa\u0161reiz\u0113jiem apst\u0101k\u013ciem &#8211; lai ar\u012b Pasaules kausa kvalifik\u0101cijas cikls Latvijas futbola izlasei ir nosl\u0113dzies, n\u0101kamais cikls<\/p>\n<p>&#8220;P\u0113c abpus\u0113jas vieno\u0161an\u0101s ar treneri m\u0113s nol\u0113m\u0101m pagarin\u0101t l\u012bgumu l\u012bdz UEFA N\u0101ciju l\u012bgas play-off ma\u010du beig\u0101m. P\u0113c tam m\u0113s v\u0113lreiz s\u0113d\u012bsimies pie galda un kop\u012bgi apspried\u012bsim strat\u0113\u0123iju n\u0101kotnei,&#8221; nor\u0101d\u012bja LFF prezidents Vadims \u013ba\u0161enko.<\/p>\n<p>&#8220;Gaid\u0101m\u0101 nometne mart\u0101 sniedz mums lielisku iesp\u0113ju. Esmu priec\u012bgs, ka mums izdevies pan\u0101kt vieno\u0161anos, kas \u013cauj mums turpin\u0101t tikt\u0101l labi ies\u0101kto darbu. Pateicos LFF valdei un prezidentam,&#8221; l\u012bguma pagarin\u0101\u0161anu uz \u010detriem m\u0113ne\u0161iem koment\u0113ja Paolo Nikolato.<\/p>\n<p>20 aizvad\u012bt\u0101s sp\u0113l\u0113s pie Latvijas izlases st\u016bres Nikolato ar atmi\u0146\u0101 palieko\u0161\u0101m uzvar\u0101m v\u0113l nav izc\u0113lies. Sarkanbaltsarkano bilance it\u0101\u013cu trenera vad\u012bb\u0101 ir 3-7-10. Uzvaras g\u016btas pret Andoru un divreiz pret F\u0113ru sal\u0101m, bet starp neiz\u0161\u0137irtiem ir c\u012b\u0146as pret Kipru, Lihten\u0161teinu, F\u0113ru sal\u0101m, Azerbaid\u017e\u0101nu, Alb\u0101niju, Andoru un Zieme\u013cma\u0137edoniju.<\/p>\n<p>N\u0101kam\u0101s sp\u0113les Latvijas valstvien\u012bbai gaid\u0101mas mart\u0101, kad UEFA C. l\u012bgas 1. k\u0101rtas p\u0101rsp\u0113l\u0113s Nikolato padotie dosies c\u012b\u0146\u0101 pret Gibralt\u0101ra izlasi. Pie gibralt\u0101rie\u0161iem Latvijas komanda viesosies 26. mart\u0101, bet pie sevis pretiniekus uz\u0146ems 30. mart\u0101.<\/p>\n<p>Latvijas valstsvien\u012bbas treneri kop\u0161 neatkar\u012bbas atg\u016b\u0161anas<\/p>\n<tr>LaiksTreneris<\/tr>\n<tr class=\"even\">\n<td class=\"ralign\">1992-1997<\/td>\n<td>J\u0101nis Gilis<\/td>\n<\/tr>\n<tr class=\"odd\">\n<td class=\"ralign\">1998-1999<\/td>\n<td>Revazs Dzodzua\u0161vili (Gruzija)<\/td>\n<\/tr>\n<tr class=\"even\">\n<td class=\"ralign\">1999-2001<\/td>\n<td>Gerijs D\u017eonsons (Anglija)<\/td>\n<\/tr>\n<tr class=\"odd\">\n<td class=\"ralign\">2001-2004<\/td>\n<td>Aleksandrs Starkovs<\/td>\n<\/tr>\n<tr class=\"even\">\n<td class=\"ralign\">2004-2007<\/td>\n<td>Jurijs Andrejevs<\/td>\n<\/tr>\n<tr class=\"odd\">\n<td class=\"ralign\">2007-2013<\/td>\n<td>Aleksandrs Starkovs<\/td>\n<\/tr>\n<tr class=\"even\">\n<td class=\"ralign\">2013-2017<\/td>\n<td>Marians Pahars<\/td>\n<\/tr>\n<tr class=\"odd\">\n<td class=\"ralign\">2017-2018<\/td>\n<td>Aleksandrs Starkovs<\/td>\n<\/tr>\n<tr class=\"even\">\n<td class=\"ralign\">2018<\/td>\n<td>Miksu P\u0101tilainens (Somija)<\/td>\n<\/tr>\n<tr class=\"odd\">\n<td class=\"ralign\">2019-2020<\/td>\n<td>Slavi\u0161a Stojanovi\u010ds (Slov\u0113nija)<\/td>\n<\/tr>\n<tr class=\"even\">\n<td class=\"ralign\">2020-2023<\/td>\n<td>Dainis Kazakevi\u010ds<\/td>\n<\/tr>\n<tr class=\"odd\">\n<td class=\"ralign\">2024-<\/td>\n<td>Paolo Nikolato (It\u0101lija)<\/td>\n<\/tr>\n<p>Izmantotie resursi:<br \/><a target=\"_blank\" href=\"https:\/\/lff.lv\/zinas\/18679\/p-nikolato-paliek-amata-vismaz-lidz-aprilim\/?debug=1\" rel=\"nofollow noopener\">https:\/\/lff.lv\/zinas\/18679\/p-nikola&#8230;<\/a><\/p>\n","protected":false},"excerpt":{"rendered":"L\u0113mums par l\u012bguma pagarin\u0101\u0161anu uz da\u017eiem m\u0113ne\u0161iem tika pie\u0146emts LFF valdes s\u0113d\u0113. Sadarb\u012bba ar Paolo Nikolato tiks turpin\u0101ta&hellip;\n","protected":false},"author":2,"featured_media":72449,"comment_status":"","ping_status":"","sticky":false,"template":"","format":"standard","meta":{"footnotes":""},"categories":[17],"tags":[676,35,39,38,36,37,34,40,67],"class_list":{"0":"post-72448","1":"post","2":"type-post","3":"status-publish","4":"format-standard","5":"has-post-thumbnail","7":"category-sports","8":"tag-futbols","9":"tag-latvia","10":"tag-latvian","11":"tag-latviesu","12":"tag-latviesu-valoda","13":"tag-latviesuvaloda","14":"tag-latvija","15":"tag-lv","16":"tag-sports"},"share_on_mastodon":{"url":"https:\/\/pubeurope.com\/@lv\/115706694406099468","error":""},"_links":{"self":[{"href":"https:\/\/www.europesays.com\/lv\/wp-json\/wp\/v2\/posts\/72448","targetHints":{"allow":["GET"]}}],"collection":[{"href":"https:\/\/www.europesays.com\/lv\/wp-json\/wp\/v2\/posts"}],"about":[{"href":"https:\/\/www.europesays.com\/lv\/wp-json\/wp\/v2\/types\/post"}],"author":[{"embeddable":true,"href":"https:\/\/www.europesays.com\/lv\/wp-json\/wp\/v2\/users\/2"}],"replies":[{"embeddable":true,"href":"https:\/\/www.europesays.com\/lv\/wp-json\/wp\/v2\/comments?post=72448"}],"version-history":[{"count":0,"href":"https:\/\/www.europesays.com\/lv\/wp-json\/wp\/v2\/posts\/72448\/revisions"}],"wp:featuredmedia":[{"embeddable":true,"href":"https:\/\/www.europesays.com\/lv\/wp-json\/wp\/v2\/media\/72449"}],"wp:attachment":[{"href":"https:\/\/www.europesays.com\/lv\/wp-json\/wp\/v2\/media?parent=72448"}],"wp:term":[{"taxonomy":"category","embeddable":true,"href":"https:\/\/www.europesays.com\/lv\/wp-json\/wp\/v2\/categories?post=72448"},{"taxonomy":"post_tag","embeddable":true,"href":"https:\/\/www.europesays.com\/lv\/wp-json\/wp\/v2\/tags?post=72448"}],"curies":[{"name":"wp","href":"https:\/\/api.w.org\/{rel}","templated":true}]}}