{"id":72450,"date":"2025-12-12T12:55:14","date_gmt":"2025-12-12T12:55:14","guid":{"rendered":"https:\/\/www.europesays.com\/lv\/72450\/"},"modified":"2025-12-12T12:55:14","modified_gmt":"2025-12-12T12:55:14","slug":"silina-par-baumam-nodeve-pielavumus-ka-latvija-nebuves-rail-baltica-posmu-no-rigas-lidz-igaunijai-diena","status":"publish","type":"post","link":"https:\/\/www.europesays.com\/lv\/72450\/","title":{"rendered":"Sili\u0146a par baum\u0101m nod\u0113v\u0113 pie\u013c\u0101vumus, ka Latvija neb\u016bv\u0113s Rail Baltica posmu no R\u012bgas l\u012bdz Igaunijai \/ Diena"},"content":{"rendered":"<p>Sili\u0146a uzsv\u0113ra, ka finans\u0113jums &#8220;Rail Baltica&#8221; ir visu triju Baltijas valstu kop\u012bg\u0101 priorit\u0101te. &#8220;M\u0113r\u0137is ir pan\u0101kt maksim\u0101lu atbalstu \u0161im projektam n\u0101kamaj\u0101 Eiropas Savien\u012bbas bud\u017eet\u0101,&#8221; teica Latvijas premjere un atz\u012bm\u0113ja, ka &#8220;Rail Baltica&#8221; \u012bsteno\u0161ana bija viena no galvenaj\u0101m Latvijas priorit\u0101t\u0113m Baltijas Ministru padom\u0113 2025. gad\u0101.<\/p>\n<p>&#13;<br \/>\n&#13;<\/p>\n<p>Run\u0101jot par r\u012bc\u012bbu 2026. gad\u0101, Sili\u0146a pauda, ka &#8220;naudas b\u016bvniec\u012bbai \u0161obr\u012bd pietiek, atliek tikai b\u016bv\u0113t, b\u016bv\u0113t un b\u016bv\u0113t&#8221;.<\/p>\n<p>&#13;<br \/>\n&#13;<\/p>\n<p>Vi\u0146aspr\u0101t, Latvij\u0101 projekts beidzot esot ticis nost no liel\u0101s publisk\u0101s rezonanses, kas projektam pozit\u012bvu t\u0113lu neesot nesis. Sili\u0146a uzsv\u0113ra, ka Latvijai ir gan Eiropas Savien\u012bbas nauda, gan finans\u0113jums no valsts bud\u017eeta, lai var\u0113tu b\u016bv\u0113t \u0161o projektu.<\/p>\n<p>&#13;<br \/>\n&#13;<\/p>\n<p>Vienlaikus Sili\u0146a atzina, ka l\u012bdz galam nav apmierin\u0101ta ar cen\u0101m, kas ir biju\u0161as projekt\u0101. Tom\u0113r vi\u0146a pauda p\u0101rliec\u012bbu, ka &#8220;Rail Baltica&#8221; pamattrases projekt\u0113\u0161anas vad\u012bba, nododot to SIA &#8220;Eiropas dzelzce\u013ca l\u012bnijas&#8221; (EDzL) p\u0101rzi\u0146\u0101, p\u0101rnes projektu cit\u0101 l\u012bmen\u012b. &#8220;Projektam bija vajadz\u012bg\u0101ka stingr\u0101ka roka, stingr\u0101ka uzraudz\u012bba. Tagad tas ir uzlikts uz slied\u0113m,&#8221; uzskata Sili\u0146a.<\/p>\n<p>&#13;<br \/>\n&#13;<\/p>\n<p>Vi\u0146a nor\u0101d\u012bja, ka par finans\u0113jumu savienojumam ar Igauniju dom\u0101ts par da\u017e\u0101diem risin\u0101jumiem, tostarp Latvij\u0101 tiek run\u0101ts par publisko un priv\u0101to partner\u012bbu. &#8220;Bet visas baumas, ka m\u0113s uz Igauniju neb\u016bv\u0113sim, ir baumas. Mums ir vajadz\u012bgs \u0161is savienojums,&#8221; uzsv\u0113ra Sili\u0146a.<\/p>\n<p>&#13;<br \/>\n&#13;<\/p>\n<p>Atbildot uz jaut\u0101jumu, vai Igaunij\u0101 un Lietuv\u0101 nav ba\u017eas, ka Latvij\u0101 &#8220;Rail Baltica&#8221; b\u016bvniec\u012bba notiek daudz l\u0113n\u0101k, Igaunijas premjers Kristens Mihals nor\u0101d\u012bja, ka Latvija ir paudusi skaidru v\u0113st\u012bjumu, ka Igaunijas virzien\u0101 notiek akt\u012bva pl\u0101no\u0161ana. &#8220;T\u0101 ir pozit\u012bva zi\u0146a mums,&#8221; teica Mihals.<\/p>\n<p>&#13;<br \/>\n&#13;<\/p>\n<p>Vi\u0146\u0161 pauda, ka Igaunijai ir uztic\u012bba tam, ka Sili\u0146as vald\u012bba veiksm\u012bgi darbosies, lai posms tiktu finans\u0113tus un uzb\u016bv\u0113ts.<\/p>\n<p>&#13;<br \/>\n&#13;<\/p>\n<p>Ar\u012b Lietuvas premjere Inga Ru\u0123iniene, atbildot uz to pa\u0161u jaut\u0101jumu, pauda gandar\u012bjumu, ka Latvijas premjere ir par\u0101d\u012bjusi, ka \u0161aj\u0101 zi\u0146\u0101 ir liels progress un, ja pirms da\u017eiem gadiem tas rad\u012bja nemieru, tad tagad vairs ne.<\/p>\n<p>&#13;<br \/>\n&#13;<\/p>\n<p>Vi\u0146a nor\u0101d\u012bja, ka Lietuva projektu pl\u0101no pabeigt 2030. gad\u0101, un pauda p\u0101rliec\u012bbu, ka ar\u012b Latvija cie\u0161i tam sekos.<\/p>\n<p>&#13;<br \/>\n&#13;<\/p>\n<p>Jau v\u0113st\u012bts, ka atbilsto\u0161i jaun\u0101kajai &#8220;RB Rail&#8221; inform\u0101cijai &#8220;Rail Baltica&#8221; pirm\u0101s k\u0101rtas izmaksas Baltij\u0101 var\u0113tu sasniegt 14,3 miljardus eiro, no tiem Latvij\u0101 &#8211; 5,5 miljardus eiro, tom\u0113r ir iesp\u0113jams potenci\u0101ls ietaup\u012bjums l\u012bdz 500 miljoniem eiro no tehnisko risin\u0101jumu optimiz\u0101cijas, k\u0101 ar\u012b ir iesp\u0113jami citi ietaup\u012bjumi.<\/p>\n<p>&#13;<br \/>\n&#13;<\/p>\n<p>Kop\u0113j\u0101s projekta izmaksas atbilsto\u0161i izmaksu un ieguvumu anal\u012bzei Baltij\u0101 var sasniegt 23,8 miljardus eiro. Iepriek\u0161\u0113j\u0101 izmaksu un ieguvumu anal\u012bz\u0113 2017. gad\u0101 tika l\u0113sts, ka projekts kopum\u0101 izmaks\u0101s 5,8 miljardus eiro.<\/p>\n<p>&#13;<br \/>\n&#13;<\/p>\n<p>&#8220;Rail Baltica&#8221; projekts paredz izveidot Eiropas standarta slie\u017eu platuma dzelzce\u013ca l\u012bniju no Tallinas l\u012bdz Lietuvas un Polijas robe\u017eai, lai t\u0101l\u0101k ar dzelzce\u013cu Baltijas valstis b\u016btu iesp\u0113jams savienot ar cit\u0101m Eiropas valst\u012bm. Baltijas valst\u012bs pl\u0101nots izb\u016bv\u0113t jaunu, 870 kilometru garu Eiropas slie\u017eu platuma (1435 mm) dzelzce\u013ca l\u012bniju ar vilcienu maksim\u0101lo \u0101trumu 240 kilometri stund\u0101.<\/p>\n<p>&#13;<br \/>\n&#13;<\/p>\n<p>\u00a0<\/p>\n<p>&#13;<\/p>\n","protected":false},"excerpt":{"rendered":"Sili\u0146a uzsv\u0113ra, ka finans\u0113jums &#8220;Rail Baltica&#8221; ir visu triju Baltijas valstu kop\u012bg\u0101 priorit\u0101te. &#8220;M\u0113r\u0137is ir pan\u0101kt maksim\u0101lu atbalstu&hellip;\n","protected":false},"author":2,"featured_media":72451,"comment_status":"","ping_status":"","sticky":false,"template":"","format":"standard","meta":{"footnotes":""},"categories":[12],"tags":[23,28,29,32,33,22,30,31,35,39,38,36,37,34,40,20,26,27,24,25,21],"class_list":{"0":"post-72450","1":"post","2":"type-post","3":"status-publish","4":"format-standard","5":"has-post-thumbnail","7":"category-latvija","8":"tag-aktualitates","9":"tag-breaking-news","10":"tag-breakingnews","11":"tag-featured-news","12":"tag-featurednews","13":"tag-headlines","14":"tag-latest-news","15":"tag-latestnews","16":"tag-latvia","17":"tag-latvian","18":"tag-latviesu","19":"tag-latviesu-valoda","20":"tag-latviesuvaloda","21":"tag-latvija","22":"tag-lv","23":"tag-news","24":"tag-popularakas-zinas","25":"tag-popularakaszinas","26":"tag-top-stories","27":"tag-topstories","28":"tag-zinas"},"share_on_mastodon":{"url":"https:\/\/pubeurope.com\/@lv\/115706706319565645","error":""},"_links":{"self":[{"href":"https:\/\/www.europesays.com\/lv\/wp-json\/wp\/v2\/posts\/72450","targetHints":{"allow":["GET"]}}],"collection":[{"href":"https:\/\/www.europesays.com\/lv\/wp-json\/wp\/v2\/posts"}],"about":[{"href":"https:\/\/www.europesays.com\/lv\/wp-json\/wp\/v2\/types\/post"}],"author":[{"embeddable":true,"href":"https:\/\/www.europesays.com\/lv\/wp-json\/wp\/v2\/users\/2"}],"replies":[{"embeddable":true,"href":"https:\/\/www.europesays.com\/lv\/wp-json\/wp\/v2\/comments?post=72450"}],"version-history":[{"count":0,"href":"https:\/\/www.europesays.com\/lv\/wp-json\/wp\/v2\/posts\/72450\/revisions"}],"wp:featuredmedia":[{"embeddable":true,"href":"https:\/\/www.europesays.com\/lv\/wp-json\/wp\/v2\/media\/72451"}],"wp:attachment":[{"href":"https:\/\/www.europesays.com\/lv\/wp-json\/wp\/v2\/media?parent=72450"}],"wp:term":[{"taxonomy":"category","embeddable":true,"href":"https:\/\/www.europesays.com\/lv\/wp-json\/wp\/v2\/categories?post=72450"},{"taxonomy":"post_tag","embeddable":true,"href":"https:\/\/www.europesays.com\/lv\/wp-json\/wp\/v2\/tags?post=72450"}],"curies":[{"name":"wp","href":"https:\/\/api.w.org\/{rel}","templated":true}]}}