{"id":72492,"date":"2025-12-12T13:33:08","date_gmt":"2025-12-12T13:33:08","guid":{"rendered":"https:\/\/www.europesays.com\/lv\/72492\/"},"modified":"2025-12-12T13:33:08","modified_gmt":"2025-12-12T13:33:08","slug":"baltijas-valstis-vienosies-par-sadarbibu-asins-un-medicinisko-resursu-nodrosinasana-arkartas-situacijas","status":"publish","type":"post","link":"https:\/\/www.europesays.com\/lv\/72492\/","title":{"rendered":"Baltijas valstis vienosies par sadarb\u012bbu asins un medic\u012bnisko resursu nodro\u0161in\u0101\u0161an\u0101 \u0101rk\u0101rtas situ\u0101cij\u0101s"},"content":{"rendered":"<p>Memoranda m\u0113r\u0137is ir izveidot kop\u012bgu sadarb\u012bbas pamatu, lai kr\u012bzes vai neparedz\u0113tu apst\u0101k\u013cu gad\u012bjum\u0101 nodro\u0161in\u0101tu savstarp\u0113ju pal\u012bdz\u012bbu <a href=\"https:\/\/www.apollo.lv\/term\/568794\/asins\" class=\"topicLink\" target=\"_blank\" rel=\"nofollow noopener\">asins<\/a> un asins komponentu, k\u0101 ar\u012b nepiecie\u0161am\u0101 apr\u012bkojuma un materi\u0101lu pieg\u0101d\u0113.<\/p>\n<p>Pl\u0101not\u0101 sadarb\u012bba aptver asins, asins komponentu, apr\u012bkojuma un materi\u0101lu savstarp\u0113ju nodro\u0161in\u0101\u0161anu \u0101rk\u0101rtas situ\u0101cij\u0101s.<\/p>\n<p>Katras valsts kompetent\u0101s iest\u0101des b\u016bs atbild\u012bgas par tie\u0161u sadarb\u012bbu. Nosl\u0113gt\u0101 vieno\u0161an\u0101s b\u016bs sp\u0113k\u0101 uz nenoteiktu laiku. Latvij\u0101 kompetent\u0101 iest\u0101de b\u016bs Valsts asinsdonoru centrs, Lietuv\u0101 &#8211; Nacion\u0101lais asins centrs, bet Igaunij\u0101 &#8211; Vesel\u012bbas p\u0101rvalde.<\/p>\n<p>K\u0101 skaidro VM, \u0161\u012b vieno\u0161an\u0101s balst\u0101s uz atzi\u0146u, ka vesel\u012bbas nozares nep\u0101rtraukt\u012bba un dro\u0161\u012bba ir neat\u0146emama nacion\u0101l\u0101s un re\u0123ion\u0101l\u0101s dro\u0161\u012bbas sast\u0101vda\u013ca, \u012bpa\u0161i \u0146emot v\u0113r\u0101 \u0123eopolitiskos riskus un nepiecie\u0161am\u012bbu p\u0113c efekt\u012bvas r\u012bc\u012bbas \u0101rk\u0101rtas situ\u0101cij\u0101s.<\/p>\n<p>Vesel\u012bbas ministrs Hosams Abu Meri (JV) nor\u0101da, ka memoranda parakst\u012b\u0161ana apliecina Baltijas valstu vienot\u012bbu un gatav\u012bbu r\u012bkoties kop\u012bgi, lai aizsarg\u0101tu cilv\u0113ku dz\u012bv\u012bbas un vesel\u012bbu.<\/p>\n<p>&#8220;Kop\u0101 m\u0113s veidojam sist\u0113mu, kas stiprina uztic\u012bbu, solidarit\u0101ti un dro\u0161\u012bbu Baltijas valst\u012bs,&#8221; paudis Abu Meri.<\/p>\n<p>Jau v\u0113st\u012bts, ka konference iecer\u0113ta k\u0101 platforma parlament\u0101rie\u0161u, vald\u012bbu un ekspertu sadarb\u012bbai, lai stiprin\u0101tu izpratni par vesel\u012bbas sabiedrisko v\u0113rt\u012bbu un veicin\u0101tu uz pier\u0101d\u012bjumiem balst\u012btu l\u0113mumu pie\u0146em\u0161anu. Konferences gait\u0101 pl\u0101nots formul\u0113t konkr\u0113tus politiskus ieteikumus turpm\u0101kai r\u012bc\u012bbai un Baltijas valstu sadarb\u012bbai p\u0113c Latvijas prezident\u016bras nosl\u0113guma.<\/p>\n<p>Diskusiju laik\u0101 tiks apl\u016bkotas ar\u012b da\u017e\u0101das finan\u0161u pieejas Baltijas valst\u012bs un vesel\u012bbas jaut\u0101jumi, kas saist\u012bti ar demogr\u0101fiju, m\u0101tes vesel\u012bbu k\u0101 strat\u0113\u0123isku invest\u012bciju valsts dro\u0161\u012bb\u0101, k\u0101 ar\u012b jauniesaucamo fizisko un psiholo\u0123isko vesel\u012bbu k\u0101 valsts aizsardz\u012bbas pamatu.<\/p>\n","protected":false},"excerpt":{"rendered":"Memoranda m\u0113r\u0137is ir izveidot kop\u012bgu sadarb\u012bbas pamatu, lai kr\u012bzes vai neparedz\u0113tu apst\u0101k\u013cu gad\u012bjum\u0101 nodro\u0161in\u0101tu savstarp\u0113ju pal\u012bdz\u012bbu asins un&hellip;\n","protected":false},"author":2,"featured_media":72493,"comment_status":"","ping_status":"","sticky":false,"template":"","format":"standard","meta":{"footnotes":"","_share_on_mastodon":"0"},"categories":[5],"tags":[23,18434,722,28,29,32,33,22,30,31,35,39,38,36,37,34,40,20,26,27,24,25,18435,21],"class_list":["post-72492","post","type-post","status-publish","format-standard","has-post-thumbnail","category-aktualitates","tag-aktualitates","tag-asins","tag-baltijas-valstis","tag-breaking-news","tag-breakingnews","tag-featured-news","tag-featurednews","tag-headlines","tag-latest-news","tag-latestnews","tag-latvia","tag-latvian","tag-latviesu","tag-latviesu-valoda","tag-latviesuvaloda","tag-latvija","tag-lv","tag-news","tag-popularakas-zinas","tag-popularakaszinas","tag-top-stories","tag-topstories","tag-vesleibas-ministrija","tag-zinas"],"share_on_mastodon":{"url":"https:\/\/pubeurope.com\/@lv\/115706855640659903","error":""},"_links":{"self":[{"href":"https:\/\/www.europesays.com\/lv\/wp-json\/wp\/v2\/posts\/72492","targetHints":{"allow":["GET"]}}],"collection":[{"href":"https:\/\/www.europesays.com\/lv\/wp-json\/wp\/v2\/posts"}],"about":[{"href":"https:\/\/www.europesays.com\/lv\/wp-json\/wp\/v2\/types\/post"}],"author":[{"embeddable":true,"href":"https:\/\/www.europesays.com\/lv\/wp-json\/wp\/v2\/users\/2"}],"replies":[{"embeddable":true,"href":"https:\/\/www.europesays.com\/lv\/wp-json\/wp\/v2\/comments?post=72492"}],"version-history":[{"count":0,"href":"https:\/\/www.europesays.com\/lv\/wp-json\/wp\/v2\/posts\/72492\/revisions"}],"wp:featuredmedia":[{"embeddable":true,"href":"https:\/\/www.europesays.com\/lv\/wp-json\/wp\/v2\/media\/72493"}],"wp:attachment":[{"href":"https:\/\/www.europesays.com\/lv\/wp-json\/wp\/v2\/media?parent=72492"}],"wp:term":[{"taxonomy":"category","embeddable":true,"href":"https:\/\/www.europesays.com\/lv\/wp-json\/wp\/v2\/categories?post=72492"},{"taxonomy":"post_tag","embeddable":true,"href":"https:\/\/www.europesays.com\/lv\/wp-json\/wp\/v2\/tags?post=72492"}],"curies":[{"name":"wp","href":"https:\/\/api.w.org\/{rel}","templated":true}]}}