{"id":72494,"date":"2025-12-12T13:35:14","date_gmt":"2025-12-12T13:35:14","guid":{"rendered":"https:\/\/www.europesays.com\/lv\/72494\/"},"modified":"2025-12-12T13:35:14","modified_gmt":"2025-12-12T13:35:14","slug":"skeletonists-emils-indriksons-izcina-23-vietu-pasaules-kausa-posma-un-saglaba-liderpoziciju-junioru-konkurence","status":"publish","type":"post","link":"https:\/\/www.europesays.com\/lv\/72494\/","title":{"rendered":"Skeletonists Em\u012bls Indriksons izc\u012bna 23. vietu Pasaules kausa posm\u0101 un saglab\u0101 l\u012bderpoz\u012bciju junioru konkurenc\u0113"},"content":{"rendered":"<p>Indriksons pirmaj\u0101 braucien\u0101 sasniedza 20. lab\u0101ko laiku, otraj\u0101 &#8211; 23. lab\u0101ko rezult\u0101tu, divu braucienu summ\u0101 uzvar\u0113t\u0101jam zaud\u0113jot 1,08 sekundes un ie\u0146emot 23. vietu. Valdovskis pirmaj\u0101 braucien\u0101 l\u012bderim Metam Vestonam no Lielbrit\u0101nijas zaud\u0113ja 1,07 sekundes un ie\u0146\u0113ma 28. vietu 33 skeletonistu konkurenc\u0113, otrajam braucienam, kur\u0101 iek\u013cuva 25 \u0101tr\u0101kie skeletonisti, nekvalific\u0113joties.<\/p>\n","protected":false},"excerpt":{"rendered":"Indriksons pirmaj\u0101 braucien\u0101 sasniedza 20. lab\u0101ko laiku, otraj\u0101 &#8211; 23. lab\u0101ko rezult\u0101tu, divu braucienu summ\u0101 uzvar\u0113t\u0101jam zaud\u0113jot 1,08&hellip;\n","protected":false},"author":2,"featured_media":72495,"comment_status":"","ping_status":"","sticky":false,"template":"","format":"standard","meta":{"footnotes":""},"categories":[17],"tags":[35,39,38,36,37,34,40,67],"class_list":{"0":"post-72494","1":"post","2":"type-post","3":"status-publish","4":"format-standard","5":"has-post-thumbnail","7":"category-sports","8":"tag-latvia","9":"tag-latvian","10":"tag-latviesu","11":"tag-latviesu-valoda","12":"tag-latviesuvaloda","13":"tag-latvija","14":"tag-lv","15":"tag-sports"},"share_on_mastodon":{"url":"https:\/\/pubeurope.com\/@lv\/115706863557744648","error":""},"_links":{"self":[{"href":"https:\/\/www.europesays.com\/lv\/wp-json\/wp\/v2\/posts\/72494","targetHints":{"allow":["GET"]}}],"collection":[{"href":"https:\/\/www.europesays.com\/lv\/wp-json\/wp\/v2\/posts"}],"about":[{"href":"https:\/\/www.europesays.com\/lv\/wp-json\/wp\/v2\/types\/post"}],"author":[{"embeddable":true,"href":"https:\/\/www.europesays.com\/lv\/wp-json\/wp\/v2\/users\/2"}],"replies":[{"embeddable":true,"href":"https:\/\/www.europesays.com\/lv\/wp-json\/wp\/v2\/comments?post=72494"}],"version-history":[{"count":0,"href":"https:\/\/www.europesays.com\/lv\/wp-json\/wp\/v2\/posts\/72494\/revisions"}],"wp:featuredmedia":[{"embeddable":true,"href":"https:\/\/www.europesays.com\/lv\/wp-json\/wp\/v2\/media\/72495"}],"wp:attachment":[{"href":"https:\/\/www.europesays.com\/lv\/wp-json\/wp\/v2\/media?parent=72494"}],"wp:term":[{"taxonomy":"category","embeddable":true,"href":"https:\/\/www.europesays.com\/lv\/wp-json\/wp\/v2\/categories?post=72494"},{"taxonomy":"post_tag","embeddable":true,"href":"https:\/\/www.europesays.com\/lv\/wp-json\/wp\/v2\/tags?post=72494"}],"curies":[{"name":"wp","href":"https:\/\/api.w.org\/{rel}","templated":true}]}}