{"id":72520,"date":"2025-12-12T14:40:10","date_gmt":"2025-12-12T14:40:10","guid":{"rendered":"https:\/\/www.europesays.com\/lv\/72520\/"},"modified":"2025-12-12T14:40:10","modified_gmt":"2025-12-12T14:40:10","slug":"bjanka-cenzori-seula-atklaj-provokativu-makslas-izstadi-bio-pop-lente-lv","status":"publish","type":"post","link":"https:\/\/www.europesays.com\/lv\/72520\/","title":{"rendered":"Bjanka Cenzori Seul\u0101 atkl\u0101j provokat\u012bvu m\u0101kslas izst\u0101di &#8220;Bio Pop&#8221;\u00a0\u2014\u00a0Lente.lv"},"content":{"rendered":"<p>Bjanka Cenzori provokat\u012bv\u0101 m\u0101kslas izst\u0101de Seul\u0101<\/p>\n<p>Repera Kanje Vesta sieva Bjanka Cenzori atkal izrais\u012bjusi pla\u0161u rezonansi ar savu ekstravaganto m\u0101kslas projektu &#8220;Bio Pop (The Origin)&#8221;, kas tika atkl\u0101ts Seul\u0101 2025. gada 11. decembr\u012b. Cenzori, kas jau k\u013cuvusi par ikonu ar savu drosm\u012bgo un nereti \u0161ok\u0113jo\u0161o modes izj\u016btu, \u0161aj\u0101 pas\u0101kum\u0101 nav piev\u012blusi savus sekot\u0101jus, prezent\u0113jot darbu, kas p\u0113ta cilv\u0113ka \u0137erme\u0146a attiec\u012bbas ar sadz\u012bves vidi.<\/p>\n<p>M\u0101kslas darba koncepcija un izpild\u012bjums<\/p>\n<p>Izst\u0101des galven\u0101 ideja ir transform\u0113t ikdienas darb\u012bbas un m\u0101jas telpu par performanci. Cenzori sevi att\u0113lo k\u0101 m\u0101jas saimnieci, kas cep k\u016bku un p\u0113c tam to pasniedz sieviet\u0113m, kuras atrodas ieslodz\u012btas vi\u0146as veidot\u0101s skulptur\u0101l\u0101s m\u0113bel\u0113s. \u0160\u012bs sievietes, kas ir mask\u0113tas un atg\u0101dina pa\u0161u Cenzori, simboliz\u0113 iek\u0161\u0113jo pasauli vai dv\u012b\u0146um\u0101tes, radot dzi\u013c\u0101ku refleksiju par sievietes lomu un ierobe\u017eojumiem. Pati Cenzori, t\u0113rpta piegu\u013co\u0161\u0101 fuksijas kr\u0101sas spandeksa bodij\u0101, k\u013c\u016bst par izst\u0101des centr\u0101lo fig\u016bru, uzsv\u0113r\u0161ot savu provokat\u012bvo stilu.<\/p>\n<p>Papla\u0161in\u0101ts projekta tv\u0113rums<\/p>\n<p>&#8220;Bio Pop (The Origin)&#8221; ir tikai pirmais solis pla\u0161\u0101k\u0101 Cenzori m\u0101kslas projektu s\u0113rij\u0101, kas pl\u0101nota l\u012bdz pat 2032. gadam. N\u0101kamie projekti ietvers t\u0113mas k\u0101 &#8220;reliquaries, confessions, sacrifices, and rebirth&#8221; (reli\u0123isk\u0101s relikvijas, atz\u012b\u0161an\u0101s, upuri un atdzim\u0161ana). Papildus performat\u012bvajiem darbiem Cenzori ir rad\u012bjusi ar\u012b juvelierizstr\u0101d\u0101jumu kolekciju, tostarp sudraba aproci, kas iedvesmojusies no medic\u012bnas spekuluma form\u0101m, apliecinot vi\u0146as daudzpus\u012bg\u0101s rado\u0161\u0101s amb\u012bcijas.<\/p>\n","protected":false},"excerpt":{"rendered":"Bjanka Cenzori provokat\u012bv\u0101 m\u0101kslas izst\u0101de Seul\u0101 Repera Kanje Vesta sieva Bjanka Cenzori atkal izrais\u012bjusi pla\u0161u rezonansi ar savu&hellip;\n","protected":false},"author":2,"featured_media":72521,"comment_status":"","ping_status":"","sticky":false,"template":"","format":"standard","meta":{"footnotes":""},"categories":[19],"tags":[18445,18444,89,90,9031,35,39,38,36,37,34,40,8525,18446],"class_list":{"0":"post-72520","1":"post","2":"type-post","3":"status-publish","4":"format-standard","5":"has-post-thumbnail","7":"category-izklaide","8":"tag-bio-pop","9":"tag-bjanka-cenzori","10":"tag-entertainment","11":"tag-izklaide","12":"tag-kanje-vests","13":"tag-latvia","14":"tag-latvian","15":"tag-latviesu","16":"tag-latviesu-valoda","17":"tag-latviesuvaloda","18":"tag-latvija","19":"tag-lv","20":"tag-makslas-izstade","21":"tag-seula"},"share_on_mastodon":{"url":"https:\/\/pubeurope.com\/@lv\/115707119159561998","error":""},"_links":{"self":[{"href":"https:\/\/www.europesays.com\/lv\/wp-json\/wp\/v2\/posts\/72520","targetHints":{"allow":["GET"]}}],"collection":[{"href":"https:\/\/www.europesays.com\/lv\/wp-json\/wp\/v2\/posts"}],"about":[{"href":"https:\/\/www.europesays.com\/lv\/wp-json\/wp\/v2\/types\/post"}],"author":[{"embeddable":true,"href":"https:\/\/www.europesays.com\/lv\/wp-json\/wp\/v2\/users\/2"}],"replies":[{"embeddable":true,"href":"https:\/\/www.europesays.com\/lv\/wp-json\/wp\/v2\/comments?post=72520"}],"version-history":[{"count":0,"href":"https:\/\/www.europesays.com\/lv\/wp-json\/wp\/v2\/posts\/72520\/revisions"}],"wp:featuredmedia":[{"embeddable":true,"href":"https:\/\/www.europesays.com\/lv\/wp-json\/wp\/v2\/media\/72521"}],"wp:attachment":[{"href":"https:\/\/www.europesays.com\/lv\/wp-json\/wp\/v2\/media?parent=72520"}],"wp:term":[{"taxonomy":"category","embeddable":true,"href":"https:\/\/www.europesays.com\/lv\/wp-json\/wp\/v2\/categories?post=72520"},{"taxonomy":"post_tag","embeddable":true,"href":"https:\/\/www.europesays.com\/lv\/wp-json\/wp\/v2\/tags?post=72520"}],"curies":[{"name":"wp","href":"https:\/\/api.w.org\/{rel}","templated":true}]}}