{"id":72522,"date":"2025-12-12T14:41:08","date_gmt":"2025-12-12T14:41:08","guid":{"rendered":"https:\/\/www.europesays.com\/lv\/72522\/"},"modified":"2025-12-12T14:41:08","modified_gmt":"2025-12-12T14:41:08","slug":"latviesu-biatloniste-bendika-parliecinosi-ieklust-iedzisanas-sacensibas-sprinta-izcinot-27-vietu-raksts","status":"publish","type":"post","link":"https:\/\/www.europesays.com\/lv\/72522\/","title":{"rendered":"Latvie\u0161u biatloniste Bendika p\u0101rliecino\u0161i iek\u013c\u016bst iedz\u012b\u0161anas sacens\u012bb\u0101s, sprint\u0101 izc\u012bnot 27. vietu \/ Raksts"},"content":{"rendered":"<p>Pasaules kausu\u00a0biatlon\u0101 \u0161aj\u0101 ned\u0113\u013cas nogal\u0113 uz\u0146em Austrijas pils\u0113ta Hohfilcene, kur\u0101 piektdienas nosl\u0113dzo\u0161\u0101s sacens\u012bbas bija 7,5km sprints sieviet\u0113m. No trim Latvijas p\u0101rst\u0101v\u0113m augstv\u0113rt\u012bg\u0101ko rezult\u0101tu uzr\u0101d\u012bja Baiba Bendika, fini\u0161\u0113jot 27. viet\u0101.<\/p>\n<p>Jau pirms tam bija skaidrs, ka \u0161o posmu vesel\u012bbas probl\u0113mu d\u0113\u013c izlaid\u012bs pa\u0161laik visaugst\u0101k eso\u0161\u0101\u00a0latvie\u0161u biatloniste sezonas kopv\u0113rt\u0113jum\u0101 Estere Volfa.<\/p>\n<p>Pirmo uzvaru \u0161osezon izc\u012bn\u012bja pag\u0101ju\u0161\u0101s sezonas Pasaules kausa vice\u010dempione L\u016b \u017danmono no Francijas, kas \u0161\u0101va nek\u013c\u016bd\u012bgi un fini\u0161u sasniedza p\u0113c 19 min\u016bt\u0113m un 59,4 sekund\u0113m. K\u0101 vien\u012bg\u0101 no TOP8, kas pie\u013c\u0101va k\u013c\u016bdu ugunsl\u012bnij\u0101 bija norv\u0113\u0123iete M\u0101rene Kirkeide, l\u012bderei zaud\u0113jot\u00a015,3 sekundes, bet Anna Magnusone no Zviedrijas bronzu izc\u012bn\u012bja, fini\u0161\u0113jot 16,1 sekundi p\u0113c franc\u016bzietes.<\/p>\n<p>Bendika l\u012bderei piek\u0101p\u0101s vienu min\u016bti un 20,3 sekundes, bet Annija Sabule, kas pie\u013c\u0101va tikai vienu k\u013c\u016bdu ugunsl\u012bnij\u0101, ar 63. poz\u012bciju zaud\u0113ja\u00a0divas min\u016btes un 19,4 sekundes. Savuk\u0101rt tre\u0161\u0101 Latvijas izlases dal\u012bbniece Sanita Buli\u0146a ar \u010detriem soda ap\u013ciem fini\u0161\u0113ja tr\u012bs min\u016btes un 7,8 sekundes p\u0113c \u017danmono, ierindojoties 84. poz\u012bcij\u0101.<\/p>\n<blockquote>\n<p>Sabulei l\u012bdz iedz\u012b\u0161anas sacens\u012bb\u0101s jeb 60. vietai pietr\u016bka 12,1 sekunde.<\/p>\n<\/blockquote>\n<p>K\u0101 pirm\u0101 ar 5. starta numuru tras\u0113 dev\u0101s Bendika, kuras sl\u0113po\u0161anas \u0101trums bija pr\u0101t\u012bgs, ac\u012bmredzami nedaudz pietaupoties \u0161au\u0161anas sektoram, jo pirm\u0101 ugunsl\u012bnija gu\u013cus st\u0101vokl\u012b tika pieveikta perfekti, aizverot piecus no pieciem m\u0113r\u0137iem.<\/p>\n<p>Otraj\u0101 \u0161au\u0161an\u0101 vairs neveic\u0101s tik labi, kur tika pie\u013cautas divas k\u013c\u016bdas pirmaj\u0101 un tre\u0161aj\u0101 m\u0113r\u0137\u012b, kas izdz\u0113sa cer\u012bbas uz augstu vietu \u0161aj\u0101s sacens\u012bb\u0101s.<\/p>\n<p>N\u0101kam\u0101 no latviet\u0113m \u2013 Buli\u0146a \u2013 Hohfilcenes tras\u0113 izsl\u0113poja ar 59. numuru. Lai gan p\u0113c pirmajiem kilometriem vi\u0146a uzr\u0101d\u012bja \u0101tr\u0101ku sl\u0113po\u0161anu k\u0101 Bendika, pirm\u0101 ugunsl\u012bnija pagalam neveiksm\u012bga, nopelnot tr\u012bs soda ap\u013cus.<\/p>\n<p>St\u0101vus vi\u0146a pievienoja v\u0113l ceturto k\u013c\u016bdu, kas sportisti atmeta uz pa\u0161\u0101m beig\u0101m, lai gan tre\u0161da\u013ca konkurentu v\u0113l nebija devu\u0161\u0101s tras\u0113.<\/p>\n<p>Sabulei \u0161\u012bs dienas sac\u012bkst\u0113s bija 81. starta numurs, uzr\u0101dot lab\u0101ko \u0161au\u0161anas precizit\u0101ti starp sav\u0101m komandas biedren\u0113m. Pirmaj\u0101 ugunsl\u012bnij\u0101 tika pie\u013cauta viena k\u013c\u016bda, savuk\u0101rt st\u0101vus poz\u012bcija vi\u0146ai izr\u0101d\u012bj\u0101s visveiksm\u012bg\u0101k\u0101, tiekot gal\u0101 ar visiem pieciem m\u0113r\u0137iem.<\/p>\n<p>Tas \u013c\u0101va pak\u0101pties da\u017eus desmitu poz\u012bciju uz aug\u0161u un sasniegt TOP60. L\u012bdz fini\u0161am gan nedaudz pietr\u016bka sp\u0113ka, laika zi\u0146\u0101 vi\u0146u apsteidzot polietei Kamilai \u017dukai, kas liedza kvalific\u0113ties iedz\u012b\u0161anas sacens\u012bb\u0101m.<\/p>\n<p>Inform\u0101cija tiek papildin\u0101ta.<\/p>\n<p>                    Valodas k\u013c\u016bda rakst\u0101?<\/p>\n<p class=\"d-none d-md-block\">Iez\u012bm\u0113jiet tekstu un spiediet Ctrl+Enter, lai nos\u016bt\u012btu labojamo teksta fragmentu redaktoram! Par faktu k\u013c\u016bd\u0101m l\u016bdzam zi\u0146ot e-past\u0101 <a href=\"https:\/\/www.lsm.lv\/cdn-cgi\/l\/email-protection\" class=\"__cf_email__\" data-cfemail=\"56243332373d353f3c37163a253b783a20\" rel=\"nofollow noopener\" target=\"_blank\">[email\u00a0protected]<\/a>.<\/p>\n<p class=\"d-md-none\">Iez\u012bm\u0113jiet tekstu un spiediet uz Zi\u0146ot par k\u013c\u016bdu pogas, lai nos\u016bt\u012btu labojamo teksta fragmentu redaktoram!<\/p>\n<p>\n                    Zi\u0146ot par k\u013c\u016bdu\n                <\/p>\n","protected":false},"excerpt":{"rendered":"Pasaules kausu\u00a0biatlon\u0101 \u0161aj\u0101 ned\u0113\u013cas nogal\u0113 uz\u0146em Austrijas pils\u0113ta Hohfilcene, kur\u0101 piektdienas nosl\u0113dzo\u0161\u0101s sacens\u012bbas bija 7,5km sprints sieviet\u0113m. No&hellip;\n","protected":false},"author":2,"featured_media":72523,"comment_status":"","ping_status":"","sticky":false,"template":"","format":"standard","meta":{"footnotes":""},"categories":[17],"tags":[35,39,38,36,37,34,40,67],"class_list":{"0":"post-72522","1":"post","2":"type-post","3":"status-publish","4":"format-standard","5":"has-post-thumbnail","7":"category-sports","8":"tag-latvia","9":"tag-latvian","10":"tag-latviesu","11":"tag-latviesu-valoda","12":"tag-latviesuvaloda","13":"tag-latvija","14":"tag-lv","15":"tag-sports"},"share_on_mastodon":{"url":"https:\/\/pubeurope.com\/@lv\/115707123005932844","error":""},"_links":{"self":[{"href":"https:\/\/www.europesays.com\/lv\/wp-json\/wp\/v2\/posts\/72522","targetHints":{"allow":["GET"]}}],"collection":[{"href":"https:\/\/www.europesays.com\/lv\/wp-json\/wp\/v2\/posts"}],"about":[{"href":"https:\/\/www.europesays.com\/lv\/wp-json\/wp\/v2\/types\/post"}],"author":[{"embeddable":true,"href":"https:\/\/www.europesays.com\/lv\/wp-json\/wp\/v2\/users\/2"}],"replies":[{"embeddable":true,"href":"https:\/\/www.europesays.com\/lv\/wp-json\/wp\/v2\/comments?post=72522"}],"version-history":[{"count":0,"href":"https:\/\/www.europesays.com\/lv\/wp-json\/wp\/v2\/posts\/72522\/revisions"}],"wp:featuredmedia":[{"embeddable":true,"href":"https:\/\/www.europesays.com\/lv\/wp-json\/wp\/v2\/media\/72523"}],"wp:attachment":[{"href":"https:\/\/www.europesays.com\/lv\/wp-json\/wp\/v2\/media?parent=72522"}],"wp:term":[{"taxonomy":"category","embeddable":true,"href":"https:\/\/www.europesays.com\/lv\/wp-json\/wp\/v2\/categories?post=72522"},{"taxonomy":"post_tag","embeddable":true,"href":"https:\/\/www.europesays.com\/lv\/wp-json\/wp\/v2\/tags?post=72522"}],"curies":[{"name":"wp","href":"https:\/\/api.w.org\/{rel}","templated":true}]}}