{"id":72537,"date":"2025-12-12T15:04:08","date_gmt":"2025-12-12T15:04:08","guid":{"rendered":"https:\/\/www.europesays.com\/lv\/72537\/"},"modified":"2025-12-12T15:04:08","modified_gmt":"2025-12-12T15:04:08","slug":"bendika-ieklust-top-30-sabulei-individualais-rekords-ari-pk-sacensibas-ziemas-sports-sportacentrs-com","status":"publish","type":"post","link":"https:\/\/www.europesays.com\/lv\/72537\/","title":{"rendered":"Bendika iek\u013c\u016bst top 30, Sabulei individu\u0101lais rekords ar\u012b PK sacens\u012bb\u0101s \u2013 Ziemas sports \u2013 Sportacentrs.com"},"content":{"rendered":"<p>Baiba Bendika Austrijas tras\u0113 dev\u0101s k\u0101 viena no pirmaj\u0101m. Ja gu\u013cus poz\u012bcij\u0101 no Rozulas n\u0101ko\u0161ajai biatlonistei izdev\u0101s aizv\u0113rt visus piecus m\u0113r\u0137us, tad st\u0101vus poz\u012bcij\u0101 tika pie\u013cautas divas k\u013c\u016bdas, kas noz\u012bm\u0113ja do\u0161anos divos soda ap\u013cos. Sacens\u012bbu nosl\u0113guma tabul\u0101 Bendika ierindoj\u0101s 27. viet\u0101 un sv\u0113tdien iedz\u012b\u0161an\u0101 start\u0113s min\u016bti un 20 sekundes aiz L\u016b \u017danmonno.<\/p>\n<p>Jaatz\u012bm\u0113, ka Baltijas sportistu v\u0113rt\u0113jum\u0101 \u0161is d\u0101mu sprints sekm\u012bg\u0101kais bija Igaunijas sportist\u0113m. 13. vietu bez k\u013c\u016bd\u0101m \u0161autuv\u0113 ieguva Sasana Kulma, bet 24. poz\u012bciju ar vienu k\u013c\u016bmi ie\u0146\u0113ma Reg\u012bna Ermitsa.<\/p>\n<p>Sanitu Buli\u0146u piev\u012bla jau \u0161au\u0161ana gu\u013cus poz\u012bcij\u0101, kad neaizv\u0113rti palika tr\u012bs no m\u0113r\u0137iem. St\u0101vus poz\u012bcij\u0101 al\u016bksniete nopeln\u012bja ties\u012bbas doties v\u0113l viena soda ap\u013ca sl\u0113pojum\u0101, t\u0101d\u0113j\u0101di izsl\u0113pojot 600 metrus vair\u0101k nek\u0101 paredz\u0113ts \u0161aujot bez br\u0101\u0137iem. Sacens\u012bbu beigu tabul\u0101 Buli\u0146ai n\u0101c\u0101s samierin\u0101ties ar 89. vietu.<\/p>\n<p>K\u0101 tre\u0161\u0101 Latvijas sportiste sprint\u0101 dev\u0101s vakardien savu karjeras rekordu IBU kaus\u0101 sasniegus\u012b Annija Sabule. Vi\u0146a startam Hohfilcenes posm\u0101 tika pieteikta tikai \u0161or\u012bt. C\u0113su biatlona p\u0101rst\u0101ve savu vien\u012bgo k\u013c\u016bdu pie\u013c\u0101va gu\u013cus poz\u012bcij\u0101. Beigu tabul\u0101 ierindojoties 63. viet\u0101, Sabule par div\u0101m poz\u012bcij\u0101m uzlaboja savu karjeras lab\u0101ko Pasaules kausa posmu rezult\u0101tu, kas tika sasniegts 2022. gad\u0101 Kontiolahti sprinta posm\u0101.<\/p>\n<p>Ledain\u0101 Hohfilcenes trase \u0146\u0113ma ar\u012b savus upurus. Jau ar otro starta numuru start\u0113ju\u0161\u0101 Ukaleka Sletemarka piedz\u012bvoja kritienu pirmaj\u0101 sacens\u012bbu kilometr\u0101. Savuk\u0101rt v\u0113l\u0101k Julijas Kinkas kritiens maks\u0101ja salauztu n\u016bju pirmaj\u0101 posm\u0101 p\u0101rsteigu\u0161ajai somietei Sonjai Leinamo, kurai pret\u012b kalnam n\u0101c\u0101s sl\u0113pot bez viena no saviem svar\u012bg\u0101kajiem instrumentiem.<\/p>\n<p>Par uzvar\u0113t\u0101ju izsl\u0113pojot no divdesmit min\u016bt\u0113m k\u013cuva franc\u016bziete L\u016b \u017danmonno, kura svin\u0113ja savu karjeras tre\u0161o sprinta uzvaru. Vi\u0146a ielikusi labus pamatus, lai c\u012bn\u012btos par titula nosarg\u0101\u0161anu Hohfilcenes iedz\u012b\u0161an\u0101, kur\u0101 vi\u0146a uzvar\u0113ja ar\u012b pirms gada.<\/p>\n<p>T\u0101 k\u0101 pirmo sezonas sprintu uzvar\u0113jus\u012b Suvi Minkinena \u0161oreiz palika bez punktiem tikai 48. viet\u0101, tad l\u012bderes dzelteno krekli\u0146u p\u0101r\u0146\u0113musi Anna Magnusone, kura Austij\u0101 izc\u012bn\u012bja bronzas godalgu.<\/p>\n<p>PK otrais posms, 7,5 kilometru sprints sieviet\u0113m, Hohfilcene<\/p>\n<tr>VSportisteValstsK\u013c\u016bdasLaiks<\/tr>\n<tr class=\"even\">\n<td>1.<\/td>\n<td>L\u016b \u017danmonno<\/td>\n<td>Francija<\/td>\n<td>0+0 [0]<\/td>\n<td class=\"ralign\">19:59.4<\/td>\n<\/tr>\n<tr class=\"odd\">\n<td>2.<\/td>\n<td>M\u0101rena Kirkeide<\/td>\n<td>Norv\u0113\u0123ija<\/td>\n<td>0+1 [1]<\/td>\n<td class=\"ralign\">+15.3<\/td>\n<\/tr>\n<tr class=\"even\">\n<td>3.<\/td>\n<td>Anna Magnusone<\/td>\n<td>Zviedrija<\/td>\n<td>0+0 [0]<\/td>\n<td class=\"ralign\">+16.1<\/td>\n<\/tr>\n<tr class=\"odd\">\n<td>4.<\/td>\n<td>Doroteja V\u012brere<\/td>\n<td>It\u0101lija<\/td>\n<td>0+0 [0]<\/td>\n<td class=\"ralign\">+27.9<\/td>\n<\/tr>\n<tr class=\"even\">\n<td>5.<\/td>\n<td>Eimija Baserga<\/td>\n<td>\u0160veice<\/td>\n<td>0+0 [0]<\/td>\n<td class=\"ralign\">+32.3<\/td>\n<\/tr>\n<tr class=\"odd\">\n<td>6.<\/td>\n<td>Kamila Ben\u0113<\/td>\n<td>Francija<\/td>\n<td>0+0 [0]<\/td>\n<td class=\"ralign\">+32.7<\/td>\n<\/tr>\n<tr class=\"even\">\n<td>7.<\/td>\n<td>Vanesa Foigta<\/td>\n<td>V\u0101cija<\/td>\n<td>0+0 [0]<\/td>\n<td class=\"ralign\">+37.7<\/td>\n<\/tr>\n<tr class=\"odd\">\n<td>8.<\/td>\n<td>Anna V\u012bdele<\/td>\n<td>V\u0101cija<\/td>\n<td>0+0 [0]<\/td>\n<td class=\"ralign\">+42.0<\/td>\n<\/tr>\n<tr class=\"even\">\n<td>9.<\/td>\n<td>Karoline Knotena<\/td>\n<td>Norv\u0113\u0123ija<\/td>\n<td>1+0 [1]<\/td>\n<td class=\"ralign\">+45.7<\/td>\n<\/tr>\n<tr class=\"odd\">\n<td>10.<\/td>\n<td>Polona Klemen\u010di\u010da<\/td>\n<td>Slov\u0113nija<\/td>\n<td>0+1 [1]<\/td>\n<td class=\"ralign\">+46.1<\/td>\n<\/tr>\n<tr class=\"even\">\n<td\/>\n<td\/>\n<td\/>\n<td\/>\n<td class=\"ralign\"\/><\/tr>\n<tr class=\"odd\">\n<td\/>\n<td\/>\n<td\/>\n<td\/>\n<td class=\"ralign\"\/><\/tr>\n<tr class=\"even\">\n<td>27.<\/td>\n<td>Baiba Bendika<\/td>\n<td>Latvija<\/td>\n<td>0+2 [2]<\/td>\n<td class=\"ralign\">+1:20.3<\/td>\n<\/tr>\n<tr class=\"odd\">\n<td>63.<\/td>\n<td>Annija Sabule<\/td>\n<td>Latvija<\/td>\n<td>1+0 [1]<\/td>\n<td class=\"ralign\">+2:19.4<\/td>\n<\/tr>\n<tr class=\"even\">\n<td>89.<\/td>\n<td>Sanita Buli\u0146a<\/td>\n<td>Latvija<\/td>\n<td>3+1 [4]<\/td>\n<td class=\"ralign\">+3:07.8<\/td>\n<\/tr>\n<p>Piedal\u012bj\u0101s 105 sportistes.<\/p>\n<p>Pasaules kausa otrais posms biatlon\u0101 Hohfilcen\u0113<\/p>\n<tr>DatumsLaiksDiscipl\u012bna<\/tr>\n<tr class=\"even\">\n<td>12.12.<\/td>\n<td class=\"ralign\">12:25<\/td>\n<td>10 km sprints v\u012brie\u0161iem<\/td>\n<\/tr>\n<tr class=\"odd\">\n<td\/>\n<td class=\"ralign\">15.15<\/td>\n<td>7.5 km sprints sieviet\u0113m<\/td>\n<\/tr>\n<tr class=\"even\">\n<td>13.12.<\/td>\n<td class=\"ralign\">13.00<\/td>\n<td>12.5 km iedz\u012b\u0161ana v\u012brie\u0161iem<\/td>\n<\/tr>\n<tr class=\"odd\">\n<td\/>\n<td class=\"ralign\">15.15<\/td>\n<td>4&#215;6 km stafete sieviet\u0113m<\/td>\n<\/tr>\n<tr class=\"even\">\n<td>14.12.<\/td>\n<td class=\"ralign\">13.00<\/td>\n<td>4&#215;7.5 km stafete v\u012brie\u0161iem<\/td>\n<\/tr>\n<tr class=\"odd\">\n<td\/>\n<td class=\"ralign\">15.45<\/td>\n<td>10 km iedz\u012b\u0161ana sieviet\u0113m<\/td>\n<\/tr>\n","protected":false},"excerpt":{"rendered":"Baiba Bendika Austrijas tras\u0113 dev\u0101s k\u0101 viena no pirmaj\u0101m. Ja gu\u013cus poz\u012bcij\u0101 no Rozulas n\u0101ko\u0161ajai biatlonistei izdev\u0101s aizv\u0113rt&hellip;\n","protected":false},"author":2,"featured_media":72538,"comment_status":"","ping_status":"","sticky":false,"template":"","format":"standard","meta":{"footnotes":""},"categories":[17],"tags":[35,39,38,36,37,34,40,67,620],"class_list":{"0":"post-72537","1":"post","2":"type-post","3":"status-publish","4":"format-standard","5":"has-post-thumbnail","7":"category-sports","8":"tag-latvia","9":"tag-latvian","10":"tag-latviesu","11":"tag-latviesu-valoda","12":"tag-latviesuvaloda","13":"tag-latvija","14":"tag-lv","15":"tag-sports","16":"tag-ziemas-sports"},"share_on_mastodon":{"url":"https:\/\/pubeurope.com\/@lv\/115707213408393864","error":""},"_links":{"self":[{"href":"https:\/\/www.europesays.com\/lv\/wp-json\/wp\/v2\/posts\/72537","targetHints":{"allow":["GET"]}}],"collection":[{"href":"https:\/\/www.europesays.com\/lv\/wp-json\/wp\/v2\/posts"}],"about":[{"href":"https:\/\/www.europesays.com\/lv\/wp-json\/wp\/v2\/types\/post"}],"author":[{"embeddable":true,"href":"https:\/\/www.europesays.com\/lv\/wp-json\/wp\/v2\/users\/2"}],"replies":[{"embeddable":true,"href":"https:\/\/www.europesays.com\/lv\/wp-json\/wp\/v2\/comments?post=72537"}],"version-history":[{"count":0,"href":"https:\/\/www.europesays.com\/lv\/wp-json\/wp\/v2\/posts\/72537\/revisions"}],"wp:featuredmedia":[{"embeddable":true,"href":"https:\/\/www.europesays.com\/lv\/wp-json\/wp\/v2\/media\/72538"}],"wp:attachment":[{"href":"https:\/\/www.europesays.com\/lv\/wp-json\/wp\/v2\/media?parent=72537"}],"wp:term":[{"taxonomy":"category","embeddable":true,"href":"https:\/\/www.europesays.com\/lv\/wp-json\/wp\/v2\/categories?post=72537"},{"taxonomy":"post_tag","embeddable":true,"href":"https:\/\/www.europesays.com\/lv\/wp-json\/wp\/v2\/tags?post=72537"}],"curies":[{"name":"wp","href":"https:\/\/api.w.org\/{rel}","templated":true}]}}