{"id":72543,"date":"2025-12-12T15:09:16","date_gmt":"2025-12-12T15:09:16","guid":{"rendered":"https:\/\/www.europesays.com\/lv\/72543\/"},"modified":"2025-12-12T15:09:16","modified_gmt":"2025-12-12T15:09:16","slug":"jus-par-mani-vel-dzirdesiet-noskaidrota-caur-erkskiem-uz-septitas-sezonas-uzvaretaja","status":"publish","type":"post","link":"https:\/\/www.europesays.com\/lv\/72543\/","title":{"rendered":"&#8220;J\u016bs par mani v\u0113l dzird\u0113siet!&#8221; Noskaidrota &#8221;Caur \u0113rk\u0161\u0137iem uz\u2026&#8221; sept\u012bt\u0101s sezonas uzvar\u0113t\u0101ja"},"content":{"rendered":"<blockquote class=\"quote ck-widget\" contenteditable=\"false\">\n<p>Ilze, kuras nok\u013c\u016b\u0161ana fin\u0101l\u0101 bija visai pretrun\u012bga nopirkt\u0101s imunit\u0101tes d\u0113\u013c, uzsv\u0113ra, ka projekts ir iedevis vi\u0146ai pamat\u012bg\u0101ku dz\u012bves b\u016bv\u0113\u0161anas pamatu.<\/p>\n<\/blockquote>\n<p>Vi\u0146a skaidri nor\u0101d\u012bja, ka vi\u0146u vairs neinteres\u0113 alkohola lieto\u0161ana, bet gan iek\u0161\u0113j\u0101 miera atra\u0161ana un pa\u0161p\u0101rliecin\u0101t\u012bbas stiprin\u0101\u0161ana.<\/p>\n<p><img decoding=\"async\" class=\"figure__image\" onclick=\"triggerEvent('articleImageClick', { id: 17334499, focus: 'single-image', focusIndex: '17334499' })\" onkeydown=\"if (event.key === 'Enter') {&#10;        triggerEvent('articleImageClick', { id: 17334499, focus: 'single-image', focusIndex: '17334499' })&#10;        }\" role=\"button\" tabindex=\"0\" data-focus-from=\"single-image\" data-focus-index=\"17334499\" src=\"https:\/\/www.europesays.com\/lv\/wp-content\/uploads\/2025\/12\/17334499t1h8e87.jpg\"  onload=\"this.parentElement.classList.remove('figure__image-loading')\" alt=\"&quot;Caur \u0113rk\u0161\u0137iem uz...&quot;.\"\/>&#8220;Caur \u0113rk\u0161\u0137iem uz&#8230;&#8221;. Foto: Publicit\u0101tes foto<\/p>\n<p>Uzvar\u0113t\u0101ja tika noskaidrota sl\u0113gt\u0101 balsojum\u0101, kur\u0101 piedal\u012bj\u0101s pa\u0161as dal\u012bbnieces, izv\u0113rt\u0113jot, kura no fin\u0101list\u0113m ir piedz\u012bvojusi visnoz\u012bm\u012bg\u0101ko izaugsmi. Balsojuma punktu summa bija iz\u0161\u0137iro\u0161a,<\/p>\n<blockquote class=\"quote ck-widget\" contenteditable=\"false\">\n<p>turkl\u0101t Inese bija vien\u012bg\u0101 no fin\u0101list\u0113m, kura pirmo vietu nov\u0113l\u0113ja nevis sev, bet gan citai dal\u012bbniecei \u2013 El\u012bnei.<\/p>\n<\/blockquote>\n<p>Par &#8220;\u0112rk\u0161\u0137u&#8221; 7. sezonas uzvar\u0113t\u0101ju k\u013cuva El\u012bne, kura sav\u0101 pateic\u012bbas run\u0101 teica: &#8220;J\u016bs par mani v\u0113l dzird\u0113siet!&#8221;<\/p>\n<p>Visas tr\u012bs d\u0101mas sa\u0146\u0113ma atbalsta balvas, kas ietv\u0113ra psihologu konsult\u0101cijas, apm\u0101c\u012bbu iesp\u0113jas un skaistumkop\u0161anas pakalpojumus, lai turpin\u0101tu s\u0101kto ce\u013cu.<\/p>\n<p><img decoding=\"async\" class=\"figure__image\" onclick=\"triggerEvent('articleImageClick', { id: 17334500, focus: 'single-image', focusIndex: '17334500' })\" onkeydown=\"if (event.key === 'Enter') {&#10;        triggerEvent('articleImageClick', { id: 17334500, focus: 'single-image', focusIndex: '17334500' })&#10;        }\" role=\"button\" tabindex=\"0\" data-focus-from=\"single-image\" data-focus-index=\"17334500\" src=\"https:\/\/www.europesays.com\/lv\/wp-content\/uploads\/2025\/12\/17334500t1h320e.jpg\"  onload=\"this.parentElement.classList.remove('figure__image-loading')\" alt=\"&quot;Caur \u0113rk\u0161\u0137iem uz...&quot;.\"\/>&#8220;Caur \u0113rk\u0161\u0137iem uz&#8230;&#8221;. Foto: Publicit\u0101tes foto<\/p>\n","protected":false},"excerpt":{"rendered":"Ilze, kuras nok\u013c\u016b\u0161ana fin\u0101l\u0101 bija visai pretrun\u012bga nopirkt\u0101s imunit\u0101tes d\u0113\u013c, uzsv\u0113ra, ka projekts ir iedevis vi\u0146ai pamat\u012bg\u0101ku dz\u012bves&hellip;\n","protected":false},"author":2,"featured_media":72544,"comment_status":"","ping_status":"","sticky":false,"template":"","format":"standard","meta":{"footnotes":""},"categories":[19],"tags":[63,65,60,89,59,90,70,64,35,39,38,36,37,34,40,68,69,66,67,62,21,61],"class_list":{"0":"post-72543","1":"post","2":"type-post","3":"status-publish","4":"format-standard","5":"has-post-thumbnail","7":"category-izklaide","8":"tag-arvalstis","9":"tag-auto","10":"tag-egoiste","11":"tag-entertainment","12":"tag-financenet","13":"tag-izklaide","14":"tag-klik","15":"tag-kultura","16":"tag-latvia","17":"tag-latvian","18":"tag-latviesu","19":"tag-latviesu-valoda","20":"tag-latviesuvaloda","21":"tag-latvija","22":"tag-lv","23":"tag-maja","24":"tag-receptes","25":"tag-sejas","26":"tag-sports","27":"tag-viedokli","28":"tag-zinas","29":"tag-zinatne"},"share_on_mastodon":{"url":"https:\/\/pubeurope.com\/@lv\/115707233229873552","error":""},"_links":{"self":[{"href":"https:\/\/www.europesays.com\/lv\/wp-json\/wp\/v2\/posts\/72543","targetHints":{"allow":["GET"]}}],"collection":[{"href":"https:\/\/www.europesays.com\/lv\/wp-json\/wp\/v2\/posts"}],"about":[{"href":"https:\/\/www.europesays.com\/lv\/wp-json\/wp\/v2\/types\/post"}],"author":[{"embeddable":true,"href":"https:\/\/www.europesays.com\/lv\/wp-json\/wp\/v2\/users\/2"}],"replies":[{"embeddable":true,"href":"https:\/\/www.europesays.com\/lv\/wp-json\/wp\/v2\/comments?post=72543"}],"version-history":[{"count":0,"href":"https:\/\/www.europesays.com\/lv\/wp-json\/wp\/v2\/posts\/72543\/revisions"}],"wp:featuredmedia":[{"embeddable":true,"href":"https:\/\/www.europesays.com\/lv\/wp-json\/wp\/v2\/media\/72544"}],"wp:attachment":[{"href":"https:\/\/www.europesays.com\/lv\/wp-json\/wp\/v2\/media?parent=72543"}],"wp:term":[{"taxonomy":"category","embeddable":true,"href":"https:\/\/www.europesays.com\/lv\/wp-json\/wp\/v2\/categories?post=72543"},{"taxonomy":"post_tag","embeddable":true,"href":"https:\/\/www.europesays.com\/lv\/wp-json\/wp\/v2\/tags?post=72543"}],"curies":[{"name":"wp","href":"https:\/\/api.w.org\/{rel}","templated":true}]}}