{"id":72545,"date":"2025-12-12T15:13:10","date_gmt":"2025-12-12T15:13:10","guid":{"rendered":"https:\/\/www.europesays.com\/lv\/72545\/"},"modified":"2025-12-12T15:13:10","modified_gmt":"2025-12-12T15:13:10","slug":"no-19-decembra-brivdabas-muzeja-bus-ziemassvetku-gaismas-taka-aprinkis","status":"publish","type":"post","link":"https:\/\/www.europesays.com\/lv\/72545\/","title":{"rendered":"No 19. decembra Br\u012bvdabas muzej\u0101 b\u016bs Ziemassv\u0113tku gaismas taka &#8211; Apri\u0146\u0137is"},"content":{"rendered":"<ol>\n<li><a href=\"https:\/\/news.google.com\/rss\/articles\/CBMirAFBVV95cUxPU2pSZ2NRYU9OcUZValBVakpTVDZTaFZOb05yaTdOVFY4bk8zM3RRZXozVWpDS1U4ZElfT1RKbDI0N1hPSHlESGtjdmR5dGFSOTJOc05jeTlaZ0pRUEZBbVF3WV9EaTNMdGlSWW5xblVBV01EMm9KYlU4YlF6VmNnajFHai1DSnBKcFBGMWZhVWNKdldFS1BIbEZrelNIejhXenVFYWplYVFDS1Vi?oc=5\" target=\"_blank\" rel=\"nofollow noopener\">No 19. decembra Br\u012bvdabas muzej\u0101 b\u016bs Ziemassv\u0113tku gaismas taka<\/a>&nbsp;&nbsp;Apri\u0146\u0137is<\/li>\n<li><a href=\"https:\/\/news.google.com\/rss\/articles\/CBMipwFBVV95cUxQYzFRVWdTTzhDbTZUNVdLNUNZRFA1WnFuQ2xzTnJkd0lEZjhpazdIYm1KOFA5MTNhYmNTVEhiSVU4Y0xubG1UQjJHeTlYRHQ4WDNDMnRkYVhoeEtUMmFjLWhEMUNFTWZkZ29xdklNRTZUckdpUnVOZEFZRUw1cTFxYUM0R2oyNVdzd3czNS1Ga3d1YWF0QzZGeDk0bEdGYVhRSmZPdG84SQ?oc=5\" target=\"_blank\" rel=\"nofollow noopener\">\ufeffNotikumi kult\u016br\u0101 l\u012bdz 19. decembrim, apmekl\u0113jami bez maksas<\/a>&nbsp;&nbsp;NRA<\/li>\n<li><a href=\"https:\/\/news.google.com\/rss\/articles\/CBMijgFBVV95cUxPaVplY20tbFVteHgyX0dXZFVVVXJlZjJ2aEVVaDh3LXZhdzlxRE5kX21nXzQ1Z1FhdmpZQjRuVk1WWk9DYWdzYjlMN0FTb2dQLXo3cE02aFh2WVNXRWRCYWhNU21TUVQteHBaamIxVHpibGRibDk0RUl3bV9pZ0lBc2dEalJCRHFWQklVNkNn?oc=5\" target=\"_blank\" rel=\"nofollow noopener\">Br\u012bvdabas muzej\u0101 top unik\u0101la Ziemassv\u0113tku gaismas taka<\/a>&nbsp;&nbsp;Dzentlmenis.lv<\/li>\n<li><a href=\"https:\/\/news.google.com\/rss\/articles\/CBMixgFBVV95cUxPZkZmTjQyMzZBeWFSNG1fUlcyU2UwWXc5MVZwd05fLUpzaWdBTGljeE9aME5malpjVnVsZkJrNHNjZXVtcnYxNTZKX3N0d1Vma1ZGWXdweVFYN2ZZZTJROERGaVhPdEFTUEJVYXpmWUozUEVtVmZWczd4UnlHMmJGeVZINm5Nb196WDZVeHpEN2pEcHBocldEWUg2Y0ZOeEZtQi1lczZxbnF1VnY4YkpOTVk5S3g0dGg4WkI0aHlzVXNxT28wVUE?oc=5\" target=\"_blank\" rel=\"nofollow noopener\">Viktora \u0136irpa Ates muzej\u0101 20. decembr\u012b aicina svin\u0113t ziemas saulgrie\u017eus latvisk\u0101 gar\u0101<\/a>&nbsp;&nbsp;Dzirkstele.lv<\/li>\n<li><a href=\"https:\/\/news.google.com\/rss\/articles\/CBMinwFBVV95cUxOZFYyRVhNNm9jbEMxcWloYnBVLThWRmFTTk0yR08wNGpSZ3UxbTJ4X25KaU80eVpvTTRMZ1c1VE80bmN5R0NXVlY5U016MDhRYXFUYnVFMUdKVDM3d0dIMkphclNqSlhXWUJmYnlaUkdmcXFfRkdvcVJ1T0NyNE56MEQ5NGRqaWNZVnFCeG9lT1Vvd3UySThGYnlnU0U0Ymc?oc=5\" target=\"_blank\" rel=\"nofollow noopener\">Ziemassv\u0113tku Blu\u0137a vakars latvisk\u0101s noska\u0146\u0101s Vi\u013ca Pl\u016bdo\u0146a muzej\u0101<\/a>&nbsp;&nbsp;BauskasDzive.lv<\/li>\n<\/ol>\n","protected":false},"excerpt":{"rendered":"No 19. decembra Br\u012bvdabas muzej\u0101 b\u016bs Ziemassv\u0113tku gaismas taka&nbsp;&nbsp;Apri\u0146\u0137is \ufeffNotikumi kult\u016br\u0101 l\u012bdz 19. decembrim, apmekl\u0113jami bez maksas&nbsp;&nbsp;NRA Br\u012bvdabas&hellip;\n","protected":false},"author":2,"featured_media":72546,"comment_status":"","ping_status":"","sticky":false,"template":"","format":"standard","meta":{"footnotes":""},"categories":[12],"tags":[23,28,29,47,32,33,22,381,64,30,31,35,39,38,36,37,34,40,20,385,26,27,172,382,384,383,24,25,21],"class_list":{"0":"post-72545","1":"post","2":"type-post","3":"status-publish","4":"format-standard","5":"has-post-thumbnail","7":"category-latvija","8":"tag-aktualitates","9":"tag-breaking-news","10":"tag-breakingnews","11":"tag-ekonomika","12":"tag-featured-news","13":"tag-featurednews","14":"tag-headlines","15":"tag-jaunumi","16":"tag-kultura","17":"tag-latest-news","18":"tag-latestnews","19":"tag-latvia","20":"tag-latvian","21":"tag-latviesu","22":"tag-latviesu-valoda","23":"tag-latviesuvaloda","24":"tag-latvija","25":"tag-lv","26":"tag-news","27":"tag-pieriga","28":"tag-popularakas-zinas","29":"tag-popularakaszinas","30":"tag-riga","31":"tag-sabiedriba","32":"tag-sludinajumi","33":"tag-sports-afisa","34":"tag-top-stories","35":"tag-topstories","36":"tag-zinas"},"share_on_mastodon":{"url":"https:\/\/pubeurope.com\/@lv\/115707248949287571","error":""},"_links":{"self":[{"href":"https:\/\/www.europesays.com\/lv\/wp-json\/wp\/v2\/posts\/72545","targetHints":{"allow":["GET"]}}],"collection":[{"href":"https:\/\/www.europesays.com\/lv\/wp-json\/wp\/v2\/posts"}],"about":[{"href":"https:\/\/www.europesays.com\/lv\/wp-json\/wp\/v2\/types\/post"}],"author":[{"embeddable":true,"href":"https:\/\/www.europesays.com\/lv\/wp-json\/wp\/v2\/users\/2"}],"replies":[{"embeddable":true,"href":"https:\/\/www.europesays.com\/lv\/wp-json\/wp\/v2\/comments?post=72545"}],"version-history":[{"count":0,"href":"https:\/\/www.europesays.com\/lv\/wp-json\/wp\/v2\/posts\/72545\/revisions"}],"wp:featuredmedia":[{"embeddable":true,"href":"https:\/\/www.europesays.com\/lv\/wp-json\/wp\/v2\/media\/72546"}],"wp:attachment":[{"href":"https:\/\/www.europesays.com\/lv\/wp-json\/wp\/v2\/media?parent=72545"}],"wp:term":[{"taxonomy":"category","embeddable":true,"href":"https:\/\/www.europesays.com\/lv\/wp-json\/wp\/v2\/categories?post=72545"},{"taxonomy":"post_tag","embeddable":true,"href":"https:\/\/www.europesays.com\/lv\/wp-json\/wp\/v2\/tags?post=72545"}],"curies":[{"name":"wp","href":"https:\/\/api.w.org\/{rel}","templated":true}]}}