{"id":72574,"date":"2025-12-12T15:54:09","date_gmt":"2025-12-12T15:54:09","guid":{"rendered":"https:\/\/www.europesays.com\/lv\/72574\/"},"modified":"2025-12-12T15:54:09","modified_gmt":"2025-12-12T15:54:09","slug":"es-valstis-ieviesis-3-eiro-nodevu-zemas-vertibas-sutijumiem-no-tresajam-valstim-raksts","status":"publish","type":"post","link":"https:\/\/www.europesays.com\/lv\/72574\/","title":{"rendered":"ES valstis ievies\u012bs 3 eiro nodevu zemas v\u0113rt\u012bbas s\u016bt\u012bjumiem no tre\u0161aj\u0101m valst\u012bm \/ Raksts"},"content":{"rendered":"<p>Eiropas Savien\u012bbas (ES) dal\u012bbvalstu finan\u0161u ministri piektdien vienoj\u0101s no 2026. gada 1. j\u016blija ieviest tr\u012bs eiro nodevu zemu v\u0113rt\u012bbu s\u016bt\u012bjumiem, kas ik gadu non\u0101k bloka dal\u012bbvalst\u012bs, galvenok\u0101rt no \u0136\u012bnas.<\/p>\n<p>Ta\u010du \u0161\u012b nodeva b\u016bs pagaidu pas\u0101kums un saglab\u0101sies sp\u0113k\u0101 l\u012bdz 2028.\u00a0gadam, kad vis\u0101m ES import\u0113taj\u0101m prec\u0113m tiks piem\u0113rota muitas nodeva neatkar\u012bgi no to v\u0113rt\u012bbas.<\/p>\n<p>Francijas finan\u0161u ministrs Rol\u0101ns Lesk\u012brs atzin\u012bgi nov\u0113rt\u0113ja \u0161\u012bs nodevas ievie\u0161anu, nod\u0113v\u0113jot to par lielu uzvaru ES.<\/p>\n<blockquote>\n<p>&#8220;Eiropa veic konkr\u0113tus pas\u0101kumus, lai aizsarg\u0101tu savu vienoto tirgu, pat\u0113r\u0113t\u0101jus un suverenit\u0101ti,&#8221; sac\u012bja ministrs.<\/p>\n<\/blockquote>\n<p>Eiropas mazumtirgot\u0101ji apgalvo, ka vi\u0146i saskaras ar negod\u012bgu konkurenci, ko rada t\u0101das \u0101rvalstu platformas k\u0101 &#8220;AliExpress&#8221;, &#8220;Shein&#8221; un &#8220;Temu&#8221;, kuras, vi\u0146upr\u0101t, bie\u017ei neiev\u0113ro ES stingr\u0101s pras\u012bbas attiec\u012bb\u0101 uz pre\u010du tirdzniec\u012bbu.<\/p>\n<p>\u0160obr\u012bd ES ir sp\u0113k\u0101 bezmuitas statuss s\u016bt\u012bjumiem, kuru v\u0113rt\u012bba nep\u0101rsniedz 150 eiro un kas tiek import\u0113ti tie\u0161i pat\u0113r\u0113t\u0101jiem, bie\u017ei vien izmantojot t\u0101das platformas k\u0101 \u0136\u012bnas &#8220;Temu&#8221; un &#8220;Shein&#8221;.<\/p>\n<p>Eiropas Komisijas dati liecina, ka p\u0113rn ES tika import\u0113ti 4,6 miljardi s\u016bt\u012bjumu, kuru v\u0113rt\u012bba nep\u0101rsniedza 150 eiro, un tas ir vair\u0101k nek\u0101 12 miljoni s\u016bt\u012bjumu dien\u0101.<\/p>\n<p>Turkl\u0101t 91% no visiem \u0161\u0101diem nelieliem s\u016bt\u012bjumiem p\u0113rn tika sa\u0146emti no \u0136\u012bnas.<\/p>\n<p>                    Valodas k\u013c\u016bda rakst\u0101?<\/p>\n<p class=\"d-none d-md-block\">Iez\u012bm\u0113jiet tekstu un spiediet Ctrl+Enter, lai nos\u016bt\u012btu labojamo teksta fragmentu redaktoram! Par faktu k\u013c\u016bd\u0101m l\u016bdzam zi\u0146ot e-past\u0101 <a href=\"https:\/\/www.lsm.lv\/cdn-cgi\/l\/email-protection\" class=\"__cf_email__\" data-cfemail=\"4f3d2a2b2e242c26252e0f233c22612339\" rel=\"nofollow noopener\" target=\"_blank\">[email\u00a0protected]<\/a>.<\/p>\n<p class=\"d-md-none\">Iez\u012bm\u0113jiet tekstu un spiediet uz Zi\u0146ot par k\u013c\u016bdu pogas, lai nos\u016bt\u012btu labojamo teksta fragmentu redaktoram!<\/p>\n<p>\n                    Zi\u0146ot par k\u013c\u016bdu\n                <\/p>\n","protected":false},"excerpt":{"rendered":"Eiropas Savien\u012bbas (ES) dal\u012bbvalstu finan\u0161u ministri piektdien vienoj\u0101s no 2026. gada 1. j\u016blija ieviest tr\u012bs eiro nodevu zemu&hellip;\n","protected":false},"author":2,"featured_media":72575,"comment_status":"","ping_status":"","sticky":false,"template":"","format":"standard","meta":{"footnotes":""},"categories":[14],"tags":[23,57,28,29,32,33,22,30,31,35,39,38,36,37,34,40,20,26,27,24,25,54,55,56,21,58],"class_list":{"0":"post-72574","1":"post","2":"type-post","3":"status-publish","4":"format-standard","5":"has-post-thumbnail","7":"category-zinas-no-arvalstim","8":"tag-aktualitates","9":"tag-arvalstim","10":"tag-breaking-news","11":"tag-breakingnews","12":"tag-featured-news","13":"tag-featurednews","14":"tag-headlines","15":"tag-latest-news","16":"tag-latestnews","17":"tag-latvia","18":"tag-latvian","19":"tag-latviesu","20":"tag-latviesu-valoda","21":"tag-latviesuvaloda","22":"tag-latvija","23":"tag-lv","24":"tag-news","25":"tag-popularakas-zinas","26":"tag-popularakaszinas","27":"tag-top-stories","28":"tag-topstories","29":"tag-world","30":"tag-world-news","31":"tag-worldnews","32":"tag-zinas","33":"tag-zinas-no-arvalstim"},"share_on_mastodon":{"url":"https:\/\/pubeurope.com\/@lv\/115707410043635116","error":""},"_links":{"self":[{"href":"https:\/\/www.europesays.com\/lv\/wp-json\/wp\/v2\/posts\/72574","targetHints":{"allow":["GET"]}}],"collection":[{"href":"https:\/\/www.europesays.com\/lv\/wp-json\/wp\/v2\/posts"}],"about":[{"href":"https:\/\/www.europesays.com\/lv\/wp-json\/wp\/v2\/types\/post"}],"author":[{"embeddable":true,"href":"https:\/\/www.europesays.com\/lv\/wp-json\/wp\/v2\/users\/2"}],"replies":[{"embeddable":true,"href":"https:\/\/www.europesays.com\/lv\/wp-json\/wp\/v2\/comments?post=72574"}],"version-history":[{"count":0,"href":"https:\/\/www.europesays.com\/lv\/wp-json\/wp\/v2\/posts\/72574\/revisions"}],"wp:featuredmedia":[{"embeddable":true,"href":"https:\/\/www.europesays.com\/lv\/wp-json\/wp\/v2\/media\/72575"}],"wp:attachment":[{"href":"https:\/\/www.europesays.com\/lv\/wp-json\/wp\/v2\/media?parent=72574"}],"wp:term":[{"taxonomy":"category","embeddable":true,"href":"https:\/\/www.europesays.com\/lv\/wp-json\/wp\/v2\/categories?post=72574"},{"taxonomy":"post_tag","embeddable":true,"href":"https:\/\/www.europesays.com\/lv\/wp-json\/wp\/v2\/tags?post=72574"}],"curies":[{"name":"wp","href":"https:\/\/api.w.org\/{rel}","templated":true}]}}