{"id":72578,"date":"2025-12-12T16:01:09","date_gmt":"2025-12-12T16:01:09","guid":{"rendered":"https:\/\/www.europesays.com\/lv\/72578\/"},"modified":"2025-12-12T16:01:09","modified_gmt":"2025-12-12T16:01:09","slug":"160-eiro-un-lauka-vel-pat-nav-minusu-cilveki-dalas-ar-ikmenesa-rekiniem-par-apkuri-un-starpiba-ir-milziga","status":"publish","type":"post","link":"https:\/\/www.europesays.com\/lv\/72578\/","title":{"rendered":"\u201c160 eiro, un lauk\u0101 v\u0113l pat nav m\u012bnusu\u2026\u201d Cilv\u0113ki dal\u0101s ar ikm\u0113ne\u0161a r\u0113\u0137iniem par apkuri, un starp\u012bba ir milz\u012bga"},"content":{"rendered":"<p>    <img decoding=\"async\" src=\"https:\/\/www.europesays.com\/lv\/wp-content\/uploads\/2025\/12\/he-gong-2VCtLsPEaWI-unsplash-1-1024x768.jpg\" alt=\"&#10;\"\/><\/p>\n<p>Foto: Unsplash.com\n<\/p>\n<p>17:07, 12. decembris 2025<\/p>\n<p>Decembris nupat s\u0101cies, un gaisa temperat\u016bra dien\u0101s bie\u017ei turas virs nulles, tom\u0113r vair\u0101k\u0101s m\u0101jsaimniec\u012bb\u0101s bud\u017eet\u0101 jau j\u016btams robs. Soci\u0101lajos t\u012bklos izv\u0113rtusies interesanta diskusija, kur\u0101 iedz\u012bvot\u0101ji sal\u012bdzina apkures r\u0113\u0137inus.<\/p>\n<p>        Las\u012bt\u0101kie<br \/>\n        <a data-imagesrc=\"{&quot;300&quot;:&quot;https:\\\/\\\/lastatic.ams3.cdn.digitaloceanspaces.com\\\/2024\\\/11\\\/AgenskalnaTirgus3_TS_5-300x200.jpg&quot;,&quot;768&quot;:&quot;https:\\\/\\\/lastatic.ams3.cdn.digitaloceanspaces.com\\\/2024\\\/11\\\/AgenskalnaTirgus3_TS_5-768x511.jpg&quot;,&quot;200&quot;:&quot;https:\\\/\\\/lastatic.ams3.cdn.digitaloceanspaces.com\\\/2024\\\/11\\\/AgenskalnaTirgus3_TS_5-200x133.jpg&quot;,&quot;400&quot;:&quot;https:\\\/\\\/lastatic.ams3.cdn.digitaloceanspaces.com\\\/2024\\\/11\\\/AgenskalnaTirgus3_TS_5-400x266.jpg&quot;,&quot;500&quot;:&quot;https:\\\/\\\/lastatic.ams3.cdn.digitaloceanspaces.com\\\/2024\\\/11\\\/AgenskalnaTirgus3_TS_5-500x333.jpg&quot;,&quot;800&quot;:&quot;https:\\\/\\\/lastatic.ams3.cdn.digitaloceanspaces.com\\\/2024\\\/11\\\/AgenskalnaTirgus3_TS_5-800x532.jpg&quot;,&quot;1000&quot;:&quot;https:\\\/\\\/lastatic.ams3.cdn.digitaloceanspaces.com\\\/2024\\\/11\\\/AgenskalnaTirgus3_TS_5.jpg&quot;}\" data-focuspoint=\"&quot;&quot;\" data-p=\"2479721\" href=\"https:\/\/www.la.lv\/ta-nu-mes-edam-ka-divi-bomzi-liga-pastasta-par-nepatikamo-parsteigumu-agenskalna-tirgu\" class=\"content-item lazy-load\" wp_automatic_readability=\"27\" rel=\"nofollow noopener\" target=\"_blank\"><\/p>\n<p>                                <img decoding=\"async\" src=\"\" alt=\"\" style=\"\" data-imageid=\"\"\/><\/p>\n<p>\n                                                \u201cT\u0101 nu m\u0113s \u0113d\u0101m k\u0101 divi bom\u017ei,\u201d L\u012bga past\u0101sta par nepat\u012bkamo p\u0101rsteigumu \u0100genskalna tirg\u016b\n                            <\/p>\n<p><\/a><a data-imagesrc=\"{&quot;300&quot;:&quot;https:\\\/\\\/lastatic.ams3.cdn.digitaloceanspaces.com\\\/2021\\\/10\\\/magone234-300x184.jpg&quot;,&quot;768&quot;:&quot;https:\\\/\\\/lastatic.ams3.cdn.digitaloceanspaces.com\\\/2021\\\/10\\\/magone234-768x472.jpg&quot;,&quot;200&quot;:&quot;https:\\\/\\\/lastatic.ams3.cdn.digitaloceanspaces.com\\\/2021\\\/10\\\/magone234-200x123.jpg&quot;,&quot;400&quot;:&quot;https:\\\/\\\/lastatic.ams3.cdn.digitaloceanspaces.com\\\/2021\\\/10\\\/magone234-400x246.jpg&quot;,&quot;500&quot;:&quot;https:\\\/\\\/lastatic.ams3.cdn.digitaloceanspaces.com\\\/2021\\\/10\\\/magone234-500x307.jpg&quot;,&quot;800&quot;:&quot;https:\\\/\\\/lastatic.ams3.cdn.digitaloceanspaces.com\\\/2021\\\/10\\\/magone234-800x492.jpg&quot;,&quot;1000&quot;:&quot;https:\\\/\\\/lastatic.ams3.cdn.digitaloceanspaces.com\\\/2021\\\/10\\\/magone234-1000x615.jpg&quot;,&quot;1017&quot;:&quot;https:\\\/\\\/lastatic.ams3.cdn.digitaloceanspaces.com\\\/2021\\\/10\\\/magone234.jpg&quot;}\" data-focuspoint=\"&quot;&quot;\" data-p=\"2479706\" href=\"https:\/\/www.la.lv\/sviez-edienu-te-pa-galdu-magone-vairs-nekluse-un-atklaj-ko-sova-kameras-vinas-attiecibas-ar-edgaru-nenofilmeja\" class=\"content-item lazy-load\" wp_automatic_readability=\"27\" rel=\"nofollow noopener\" target=\"_blank\"><\/p>\n<p>                                <img decoding=\"async\" src=\"\" alt=\"\" style=\"\" data-imageid=\"\"\/><\/p>\n<p>\n                                                \u201cSvie\u017e \u0113dienu te pa galdu\u2026\u201d Magone vairs neklus\u0113 un atkl\u0101j, ko \u0161ova kameras vi\u0146as attiec\u012bb\u0101s ar Edgaru nenofilm\u0113ja\n                            <\/p>\n<p><\/a><a data-imagesrc=\"{&quot;300&quot;:&quot;https:\\\/\\\/lastatic.ams3.cdn.digitaloceanspaces.com\\\/2024\\\/07\\\/pexels-olly-3831552-300x200.jpg&quot;,&quot;1024&quot;:&quot;https:\\\/\\\/lastatic.ams3.cdn.digitaloceanspaces.com\\\/2024\\\/07\\\/pexels-olly-3831552-1024x683.jpg&quot;,&quot;768&quot;:&quot;https:\\\/\\\/lastatic.ams3.cdn.digitaloceanspaces.com\\\/2024\\\/07\\\/pexels-olly-3831552-768x512.jpg&quot;,&quot;1536&quot;:&quot;https:\\\/\\\/lastatic.ams3.cdn.digitaloceanspaces.com\\\/2024\\\/07\\\/pexels-olly-3831552-1536x1024.jpg&quot;,&quot;2048&quot;:&quot;https:\\\/\\\/lastatic.ams3.cdn.digitaloceanspaces.com\\\/2024\\\/07\\\/pexels-olly-3831552-2048x1365.jpg&quot;,&quot;200&quot;:&quot;https:\\\/\\\/lastatic.ams3.cdn.digitaloceanspaces.com\\\/2024\\\/07\\\/pexels-olly-3831552-200x133.jpg&quot;,&quot;400&quot;:&quot;https:\\\/\\\/lastatic.ams3.cdn.digitaloceanspaces.com\\\/2024\\\/07\\\/pexels-olly-3831552-400x267.jpg&quot;,&quot;500&quot;:&quot;https:\\\/\\\/lastatic.ams3.cdn.digitaloceanspaces.com\\\/2024\\\/07\\\/pexels-olly-3831552-500x333.jpg&quot;,&quot;800&quot;:&quot;https:\\\/\\\/lastatic.ams3.cdn.digitaloceanspaces.com\\\/2024\\\/07\\\/pexels-olly-3831552-800x533.jpg&quot;,&quot;1000&quot;:&quot;https:\\\/\\\/lastatic.ams3.cdn.digitaloceanspaces.com\\\/2024\\\/07\\\/pexels-olly-3831552-1000x667.jpg&quot;,&quot;2560&quot;:&quot;https:\\\/\\\/lastatic.ams3.cdn.digitaloceanspaces.com\\\/2024\\\/07\\\/pexels-olly-3831552-scaled.jpg&quot;}\" data-focuspoint=\"&quot;&quot;\" data-p=\"2272579\" href=\"https:\/\/www.la.lv\/eksperti-ir-nosaukusi-9-automasinas-no-kuram-vajadzetu-izvairities-pensionariem\" class=\"content-item lazy-load\" wp_automatic_readability=\"26.5\" rel=\"nofollow noopener\" target=\"_blank\"><\/p>\n<p>                                <img decoding=\"async\" src=\"\" alt=\"\" style=\"\" data-imageid=\"\"\/><\/p>\n<p>\n                                                Eksperti ir nosauku\u0161i 9 automa\u0161\u012bnas, no kur\u0101m vajadz\u0113tu izvair\u012bties pension\u0101riem\n                            <\/p>\n<p><\/a><br \/>\n        <a class=\"read-more\" href=\"https:\/\/www.la.lv\/top\" rel=\"nofollow noopener\" target=\"_blank\">Las\u012bt citas zi\u0146as<\/a><\/p>\n<p>Diskusiju s\u0101kusi \u201cThreads\u201d lietot\u0101ja Ieva, vaic\u0101jot: \u201cCik Jums \u0161om\u0113nes j\u0101maks\u0101 par apkuri dz\u012bvokl\u012b? 160\u20ac drusci\u0146 \u0161or\u012bt apb\u0113din\u0101ja\u2026. D\u0101vanu bud\u017eet\u0101 robs. Un lauk\u0101 v\u0113l pat nav m\u012bnusu.\u201d<\/p>\n<p><img decoding=\"async\" src=\"https:\/\/www.europesays.com\/lv\/wp-content\/uploads\/2025\/12\/Ekranuznemums-2025-12-12-170727.png\" alt=\"\"\/><\/p>\n<p>    CITI \u0160OBR\u012aD LASA<\/p>\n<p>Koment\u0101ru sada\u013c\u0101 redzams, ka apkures izmaksas Latvij\u0101 \u0161obr\u012bd sv\u0101rst\u0101s pla\u0161\u0101 amplit\u016bd\u0101. R\u0113\u0137inus ietekm\u0113 ne tikai dz\u012bvok\u013ca plat\u012bba, bet ar\u012b m\u0101jas siltin\u0101jums, apsaimnieko\u0161anas veids, k\u0101 ar\u012b iesp\u0113ja regul\u0113t radiatorus.<\/p>\n<p>Ko saka soct\u012bklot\u0101ji?<\/p>\n<p>\u201c25 eur par 55 m2 dz\u012bvokli. Apkuri varu regul\u0113t, kas patie\u0161\u0101m ir \u013coti izdev\u012bgi. Radiatori st\u0101v uzsl\u0113gti vid\u0113jam siltumam.\u201d<\/p>\n<p>\u201c67 m2 un tikai apkure 47\u20ac. Bet nu ar\u012b- m\u0101ja nosiltin\u0101ta, regul\u0113jami radiatori un katram dz\u012bvoklim individu\u0101lais siltuma skait\u012bt\u0101js.\u201d<\/p>\n<p>\u201c63\u20ac, un es salstu ar saviem knapajiem +21C. \u201d<\/p>\n<p>\u201cAr karsto \u016bdeni kop\u0101 \u2013 62 eur, logi va\u013c\u0101 visu laiku.\u201d<\/p>\n<p>\u201c149 eiro, bet mums ir tie\u0161\u0101m silts dz\u012bvokl\u012b, ap 25 gr\u0101di.\u201d<\/p>\n<p>\u201c13 eiro.\u201d<\/p>\n<p>\u201c81 eur apkure 44,6 m2.\u201d<\/p>\n<p>\u201cApkure 23 eur, 53m2, jaunais projekts, siltumu var regul\u0113t.\u201d<\/p>\n<p>\u201cSamaks\u0101ju zem 5eur par 48kvm2. Jaunais projekts.\u201d<\/p>\n<p>\u201c80 m2, R\u012bga, m\u0101ja pati sev apsaimniekot\u0101js. 100 eur, dz\u012bvokl\u012b ir \u013coti silti. Man var\u0113tu b\u016bt ar\u012b v\u0113s\u0101k, bet mani t\u012b\u0146i vienm\u0113r salst.\u201d<\/p>\n<p>\u201cLaikam k\u0101di 500+ eur par sezonu.\u201d<\/p>\n<p>\u201cAptuveni 130 EUR par 64 kvm dz\u012bvokli.\u201d<\/p>\n<p>\u201c91\u20ac uz 70m\u00b2.\u201d<\/p>\n<p>\u201cEs nemaz nes\u016bdzos. Man pat aukst\u0101kaj\u0101 ziem\u0101 nav bijis 160\u20ac.\u201d<\/p>\n<p>\u201cKlusais centrs, 41m2, tikai apkure \u2013 76,41 \u20ac.\u201d<\/p>\n<p>\n    LA.LV Aptauja<br \/>\n    Cik tu ziem\u0101 vid\u0113ji maks\u0101 par apkuri m\u0113nes\u012b?<\/p>\n<ul class=\"poll-options\">\n<li class=\"poll-option\" data-id=\"cfcd208495d565ef66e7dff9f98764da\">\n<p>Zem 20 eiro<\/p>\n<\/li>\n<li class=\"poll-option\" data-id=\"c4ca4238a0b923820dcc509a6f75849b\">\n<p>20\u201330 eiro<\/p>\n<\/li>\n<li class=\"poll-option\" data-id=\"c81e728d9d4c2f636f067f89cc14862c\">\n<p>40\u201360 eiro<\/p>\n<\/li>\n<li class=\"poll-option\" data-id=\"eccbc87e4b5ce2fe28308fd9f2a7baf3\">\n<p>70\u2013100 eiro<\/p>\n<\/li>\n<li class=\"poll-option\" data-id=\"a87ff679a2f3e71d9181a67b7542122c\">\n<p>100\u2013150 eiro<\/p>\n<\/li>\n<li class=\"poll-option\" data-id=\"e4da3b7fbbce2345d7772b0674a318d5\">\n<p>150\u2013200 eiro<\/p>\n<\/li>\n<li class=\"poll-option\" data-id=\"1679091c5a880faf6fb5e6087eb1b2dc\">\n<p>200\u2013300 eiro<\/p>\n<\/li>\n<li class=\"poll-option\" data-id=\"8f14e45fceea167a5a36dedd4bea2543\">\n<p>Vair\u0101k<\/p>\n<\/li>\n<li class=\"poll-option\" data-id=\"c9f0f895fb98ab9159f51fd0297e236d\">\n<p>Daudz, daudz vair\u0101k<\/p>\n<\/li>\n<\/ul>\n<p>K\u0101 zi\u0146o a\u0123ent\u016bra LETA, dz\u012bvok\u013ci renov\u0113t\u0101s m\u0101j\u0101s maks\u0101 aptuveni par 11% d\u0101rg\u0101k, otrdien Valsts kontroles r\u012bkotaj\u0101 diskusij\u0101 par m\u0101jok\u013cu renov\u0101ciju sac\u012bja Latvijas Bankas P\u0113tniec\u012bbas da\u013cas vad\u012bt\u0101js K\u0101rlis Vilerts.<\/p>\n<p>L\u012bdz ar to m\u0101jok\u013cu renov\u0101cija nenoz\u012bm\u0113 tikai siltumener\u0123ijas cenu ietaup\u012bjumu, t\u0101 ar\u012b paaugstina potenci\u0101lo nekustam\u0101 \u012bpa\u0161uma p\u0101rdo\u0161anas cenu, secin\u0101ja Vilerts.<\/p>\n<p>Taj\u0101 pa\u0161\u0101 laik\u0101 vi\u0146\u0161 v\u0113rsa uzman\u012bbu, ka R\u012bg\u0101 tas t\u0101 nav \u2013 R\u012bg\u0101 renov\u0101cija m\u0101jok\u013ca cenu praktiski neietekm\u0113. P\u0113c Vilerta skaidrot\u0101, tas ir t\u0101p\u0113c, ka R\u012bg\u0101 renov\u0101cijas izmaksas ir krietni augst\u0101kas nek\u0101 citur Latvij\u0101.<\/p>\n<p>T\u0101pat Vilerts sac\u012bja, ka, \u0146emot v\u0113r\u0101 renov\u0101cijas izmaksas un t\u0101s rezult\u0101t\u0101 g\u016btos ietaup\u012bjumus pirms dz\u012bvok\u013ca p\u0101rdo\u0161anas, renov\u0101cijas atdeve ir ap 10%, bet R\u012bg\u0101 \u2013 neb\u016btiska.<\/p>\n<p>Vilerts atzina, ka, no\u0146emot valsts subs\u012bdijas, paz\u016bd finansi\u0101l\u0101 motiv\u0101cija renov\u0113t \u0113kas. Savuk\u0101rt siltumener\u0123ijas cenu pieaugums rada liel\u0101ku motiv\u0101ciju renov\u0113t \u0113kas.<\/p>\n<p>P\u0113c Latvijas Bankas prognoz\u0113m, b\u016bvniec\u012bbas izmaksas turpin\u0101s augt, bet siltumener\u0123ijas cenas saglab\u0101sies stabilas, l\u012bdz ar to v\u0113l vair\u0101k zud\u012bs motiv\u0101cija renov\u0113t \u0113kas.<\/p>\n<p>Vilerts sac\u012bja, ka renov\u0101ciju var veicin\u0101t divos veidos \u2013 vai nu v\u0113l vair\u0101k palielinot valsts atbalstu, vai ar\u012b padarot energoneefekt\u012bv\u0101s \u0113kas finansi\u0101li neizdev\u012bgas.<\/p>\n<p>Valsts kontroles rev\u012bzijas starpzi\u0146ojum\u0101 secin\u0101ts, ka Latvij\u0101 ir vair\u0101k nek\u0101 39 500 daudzdz\u012bvok\u013cu dz\u012bvojamo \u0113ku, un atjauno\u0161ana nepiecie\u0161ama vismaz 26 600 m\u0101j\u0101m, ta\u010du l\u012bdz \u0161im renov\u0113ti vien ap 4% no t\u0101m, bet atbild\u012bg\u0101s ministrijas nav izmantoju\u0161as visas iesp\u0113jas renov\u0101cijas atbalsta finans\u0113juma pieejam\u012bbas veicin\u0101\u0161anai.<\/p>\n<p>T\u0113mas<\/p>\n<p>    SAIST\u012aTIE RAKSTI<\/p>\n","protected":false},"excerpt":{"rendered":"Foto: Unsplash.com 17:07, 12. decembris 2025 Decembris nupat s\u0101cies, un gaisa temperat\u016bra dien\u0101s bie\u017ei turas virs nulles, tom\u0113r&hellip;\n","protected":false},"author":2,"featured_media":72579,"comment_status":"","ping_status":"","sticky":false,"template":"","format":"standard","meta":{"footnotes":""},"categories":[12],"tags":[23,28,29,32,33,22,30,31,35,39,38,36,37,34,40,20,26,27,24,25,21],"class_list":{"0":"post-72578","1":"post","2":"type-post","3":"status-publish","4":"format-standard","5":"has-post-thumbnail","7":"category-latvija","8":"tag-aktualitates","9":"tag-breaking-news","10":"tag-breakingnews","11":"tag-featured-news","12":"tag-featurednews","13":"tag-headlines","14":"tag-latest-news","15":"tag-latestnews","16":"tag-latvia","17":"tag-latvian","18":"tag-latviesu","19":"tag-latviesu-valoda","20":"tag-latviesuvaloda","21":"tag-latvija","22":"tag-lv","23":"tag-news","24":"tag-popularakas-zinas","25":"tag-popularakaszinas","26":"tag-top-stories","27":"tag-topstories","28":"tag-zinas"},"share_on_mastodon":{"url":"https:\/\/pubeurope.com\/@lv\/115707437709287597","error":""},"_links":{"self":[{"href":"https:\/\/www.europesays.com\/lv\/wp-json\/wp\/v2\/posts\/72578","targetHints":{"allow":["GET"]}}],"collection":[{"href":"https:\/\/www.europesays.com\/lv\/wp-json\/wp\/v2\/posts"}],"about":[{"href":"https:\/\/www.europesays.com\/lv\/wp-json\/wp\/v2\/types\/post"}],"author":[{"embeddable":true,"href":"https:\/\/www.europesays.com\/lv\/wp-json\/wp\/v2\/users\/2"}],"replies":[{"embeddable":true,"href":"https:\/\/www.europesays.com\/lv\/wp-json\/wp\/v2\/comments?post=72578"}],"version-history":[{"count":0,"href":"https:\/\/www.europesays.com\/lv\/wp-json\/wp\/v2\/posts\/72578\/revisions"}],"wp:featuredmedia":[{"embeddable":true,"href":"https:\/\/www.europesays.com\/lv\/wp-json\/wp\/v2\/media\/72579"}],"wp:attachment":[{"href":"https:\/\/www.europesays.com\/lv\/wp-json\/wp\/v2\/media?parent=72578"}],"wp:term":[{"taxonomy":"category","embeddable":true,"href":"https:\/\/www.europesays.com\/lv\/wp-json\/wp\/v2\/categories?post=72578"},{"taxonomy":"post_tag","embeddable":true,"href":"https:\/\/www.europesays.com\/lv\/wp-json\/wp\/v2\/tags?post=72578"}],"curies":[{"name":"wp","href":"https:\/\/api.w.org\/{rel}","templated":true}]}}