{"id":72589,"date":"2025-12-12T16:18:08","date_gmt":"2025-12-12T16:18:08","guid":{"rendered":"https:\/\/www.europesays.com\/lv\/72589\/"},"modified":"2025-12-12T16:18:08","modified_gmt":"2025-12-12T16:18:08","slug":"aplenkts-krievu-grupejums-kupjanska-un-dots-trieciens-kugiem-kaspijas-jura","status":"publish","type":"post","link":"https:\/\/www.europesays.com\/lv\/72589\/","title":{"rendered":"aplenkts krievu grup\u0113jums Kupjansk\u0101 un dots trieciens ku\u0123iem Kaspijas j\u016br\u0101"},"content":{"rendered":"<p>Saska\u0146\u0101 ar Ukrainas armijas datiem no 22. septembra l\u012bdz 12. decembrim ukrai\u0146u vien\u012bbas pie Kupjanskas likvid\u0113ju\u0161as 1027 krievu iebruc\u0113jus, 291 iebruc\u0113js guvis ievainojumus, bet 13 kritu\u0161i g\u016bst\u0101.<\/p>\n<p>No iebruc\u0113jiem att\u012br\u012bta Kupjanskas zieme\u013crietumu nomale. Kaujas pils\u0113tas centr\u0101 v\u0113l turpin\u0101s.<\/p>\n<p>Savuk\u0101rt Kaspijas j\u016br\u0101 Ukrainas \u012apa\u0161o oper\u0101ciju sp\u0113ki (SSO) sadarb\u012bb\u0101 ar pretest\u012bbas kust\u012bbu &#8220;Meln\u0101 dzirkstele&#8221; devu\u0161i triecienu diviem Krievijas transporta ku\u0123iem, piektdien pav\u0113st\u012bju\u0161i SSO.<\/p>\n<p>Civilie ku\u0123i &#8220;Kompozitor Rahmaninov&#8221; un &#8220;Askar-Sarid\u017ea&#8221; tika izmantoti milit\u0101ro kravu p\u0101rvad\u0101\u0161anai starp Ir\u0101nu un Krieviju. Tie bija pak\u013cauti ASV sankcij\u0101m.<\/p>\n<p>Par uzbrukuma sek\u0101m zi\u0146u pagaid\u0101m nav.<\/p>\n<p>Bet Ukrainas Aizsardz\u012bbas ministrijas Galven\u0101 izl\u016bko\u0161anas p\u0101rvalde (GUR) piektdien pazi\u0146ojusi par Krievijas milit\u0101r\u0101s transporta lidma\u0161\u012bnas &#8220;An-26&#8221; un divu ienaidnieka radaru izn\u012bcin\u0101\u0161anu okup\u0113taj\u0101 Krim\u0101.<\/p>\n<p>Oper\u0101cijas \u012bstenotas 10. un 11. decembr\u012b.<\/p>\n<p>GUR \u012bpa\u0161\u0101s vien\u012bbas &#8220;Primari&#8221; (Spoki) karav\u012bri lidma\u0161\u012bnai tr\u0101p\u012bju\u0161i br\u012bd\u012b, kad t\u0101 gatavoj\u0101s pacelties gais\u0101.<\/p>\n<p>Atsevi\u0161\u0137\u0101 gaisa triecien\u0101 ukrai\u0146i sekm\u012bgi tr\u0101p\u012bju\u0161i ar\u012b div\u0101m d\u0101rg\u0101m ienaidnieka radaru sist\u0113m\u0101m &#8211; &#8220;Nebo-M&#8221; radaram un kupol\u0101 pasl\u0113ptajam 64N6E radaram, kas kalpoja par &#8220;ac\u012bm&#8221; ienaidnieka zen\u012btra\u0137e\u0161u kompleksiem S-300\/S-400.<\/p>\n","protected":false},"excerpt":{"rendered":"Saska\u0146\u0101 ar Ukrainas armijas datiem no 22. septembra l\u012bdz 12. decembrim ukrai\u0146u vien\u012bbas pie Kupjanskas likvid\u0113ju\u0161as 1027 krievu&hellip;\n","protected":false},"author":2,"featured_media":21788,"comment_status":"","ping_status":"","sticky":false,"template":"","format":"standard","meta":{"footnotes":""},"categories":[14],"tags":[23,463,57,28,29,32,33,22,4140,30,31,35,39,38,36,37,34,40,20,26,27,24,25,276,54,55,56,21,58],"class_list":{"0":"post-72589","1":"post","2":"type-post","3":"status-publish","4":"format-standard","5":"has-post-thumbnail","7":"category-zinas-no-arvalstim","8":"tag-aktualitates","9":"tag-armija","10":"tag-arvalstim","11":"tag-breaking-news","12":"tag-breakingnews","13":"tag-featured-news","14":"tag-featurednews","15":"tag-headlines","16":"tag-krievijas-armija","17":"tag-latest-news","18":"tag-latestnews","19":"tag-latvia","20":"tag-latvian","21":"tag-latviesu","22":"tag-latviesu-valoda","23":"tag-latviesuvaloda","24":"tag-latvija","25":"tag-lv","26":"tag-news","27":"tag-popularakas-zinas","28":"tag-popularakaszinas","29":"tag-top-stories","30":"tag-topstories","31":"tag-ukraina","32":"tag-world","33":"tag-world-news","34":"tag-worldnews","35":"tag-zinas","36":"tag-zinas-no-arvalstim"},"share_on_mastodon":{"url":"https:\/\/pubeurope.com\/@lv\/115707504533912479","error":""},"_links":{"self":[{"href":"https:\/\/www.europesays.com\/lv\/wp-json\/wp\/v2\/posts\/72589","targetHints":{"allow":["GET"]}}],"collection":[{"href":"https:\/\/www.europesays.com\/lv\/wp-json\/wp\/v2\/posts"}],"about":[{"href":"https:\/\/www.europesays.com\/lv\/wp-json\/wp\/v2\/types\/post"}],"author":[{"embeddable":true,"href":"https:\/\/www.europesays.com\/lv\/wp-json\/wp\/v2\/users\/2"}],"replies":[{"embeddable":true,"href":"https:\/\/www.europesays.com\/lv\/wp-json\/wp\/v2\/comments?post=72589"}],"version-history":[{"count":0,"href":"https:\/\/www.europesays.com\/lv\/wp-json\/wp\/v2\/posts\/72589\/revisions"}],"wp:featuredmedia":[{"embeddable":true,"href":"https:\/\/www.europesays.com\/lv\/wp-json\/wp\/v2\/media\/21788"}],"wp:attachment":[{"href":"https:\/\/www.europesays.com\/lv\/wp-json\/wp\/v2\/media?parent=72589"}],"wp:term":[{"taxonomy":"category","embeddable":true,"href":"https:\/\/www.europesays.com\/lv\/wp-json\/wp\/v2\/categories?post=72589"},{"taxonomy":"post_tag","embeddable":true,"href":"https:\/\/www.europesays.com\/lv\/wp-json\/wp\/v2\/tags?post=72589"}],"curies":[{"name":"wp","href":"https:\/\/api.w.org\/{rel}","templated":true}]}}