{"id":72592,"date":"2025-12-12T16:20:15","date_gmt":"2025-12-12T16:20:15","guid":{"rendered":"https:\/\/www.europesays.com\/lv\/72592\/"},"modified":"2025-12-12T16:20:15","modified_gmt":"2025-12-12T16:20:15","slug":"slimnicas-gripas-epidemijas-laika-noteikti-ierobezojumi-apmekletajiem","status":"publish","type":"post","link":"https:\/\/www.europesays.com\/lv\/72592\/","title":{"rendered":"Slimn\u012bc\u0101s gripas epid\u0113mijas laik\u0101 noteikti ierobe\u017eojumi apmekl\u0113t\u0101jiem"},"content":{"rendered":"<p>Lai mazin\u0101tu infekcijas izplat\u012bbas risku un nodro\u0161in\u0101tu dro\u0161u vidi pacientiem un person\u0101lam, PSKUS aicina pacientus apmekl\u0113t pa vienam. Apmekl\u0113jot pacientus, j\u0101lieto sejas maska, k\u0101 ar\u012b j\u0101atturas no slimn\u012bcas apmekl\u0113juma, ja ir elpce\u013cu infekcijas simptomi &#8211; klepus, iesnas, kakla s\u0101pes, drudzis vai paaugstin\u0101ta temperat\u016bra.<\/p>\n<p>Pacientu tuviniekiem tiek nodro\u0161in\u0101ta iesp\u0113ja nodot pacientiem ikdien\u0101 nepiecie\u0161am\u0101s lietas, piem\u0113ram, p\u0101rtiku, higi\u0113nas preces un ap\u0123\u0113rbu. Paci\u0146u pie\u0146em\u0161anu un nodo\u0161anu pacientiem organiz\u0113 attiec\u012bg\u0101s \u0101rstniec\u012bbas noda\u013cas person\u0101ls.<\/p>\n<p>K\u0101 v\u0113st\u012bts, Slim\u012bbas profilakses un kontroles centrs (SPKC) ir pazi\u0146ojis par gripas epid\u0113mijas s\u0101kumu no otrdienas, pamatojoties uz Nacion\u0101l\u0101s mikrobiolo\u0123ijas references laboratorijas (NMRL) sniegto inform\u0101ciju par gripas monitoringa datiem.<\/p>\n<p>No 1. l\u012bdz 7. decembrim NMRL pozit\u012bvo paraugu \u012bpatsvars uz gripu strauji pieauga &#8211; l\u012bdz 18,1%, sal\u012bdzinot ar 9,1% ned\u0113\u013cu iepriek\u0161. T\u0101d\u0113j\u0101di epid\u0113mijas slieksnis ir p\u0101rsniegts.<\/p>\n","protected":false},"excerpt":{"rendered":"Lai mazin\u0101tu infekcijas izplat\u012bbas risku un nodro\u0161in\u0101tu dro\u0161u vidi pacientiem un person\u0101lam, PSKUS aicina pacientus apmekl\u0113t pa vienam.&hellip;\n","protected":false},"author":2,"featured_media":72593,"comment_status":"","ping_status":"","sticky":false,"template":"","format":"standard","meta":{"footnotes":""},"categories":[5],"tags":[23,28,29,32,33,5657,5659,5658,22,30,31,35,39,38,36,37,34,40,20,26,27,24,25,21],"class_list":{"0":"post-72592","1":"post","2":"type-post","3":"status-publish","4":"format-standard","5":"has-post-thumbnail","7":"category-aktualitates","8":"tag-aktualitates","9":"tag-breaking-news","10":"tag-breakingnews","11":"tag-featured-news","12":"tag-featurednews","13":"tag-gripa","14":"tag-gripa-un-saaukstesanas","15":"tag-gripas-laiks","16":"tag-headlines","17":"tag-latest-news","18":"tag-latestnews","19":"tag-latvia","20":"tag-latvian","21":"tag-latviesu","22":"tag-latviesu-valoda","23":"tag-latviesuvaloda","24":"tag-latvija","25":"tag-lv","26":"tag-news","27":"tag-popularakas-zinas","28":"tag-popularakaszinas","29":"tag-top-stories","30":"tag-topstories","31":"tag-zinas"},"share_on_mastodon":{"url":"https:\/\/pubeurope.com\/@lv\/115707512290349220","error":""},"_links":{"self":[{"href":"https:\/\/www.europesays.com\/lv\/wp-json\/wp\/v2\/posts\/72592","targetHints":{"allow":["GET"]}}],"collection":[{"href":"https:\/\/www.europesays.com\/lv\/wp-json\/wp\/v2\/posts"}],"about":[{"href":"https:\/\/www.europesays.com\/lv\/wp-json\/wp\/v2\/types\/post"}],"author":[{"embeddable":true,"href":"https:\/\/www.europesays.com\/lv\/wp-json\/wp\/v2\/users\/2"}],"replies":[{"embeddable":true,"href":"https:\/\/www.europesays.com\/lv\/wp-json\/wp\/v2\/comments?post=72592"}],"version-history":[{"count":0,"href":"https:\/\/www.europesays.com\/lv\/wp-json\/wp\/v2\/posts\/72592\/revisions"}],"wp:featuredmedia":[{"embeddable":true,"href":"https:\/\/www.europesays.com\/lv\/wp-json\/wp\/v2\/media\/72593"}],"wp:attachment":[{"href":"https:\/\/www.europesays.com\/lv\/wp-json\/wp\/v2\/media?parent=72592"}],"wp:term":[{"taxonomy":"category","embeddable":true,"href":"https:\/\/www.europesays.com\/lv\/wp-json\/wp\/v2\/categories?post=72592"},{"taxonomy":"post_tag","embeddable":true,"href":"https:\/\/www.europesays.com\/lv\/wp-json\/wp\/v2\/tags?post=72592"}],"curies":[{"name":"wp","href":"https:\/\/api.w.org\/{rel}","templated":true}]}}