{"id":72598,"date":"2025-12-12T16:32:10","date_gmt":"2025-12-12T16:32:10","guid":{"rendered":"https:\/\/www.europesays.com\/lv\/72598\/"},"modified":"2025-12-12T16:32:10","modified_gmt":"2025-12-12T16:32:10","slug":"renars-birkentals-pasaules-kausa-ieklust-iedzisana-aleksandram-patrijukam-pietrukst-pavisam-maz","status":"publish","type":"post","link":"https:\/\/www.europesays.com\/lv\/72598\/","title":{"rendered":"Ren\u0101rs Birkent\u0101ls Pasaules kaus\u0101 iek\u013c\u016bst iedz\u012b\u0161an\u0101, Aleksandram Patrijukam pietr\u016bkst pavisam maz"},"content":{"rendered":"<p>Lozbers, kur\u0161 16 gadu vecum\u0101 aizvad\u012bja otr\u0101s Pasaules kausa sacens\u012bbas, ar \u010detr\u0101m k\u013c\u016bd\u0101m \u0161au\u0161an\u0101 gu\u013cus ie\u0146\u0113ma 80. vietu 104 biatlonistu konkurenc\u0113, D\u017eakomelam zaud\u0113jot divas min\u016btes un 55,2 sekundes. Uz starta neizg\u0101ja Latvijas vado\u0161ais biatlonists Andrejs Rastorgujevs, kur\u0161 pirm\u0101 posma laik\u0101 Este\u0161und\u0101 saasin\u0101ja pleca savainojumu. Tas gan neesot nopietns un vi\u0146a atgrie\u0161an\u0101s sacens\u012bb\u0101s gaid\u0101ma n\u0101kamaj\u0101 posm\u0101 Francij\u0101.\u00a0<\/p>\n","protected":false},"excerpt":{"rendered":"Lozbers, kur\u0161 16 gadu vecum\u0101 aizvad\u012bja otr\u0101s Pasaules kausa sacens\u012bbas, ar \u010detr\u0101m k\u013c\u016bd\u0101m \u0161au\u0161an\u0101 gu\u013cus ie\u0146\u0113ma 80. vietu&hellip;\n","protected":false},"author":2,"featured_media":72599,"comment_status":"","ping_status":"","sticky":false,"template":"","format":"standard","meta":{"footnotes":""},"categories":[5],"tags":[23,28,29,32,33,22,30,31,35,39,38,36,37,34,40,20,26,27,24,25,21],"class_list":{"0":"post-72598","1":"post","2":"type-post","3":"status-publish","4":"format-standard","5":"has-post-thumbnail","7":"category-aktualitates","8":"tag-aktualitates","9":"tag-breaking-news","10":"tag-breakingnews","11":"tag-featured-news","12":"tag-featurednews","13":"tag-headlines","14":"tag-latest-news","15":"tag-latestnews","16":"tag-latvia","17":"tag-latvian","18":"tag-latviesu","19":"tag-latviesu-valoda","20":"tag-latviesuvaloda","21":"tag-latvija","22":"tag-lv","23":"tag-news","24":"tag-popularakas-zinas","25":"tag-popularakaszinas","26":"tag-top-stories","27":"tag-topstories","28":"tag-zinas"},"share_on_mastodon":{"url":"https:\/\/pubeurope.com\/@lv\/115707559438827466","error":""},"_links":{"self":[{"href":"https:\/\/www.europesays.com\/lv\/wp-json\/wp\/v2\/posts\/72598","targetHints":{"allow":["GET"]}}],"collection":[{"href":"https:\/\/www.europesays.com\/lv\/wp-json\/wp\/v2\/posts"}],"about":[{"href":"https:\/\/www.europesays.com\/lv\/wp-json\/wp\/v2\/types\/post"}],"author":[{"embeddable":true,"href":"https:\/\/www.europesays.com\/lv\/wp-json\/wp\/v2\/users\/2"}],"replies":[{"embeddable":true,"href":"https:\/\/www.europesays.com\/lv\/wp-json\/wp\/v2\/comments?post=72598"}],"version-history":[{"count":0,"href":"https:\/\/www.europesays.com\/lv\/wp-json\/wp\/v2\/posts\/72598\/revisions"}],"wp:featuredmedia":[{"embeddable":true,"href":"https:\/\/www.europesays.com\/lv\/wp-json\/wp\/v2\/media\/72599"}],"wp:attachment":[{"href":"https:\/\/www.europesays.com\/lv\/wp-json\/wp\/v2\/media?parent=72598"}],"wp:term":[{"taxonomy":"category","embeddable":true,"href":"https:\/\/www.europesays.com\/lv\/wp-json\/wp\/v2\/categories?post=72598"},{"taxonomy":"post_tag","embeddable":true,"href":"https:\/\/www.europesays.com\/lv\/wp-json\/wp\/v2\/tags?post=72598"}],"curies":[{"name":"wp","href":"https:\/\/api.w.org\/{rel}","templated":true}]}}