{"id":72600,"date":"2025-12-12T16:34:08","date_gmt":"2025-12-12T16:34:08","guid":{"rendered":"https:\/\/www.europesays.com\/lv\/72600\/"},"modified":"2025-12-12T16:34:08","modified_gmt":"2025-12-12T16:34:08","slug":"par-jurmalas-gada-sportistiem-atzits-dambretists-valneris-un-pludmales-volejboliste-graudina","status":"publish","type":"post","link":"https:\/\/www.europesays.com\/lv\/72600\/","title":{"rendered":"Par J\u016brmalas gada sportistiem atz\u012bts dambretists Valneris un pludmales volejboliste Graudi\u0146a"},"content":{"rendered":"<p>J\u016brmalas gada sportistu tituls pie\u0161\u0137irts dambretistam Guntim Valnerim un pludmales volejbolistei T\u012bnai Laurai Graudi\u0146ai, inform\u0113ja pa\u0161vald\u012bb\u0101.<\/p>\n<p>Tituls &#8220;Gada sportiste&#8221; pie\u0161\u0137irts pasaules \u010dempionei pludmales volejbol\u0101 Graudi\u0146ai, kura \u0161\u0101 gada novembr\u012b p\u0101r\u012b ar Anastasiju Samoilovu Adelaid\u0113, Austr\u0101lij\u0101, tr\u012bs setu c\u012b\u0146\u0101 izc\u012bn\u012bja zelta meda\u013cas, k\u013c\u016bstot par pasaules lab\u0101ko pludmales volejbola p\u0101ri sieviet\u0113m.<\/p>\n<p>Graudi\u0146a ar 10,6% pretinie\u010du neat\u0146emt\u0101m serv\u0113m atz\u012bta par Pasaules t\u016bres lab\u0101ko serv\u0113t\u0101ju, k\u0101 ar\u012b ierindojas augstaj\u0101 2. viet\u0101 pasaules efekt\u012bv\u0101k\u0101s uzbruc\u0113jas rang\u0101 un 3. viet\u0101 blo\u0137\u0113t\u0101jas rang\u0101.<\/p>\n<p>Titulu &#8220;Gada sportists&#8221; ieguva starptautiskais lielmeistars dambret\u0113 Valneris, kur\u0161 \u0161aj\u0101 gad\u0101 izc\u012bn\u012bja 1. vietu Pasaules \u010dempion\u0101t\u0101 \u0101trsp\u0113l\u0113 100 lauci\u0146u dambret\u0113, 3. vietu Pasaules \u010dempion\u0101t\u0101 rapid\u0101 100 lauci\u0146u dambret\u0113 v\u012brie\u0161iem un 3. vietu Eiropas \u010dempion\u0101t\u0101 klasiskaj\u0101 100 lauci\u0146u dambret\u0113.<\/p>\n<p>Kopum\u0101 balvas par sasniegumiem sport\u0101 tika pie\u0161\u0137irtas 13 nomin\u0101cij\u0101s.<\/p>\n<p>Par m\u016b\u017ea ieguld\u012bjumu J\u016brmalas sporta att\u012bst\u012bb\u0101 apbalvota ilggad\u0113j\u0101 sporta un soci\u0101lo zin\u012bbu skolot\u0101ja Zane Vilne, kura vair\u0101k nek\u0101 40 gadu garum\u0101 devusi ieguld\u012bjumu J\u016brmalas un Latvijas izgl\u012bt\u012bb\u0101, savu darba m\u016b\u017eu veltot jaun\u0101s paaudzes izgl\u012bto\u0161anai un vesel\u012bga dz\u012bvesveida v\u0113rt\u012bbu nostiprin\u0101\u0161anai.<\/p>\n<p>Nomin\u0101cij\u0101 &#8220;Gada treneris&#8221; balva pie\u0161\u0137irta karat\u0113 trenerim Andrejam Ozerovam, kura audz\u0113k\u0146i ar augstiem pan\u0101kumiem vis\u0101s vecuma grup\u0101s start\u0113 Latvijas un starptautiska m\u0113roga sacens\u012bb\u0101s, izc\u012bnot godalgotas vietas, gan individu\u0101los startos, gan komandu v\u0113rt\u0113jumos.<\/p>\n<p>Par &#8220;Gada komandu&#8221; \u0161ogad atz\u012bta J\u016brmalas Sporta skolas M\u0101kslas vingro\u0161anas komanda.<\/p>\n<p>Nomin\u0101cij\u0101 &#8220;Gada sporta skolot\u0101js&#8221; balvu sa\u0146\u0113ma J\u016brmalas Kauguru vidusskolas sporta skolot\u0101js Vladimirs Antonovs.<\/p>\n<p>Titulu &#8220;Gada uzleco\u0161\u0101 zvaigzne sport\u0101&#8221; ieguva jaun\u0101 karatiste Simona Fjodorova, kura izc\u012bn\u012bjusi 2. vietu Eiropas \u010dempion\u0101t\u0101 kumit\u0113 kategorij\u0101 vecuma grup\u0101 l\u012bdz 12 gadiem. Sportiste izc\u012bn\u012bjusi ar\u012b vair\u0101kas zelta un sudraba meda\u013cas Latvijas m\u0113roga un starptautisk\u0101s sacens\u012bb\u0101s.<\/p>\n<p>Nomin\u0101cij\u0101 &#8220;Gada sporta seniors&#8221; apbalvots air\u0113t\u0101js Juris Meikali\u0161s, kas izc\u012bn\u012bjis vienu 1. vietu, divas 2. vietas, 3. un 5. vietu pasaules liel\u0101kaj\u0101s air\u0113\u0161anas sacens\u012bb\u0101s veter\u0101niem &#8220;World Rowing Masters Regatta 2025&#8221;. Meikali\u0161s izc\u012bn\u012bjis divas uzvaras Latvijas \u010dempion\u0101tos, ieguvis pirm\u0101s un otr\u0101s vietas starptautisk\u0101s sacens\u012bb\u0101s Lietuv\u0101.<\/p>\n<p>Par gada sporta notikumu J\u016brmal\u0101 atz\u012bti basketbola entuziastu un profesion\u0101\u013cu sporta sv\u0113tki &#8220;J\u016brmalas 3X3 basketbola \u010dempion\u0101ts&#8221;.<\/p>\n<p>Par lab\u0101ko nomin\u0101cij\u0101 &#8220;Gada sportists tehniskajos sporta veidos&#8221; tika atz\u012bts \u0101trumlaivu pilots Nikita Lijcs, kur\u0161 izc\u012bn\u012bjis 1. vietu Eiropas \u010dempion\u0101t\u0101 \u0101trumlaiv\u0101m &#8220;Formula 2&#8221;.<\/p>\n<p>Titulu &#8220;Gada sportists paraolimpiskajos sporta veidos&#8221; ceturto gadu p\u0113c k\u0101rtas sa\u0146\u0113ma rati\u0146tenisiste \u017danete Vasaraudze-Gail\u012bte. Sportiste izc\u012bn\u012bjusi 2. vietu viensp\u0113l\u0113 un 2. vietu dubultsp\u0113l\u0113s Starptautisk\u0101s Tenisa feder\u0101cijas gandar\u012bjuma turn\u012bra fin\u0101l\u0101 un 3. vietu dubultsp\u0113l\u0113s.<\/p>\n<p>Nomin\u0101cij\u0101 &#8220;Gada sportists jaunie\u0161iem&#8221; tika apbalvots d\u017eudists \u0112riks Homka. Vi\u0146\u0161 izc\u012bn\u012bjis 1. vietu &#8220;Millennium Team&#8221; Eiropas kadetu d\u017eudo kaus\u0101 1. vietu Baltijas D\u017eudo \u010dempion\u0101t\u0101 un 2. vietu Starptautiskaj\u0101 d\u017eudo turn\u012br\u0101.<\/p>\n<p>Par &#8220;Gada sportisti jauniet\u0113m&#8221; atz\u012bta jaun\u0101 basketboliste Marta P\u0113tersone. Sportiste Latvijas U16 izlases sast\u0101v\u0101 izc\u012bn\u012bjusi 4. vietu Eiropas \u010dempion\u0101t\u0101. Start\u0113jot Latvijas Jaunatnes basketbola \u010dempion\u0101tos U15 un U16 vecuma grup\u0101s, k\u0101 ar\u012b Latvijas Sievie\u0161u basketbola l\u012bgas 2. div\u012bzij\u0101, J\u016brmalas Sporta skolas komand\u0101 izc\u012bn\u012btas otr\u0101s vietas, k\u0101 ar\u012b 2. vieta Baltijas meite\u0146u Basketbola l\u012bgas posm\u0101 U15 vecuma grup\u0101.<\/p>\n<p>Gada balvas sport\u0101 J\u016brmal\u0101 tiek pie\u0161\u0137irtas jau 26. gadu. Apbalvojumu m\u0113r\u0137is ir godin\u0101t sportistus par izciliem pan\u0101kumiem un izteikt atzin\u012bbu tiem, kuri veicin\u0101ju\u0161i vesel\u012bgu un sportisku dz\u012bvesveidu J\u016brmalas iedz\u012bvot\u0101jiem.<\/p>\n","protected":false},"excerpt":{"rendered":"J\u016brmalas gada sportistu tituls pie\u0161\u0137irts dambretistam Guntim Valnerim un pludmales volejbolistei T\u012bnai Laurai Graudi\u0146ai, inform\u0113ja pa\u0161vald\u012bb\u0101. Tituls &#8220;Gada&hellip;\n","protected":false},"author":2,"featured_media":72601,"comment_status":"","ping_status":"","sticky":false,"template":"","format":"standard","meta":{"footnotes":""},"categories":[17],"tags":[47,381,64,35,39,38,36,37,34,40,385,172,382,384,67,383,21],"class_list":{"0":"post-72600","1":"post","2":"type-post","3":"status-publish","4":"format-standard","5":"has-post-thumbnail","7":"category-sports","8":"tag-ekonomika","9":"tag-jaunumi","10":"tag-kultura","11":"tag-latvia","12":"tag-latvian","13":"tag-latviesu","14":"tag-latviesu-valoda","15":"tag-latviesuvaloda","16":"tag-latvija","17":"tag-lv","18":"tag-pieriga","19":"tag-riga","20":"tag-sabiedriba","21":"tag-sludinajumi","22":"tag-sports","23":"tag-sports-afisa","24":"tag-zinas"},"share_on_mastodon":{"url":"https:\/\/pubeurope.com\/@lv\/115707567325101899","error":""},"_links":{"self":[{"href":"https:\/\/www.europesays.com\/lv\/wp-json\/wp\/v2\/posts\/72600","targetHints":{"allow":["GET"]}}],"collection":[{"href":"https:\/\/www.europesays.com\/lv\/wp-json\/wp\/v2\/posts"}],"about":[{"href":"https:\/\/www.europesays.com\/lv\/wp-json\/wp\/v2\/types\/post"}],"author":[{"embeddable":true,"href":"https:\/\/www.europesays.com\/lv\/wp-json\/wp\/v2\/users\/2"}],"replies":[{"embeddable":true,"href":"https:\/\/www.europesays.com\/lv\/wp-json\/wp\/v2\/comments?post=72600"}],"version-history":[{"count":0,"href":"https:\/\/www.europesays.com\/lv\/wp-json\/wp\/v2\/posts\/72600\/revisions"}],"wp:featuredmedia":[{"embeddable":true,"href":"https:\/\/www.europesays.com\/lv\/wp-json\/wp\/v2\/media\/72601"}],"wp:attachment":[{"href":"https:\/\/www.europesays.com\/lv\/wp-json\/wp\/v2\/media?parent=72600"}],"wp:term":[{"taxonomy":"category","embeddable":true,"href":"https:\/\/www.europesays.com\/lv\/wp-json\/wp\/v2\/categories?post=72600"},{"taxonomy":"post_tag","embeddable":true,"href":"https:\/\/www.europesays.com\/lv\/wp-json\/wp\/v2\/tags?post=72600"}],"curies":[{"name":"wp","href":"https:\/\/api.w.org\/{rel}","templated":true}]}}