{"id":72612,"date":"2025-12-12T17:04:11","date_gmt":"2025-12-12T17:04:11","guid":{"rendered":"https:\/\/www.europesays.com\/lv\/72612\/"},"modified":"2025-12-12T17:04:11","modified_gmt":"2025-12-12T17:04:11","slug":"lasenko-nevaram-pienemt-ilgtermina-lemumus-ja-nezinam-kur-vispar-spelesim-futbols-sportacentrs-com","status":"publish","type":"post","link":"https:\/\/www.europesays.com\/lv\/72612\/","title":{"rendered":"\u013ba\u0161enko: &quot;Nevaram pie\u0146emt ilgtermi\u0146a l\u0113mumus, ja nezin\u0101m, kur visp\u0101r sp\u0113l\u0113sim&quot; \u2013 Futbols &#8211; Sportacentrs.com"},"content":{"rendered":"<ol>\n<li><a href=\"https:\/\/news.google.com\/rss\/articles\/CBMioAFBVV95cUxQcndsYjdtR3A0azdfaDRULWJab21zZVd4RE5Ddlk1MC04SENIdzd6NndHZkJNeGpZTDdDeS1ja2FnTF9hcWNZbFJkNzdBV0NmWHpXb1poQ2s3d0ZfVzg0X0dRZ3hrV3hJSVR5NWszSXNpUjBRejhmc1prZlY0VGVmd3hDOHdmTW5DdHRzVEw3ZUJxdW5xa0tMOWhxNjdqb2st?oc=5\" target=\"_blank\" rel=\"nofollow noopener\">\u013ba\u0161enko: &#8220;Nevaram pie\u0146emt ilgtermi\u0146a l\u0113mumus, ja nezin\u0101m, kur visp\u0101r sp\u0113l\u0113sim&#8221; \u2013 Futbols<\/a>&nbsp;&nbsp;Sportacentrs.com<\/li>\n<li><a href=\"https:\/\/news.google.com\/rss\/articles\/CBMiakFVX3lxTE5JTldLTUl3TEd3MHJTaHNYNWZ2dUkxX1VFWFpsNnozSlJ4RWhPSGxIMHFnR05zbGZfV1ptLUJtWVdsdGoxd0txTkVNNU1Eal9SUEFzTFpjYi1rQ05PQVVpeldKWWFCc3drWXc?oc=5\" target=\"_blank\" rel=\"nofollow noopener\">Jauns l\u012bgums ar Paolo Nikolato<\/a>&nbsp;&nbsp;Latvijas Futbola feder\u0101cija<\/li>\n<li><a href=\"https:\/\/news.google.com\/rss\/articles\/CBMi0AFBVV95cUxQb3lfYWpXcndqRGhOc01RRUFVd3ZaaDBPc19hZlhRbE1SQy1DTU1teDZBYXZlRzZqNnMzaWVDbHd2NVROM216YTNBbEFyeTdtbUJTbkFoVG5PTWFGY2lSWndlUVdTVWVObkZvN0NrUUVxQU8tSGQ2TFhqUHNBS1AzX1JRZDhYamcteHdMMm9IOEN5Q0hxd3pYWHhxdmpuZGNVT05hUlB6S0E4OUJ4VmlKaUVvLXBuSVkwdTFTUnVtNWR2OTdYSzRNT2N2cEYyN1hB?oc=5\" target=\"_blank\" rel=\"nofollow noopener\">Nikolato paliks Latvijas futbola izlases trenera amat\u0101 vismaz l\u012bdz apr\u012blim \/ Raksts<\/a>&nbsp;&nbsp;LSM<\/li>\n<li><a href=\"https:\/\/news.google.com\/rss\/articles\/CBMilAFBVV95cUxNbURGYWtja3JJUllTTWVoelFMRVdOWWpIOUFNT3FHLXk2bUtTbGtDWEZjU3IyM3A0U2d4QXh0MkR4SkxIUy01ZTZ2VzMwb05MWW9DeUpXaHI0TzU5S1A4dXc5anUyc2hkMU9TU1ZQVmhPR3Q1RWZmdVNlR2VUMm5BdTFYTXN5LWd6Z2NycHR1WW9SSmRs?oc=5\" target=\"_blank\" rel=\"nofollow noopener\">Beidzot izlemta Nikolato n\u0101kotne pie Latvijas izlases st\u016bres<\/a>&nbsp;&nbsp;Apollo.lv<\/li>\n<li><a href=\"https:\/\/news.google.com\/rss\/articles\/CBMioAFBVV95cUxNR1lSNENIWVRRMWpXelgtdk85YmQzRDBVUFJPY2JzdnpvY2J2ZWJaaDcyUkxnSDhyN0NtV3NuTWpsLXpxREtwdWdSS1Z3V0NLUTNHWkFwUFcwdEVRQkFWQU9TYnlrQzZ2ZW91VWZ1amNoaHdxaks2VjhmLVhwZ0xCdXBPRm0zT3FXWUsyeWZlbGhRWmFaM29yem5ORGtwNGVB?oc=5\" target=\"_blank\" rel=\"nofollow noopener\">Nikolato: &#8220;Mana l\u012bguma termi\u0146\u0161 \u0161ajos apst\u0101k\u013cos ir tikai lo\u0123isks&#8221; \u2013 Futbols<\/a>&nbsp;&nbsp;Sportacentrs.com<\/li>\n<\/ol>\n","protected":false},"excerpt":{"rendered":"\u013ba\u0161enko: &#8220;Nevaram pie\u0146emt ilgtermi\u0146a l\u0113mumus, ja nezin\u0101m, kur visp\u0101r sp\u0113l\u0113sim&#8221; \u2013 Futbols&nbsp;&nbsp;Sportacentrs.com Jauns l\u012bgums ar Paolo Nikolato&nbsp;&nbsp;Latvijas Futbola&hellip;\n","protected":false},"author":2,"featured_media":72613,"comment_status":"","ping_status":"","sticky":false,"template":"","format":"standard","meta":{"footnotes":""},"categories":[17],"tags":[676,35,39,38,36,37,34,40,67],"class_list":{"0":"post-72612","1":"post","2":"type-post","3":"status-publish","4":"format-standard","5":"has-post-thumbnail","7":"category-sports","8":"tag-futbols","9":"tag-latvia","10":"tag-latvian","11":"tag-latviesu","12":"tag-latviesu-valoda","13":"tag-latviesuvaloda","14":"tag-latvija","15":"tag-lv","16":"tag-sports"},"share_on_mastodon":{"url":"https:\/\/pubeurope.com\/@lv\/115707685468764905","error":""},"_links":{"self":[{"href":"https:\/\/www.europesays.com\/lv\/wp-json\/wp\/v2\/posts\/72612","targetHints":{"allow":["GET"]}}],"collection":[{"href":"https:\/\/www.europesays.com\/lv\/wp-json\/wp\/v2\/posts"}],"about":[{"href":"https:\/\/www.europesays.com\/lv\/wp-json\/wp\/v2\/types\/post"}],"author":[{"embeddable":true,"href":"https:\/\/www.europesays.com\/lv\/wp-json\/wp\/v2\/users\/2"}],"replies":[{"embeddable":true,"href":"https:\/\/www.europesays.com\/lv\/wp-json\/wp\/v2\/comments?post=72612"}],"version-history":[{"count":0,"href":"https:\/\/www.europesays.com\/lv\/wp-json\/wp\/v2\/posts\/72612\/revisions"}],"wp:featuredmedia":[{"embeddable":true,"href":"https:\/\/www.europesays.com\/lv\/wp-json\/wp\/v2\/media\/72613"}],"wp:attachment":[{"href":"https:\/\/www.europesays.com\/lv\/wp-json\/wp\/v2\/media?parent=72612"}],"wp:term":[{"taxonomy":"category","embeddable":true,"href":"https:\/\/www.europesays.com\/lv\/wp-json\/wp\/v2\/categories?post=72612"},{"taxonomy":"post_tag","embeddable":true,"href":"https:\/\/www.europesays.com\/lv\/wp-json\/wp\/v2\/tags?post=72612"}],"curies":[{"name":"wp","href":"https:\/\/api.w.org\/{rel}","templated":true}]}}