{"id":72614,"date":"2025-12-12T17:05:11","date_gmt":"2025-12-12T17:05:11","guid":{"rendered":"https:\/\/www.europesays.com\/lv\/72614\/"},"modified":"2025-12-12T17:05:11","modified_gmt":"2025-12-12T17:05:11","slug":"seat-uzsak-modernizeto-arona-un-ibiza-razosanu-foto","status":"publish","type":"post","link":"https:\/\/www.europesays.com\/lv\/72614\/","title":{"rendered":"Seat uzs\u0101k moderniz\u0113to Arona un Ibiza ra\u017eo\u0161anu (+ FOTO)"},"content":{"rendered":"<p>Jaun\u0101kie Seat Arona un Ibiza jau n\u0101kam\u0101 gada janv\u0101r\u012b k\u013c\u016bs pieejami Eiropas tirg\u016b, cenai s\u0101koties no atz\u012bmes, kas maz\u0101ka par 20 000 eiro.<\/p>\n<p>Seat sav\u0101 galvenaj\u0101 r\u016bpn\u012bc\u0101 Martorell\u0101, net\u0101lu no Barselonas, ir s\u0101cis ra\u017eot moderniz\u0113tos Ibiza un Arona mode\u013cus, iez\u012bm\u0113jot n\u0101kamo att\u012bst\u012bbas posmu abu popul\u0101ro automobi\u013cu dz\u012bves cikl\u0101. No konveijera jau noripo pirmie atjaunin\u0101tie eksempl\u0101ri, un tirg\u016b tie non\u0101ks janv\u0101r\u012b.<\/p>\n<p>St\u0101sts par moderniz\u0101ciju ir vienlaikus tehnolo\u0123isks un vizu\u0101ls. Abiem mode\u013ciem ir p\u0101rstr\u0101d\u0101ts eksterjers \u2014 p\u0101rveidoti bamperi, jauna LED gaismu grafika un jauni rite\u0146u disku varianti. Salon\u0101 izmantoti augst\u0101kas kvalit\u0101tes materi\u0101li un liel\u0101ks centr\u0101lais sk\u0101rienekr\u0101ns (da\u017e\u0101s komplekt\u0101cij\u0101s l\u012bdz 9,2 coll\u0101m), savuk\u0101rt digit\u0101lais instrumentu panelis jau standartapr\u012bkojums liel\u0101k\u0101 da\u013c\u0101 versiju. Uzlabota ar\u012b dro\u0161\u012bba: tagad pieejamas progres\u012bv\u0101kas vad\u012bt\u0101ja asistentu sist\u0113mas, piem\u0113ram, adapt\u012bv\u0101 kru\u012bza kontrole, uzlabots joslas uztur\u0113\u0161anas asistents un jaunas paaudzes av\u0101rijas bremz\u0113\u0161anas sist\u0113ma.<\/p>\n<p>Ar\u012b tehniskaj\u0101 zi\u0146\u0101 abi mode\u013ci k\u013cuvu\u0161i efekt\u012bv\u0101ki. Moderniz\u0113t\u0101 benz\u012bna dzin\u0113ju gamma galvenok\u0101rt sast\u0101v no tr\u012bs cilindru 1.0 TSI agreg\u0101tiem ar 95 un 110 ZS, k\u0101 ar\u012b s\u0101kuma l\u012bme\u0146a Ibiza 1.0 MPI versijas ar 80 ZS (59 kW). \u0160is modelis saglab\u0101 pieejam\u0101ko poz\u012bciju kl\u0101sta cenr\u0101d\u012b \u2014 nedaudz zem 19 650 eiro. Arona, kas pilda krosovera lomu, start\u0113 no 24 150 eiro.<\/p>\n<p>Martorellas r\u016bpn\u012bca, viena no modern\u0101kaj\u0101m Volkswagen grupas ra\u017eotn\u0113m, \u0161obr\u012bd str\u0101d\u0101 ar augstu automatiz\u0101cijas l\u012bmeni \u2014 vair\u0101k nek\u0101 2000 robotu nodro\u0161ina virsb\u016bvju metin\u0101\u0161anu un prec\u012bzu komponentu mont\u0101\u017eu, kas veicina prec\u012bzu un stabilu kvalit\u0101ti. Jaun\u0101s Ibiza un Arona moderniz\u0101cijas m\u0113r\u0137is ir pagarin\u0101t mode\u013cu komerci\u0101lo potenci\u0101lu l\u012bdz to elektrific\u0113tajiem p\u0113cte\u010diem, kas pak\u0101peniski gaid\u0101mi tuv\u0101ko gadu laik\u0101.<\/p>\n<p>\t\t\t\t\t <a href=\"https:\/\/www.europesays.com\/lv\/wp-content\/uploads\/2025\/12\/51830_120e1c01f52.jpg\"><img decoding=\"async\" src=\"https:\/\/www.europesays.com\/lv\/wp-content\/uploads\/2025\/12\/51830_120e1c01f52.jpg\" alt=\"\"\/><\/a><\/p>\n<p>Foto: SEAT<\/p>\n<p>\t\t\t\t\t <a href=\"https:\/\/www.europesays.com\/lv\/wp-content\/uploads\/2025\/12\/51830_260090f0a95.jpg\"><img decoding=\"async\" src=\"https:\/\/www.europesays.com\/lv\/wp-content\/uploads\/2025\/12\/51830_260090f0a95.jpg\" alt=\"\"\/><\/a><\/p>\n<p>Foto: SEAT<\/p>\n<p>\t\t\t\t\t <a href=\"https:\/\/www.europesays.com\/lv\/wp-content\/uploads\/2025\/12\/51830_3358c8a491d.jpg\"><img decoding=\"async\" src=\"https:\/\/www.europesays.com\/lv\/wp-content\/uploads\/2025\/12\/51830_3358c8a491d.jpg\" alt=\"\"\/><\/a><\/p>\n<p>Foto: SEAT<\/p>\n<p>Stingri aizliegts iAuto.lv public\u0113tos materi\u0101lus izmantot, kop\u0113t vai reproduc\u0113t citos interneta port\u0101los, masu inform\u0101cijas l\u012bdzek\u013cos vai k\u0101 cit\u0101di r\u012bkoties ar iAuto.lv public\u0113tajiem materi\u0101liem bez rakstiskas EON SIA at\u013caujas sa\u0146em\u0161anas.<\/p>\n","protected":false},"excerpt":{"rendered":"Jaun\u0101kie Seat Arona un Ibiza jau n\u0101kam\u0101 gada janv\u0101r\u012b k\u013c\u016bs pieejami Eiropas tirg\u016b, cenai s\u0101koties no atz\u012bmes, kas&hellip;\n","protected":false},"author":2,"featured_media":72615,"comment_status":"","ping_status":"","sticky":false,"template":"","format":"standard","meta":{"footnotes":""},"categories":[16],"tags":[77,76,35,39,38,36,37,34,40,18471],"class_list":{"0":"post-72614","1":"post","2":"type-post","3":"status-publish","4":"format-standard","5":"has-post-thumbnail","7":"category-bizness","8":"tag-bizness","9":"tag-business","10":"tag-latvia","11":"tag-latvian","12":"tag-latviesu","13":"tag-latviesu-valoda","14":"tag-latviesuvaloda","15":"tag-latvija","16":"tag-lv","17":"tag-seat-uzsak-modernizeto-arona-un-ibiza-razosanu"},"share_on_mastodon":{"url":"https:\/\/pubeurope.com\/@lv\/115707689513625712","error":""},"_links":{"self":[{"href":"https:\/\/www.europesays.com\/lv\/wp-json\/wp\/v2\/posts\/72614","targetHints":{"allow":["GET"]}}],"collection":[{"href":"https:\/\/www.europesays.com\/lv\/wp-json\/wp\/v2\/posts"}],"about":[{"href":"https:\/\/www.europesays.com\/lv\/wp-json\/wp\/v2\/types\/post"}],"author":[{"embeddable":true,"href":"https:\/\/www.europesays.com\/lv\/wp-json\/wp\/v2\/users\/2"}],"replies":[{"embeddable":true,"href":"https:\/\/www.europesays.com\/lv\/wp-json\/wp\/v2\/comments?post=72614"}],"version-history":[{"count":0,"href":"https:\/\/www.europesays.com\/lv\/wp-json\/wp\/v2\/posts\/72614\/revisions"}],"wp:featuredmedia":[{"embeddable":true,"href":"https:\/\/www.europesays.com\/lv\/wp-json\/wp\/v2\/media\/72615"}],"wp:attachment":[{"href":"https:\/\/www.europesays.com\/lv\/wp-json\/wp\/v2\/media?parent=72614"}],"wp:term":[{"taxonomy":"category","embeddable":true,"href":"https:\/\/www.europesays.com\/lv\/wp-json\/wp\/v2\/categories?post=72614"},{"taxonomy":"post_tag","embeddable":true,"href":"https:\/\/www.europesays.com\/lv\/wp-json\/wp\/v2\/tags?post=72614"}],"curies":[{"name":"wp","href":"https:\/\/api.w.org\/{rel}","templated":true}]}}