{"id":72623,"date":"2025-12-12T17:16:10","date_gmt":"2025-12-12T17:16:10","guid":{"rendered":"https:\/\/www.europesays.com\/lv\/72623\/"},"modified":"2025-12-12T17:16:10","modified_gmt":"2025-12-12T17:16:10","slug":"pasakumi-atputai-un-izklaidei-jurmala-12-21-decembri","status":"publish","type":"post","link":"https:\/\/www.europesays.com\/lv\/72623\/","title":{"rendered":"Pas\u0101kumi atp\u016btai un izklaidei J\u016brmal\u0101 12.\u201321. decembr\u012b"},"content":{"rendered":"<p>Ned\u0113\u013cas pied\u0101v\u0101jum\u0101 ir bag\u0101t\u012bgs kult\u016bras, atp\u016btas un izklaides pas\u0101kumu kl\u0101sts \u2013 rado\u0161i pas\u0101kumi \u0123imen\u0113m ar b\u0113rniem, koncerti, izst\u0101des un tik\u0161an\u0101s.<\/p>\n<p>Ziemassv\u0113tki Kauguros<\/p>\n<p>13.\u00a0decembr\u012b plkst.\u00a016.00\u201319.00 notiks Ziemassv\u0113tku pas\u0101kums Kauguros \u2013 Ziemassv\u0113tku tirdzi\u0146\u0161 un aktivit\u0101tes visai \u0123imenei. Plkst.\u00a017.00 \u2013 grupas \u201cMuud\u201d koncerts, plkst.\u00a018.00 uz br\u012bvdabas skatuves \u2013 atrakt\u012bvais m\u016bzi\u0137u trio \u201c3 Live Project\u201d. Jaunie\u0161u m\u0101jas telp\u0101s plkst.\u00a016.00\u201319.00 norisin\u0101s rado\u0161\u0101s darbn\u012bcas, seju apglezno\u0161ana, momentfoto darbn\u012bca, bet plkst.\u00a017.30 un 18.30 \u2013 le\u013c\u013cu te\u0101tra izr\u0101de \u201cRIKKO lelles\u201d.<\/p>\n<p>Ziemassv\u0113tki \u0136emeros<\/p>\n<p>13.\u00a0decembr\u012b s\u0101ksies Ziemassv\u0113tku gaid\u012b\u0161anas laiks \u0136emeros \u2013 plkst.\u00a011.30 \u0136emeru luter\u0101\u0146u bazn\u012bc\u0101 (Andreja Up\u012b\u0161a iel\u0101 18) izskan\u0113s koncerts, kur\u0101 uzst\u0101sies koris \u201cVanema\u201d no Tukuma, no plkst.\u00a012.00 l\u012bdz 16.00 \u0136emeru bibliot\u0113k\u0101 (Tukuma iel\u0101 20) notiks tirdzi\u0146\u0161, sacen\u0161an\u0101s pu\u017e\u013cu lik\u0161an\u0101 un \u0136emeru Nacion\u0101l\u0101 parka dabas centra aktivit\u0101tes. Plkst.\u00a016.00 \u0136emeru kato\u013cu bazn\u012bc\u0101 (S\u0113ravotu iel\u0101 10) \u2013 koncerts ar Mat\u012bsu Purmali un Armandu Paulu.<\/p>\n<p>B\u0113rnu egle Jaundubultos<\/p>\n<p>17.\u00a0decembr\u012b plkst.\u00a017.00 norisin\u0101sies pas\u0101kums \u2013 Ziemassv\u0113tku m\u0101kslas akcija \u201cB\u0113rnu egle Jaundubultos\u201d \u2013 tiks rot\u0101ta egle, skan\u0113s dziesmas, b\u016bs rota\u013cas kop\u0101 ar folkloras kopu \u201cMare\u201d, norisin\u0101sies rado\u0161\u0101s darbn\u012bcas visai \u0123imenei.<\/p>\n<p>Ziemas saulgrie\u017ei br\u012bvdabas muzej\u0101<\/p>\n<p>21.\u00a0decembr\u012b plkst.\u00a017.00 aicin\u0101ti uz ziemas saulgrie\u017eu pas\u0101kumu latvisk\u0101s trad\u012bcij\u0101s. Notiks blu\u0137a vilk\u0161ana, masku g\u0101jiens, z\u012bl\u0113\u0161ana, dzied\u0101\u0161ana un dejo\u0161ana kop\u0101 ar etno komp\u0101niju \u201cZeidi\u201d, sve\u010du lie\u0161ana un putras baud\u012b\u0161ana.<\/p>\n<p><a href=\"https:\/\/www.jurmala.lv\/lv\/jaunums\/ziemassvetku-laika-un-gadu-mijas-pasakumi-jurmala-0\" rel=\"nofollow noopener\" target=\"_blank\">Vair\u0101k inform\u0101cijas par Ziemassv\u0113tku laika pas\u0101kumiem<\/a><\/p>\n<p>Pas\u0101kumi<\/p>\n<p>Dzintaru koncertz\u0101l\u0113\u00a0(Turaidas iel\u0101 29) turpina skan\u0113t Ziemassv\u0113tku festiv\u0101ls \u2013 13.\u00a0decembr\u012b plkst.\u00a018.00 pianista Vestarda \u0160imkus koncerts \u201cVisskaist\u0101k\u0101 nakts\u201d. 19.\u00a0decembr\u012b plkst.\u00a019.00 Latvijas Radio kora koncerts \u201cZiemassv\u0113tki Francij\u0101\u201d. <\/p>\n<p>Bi\u013cetes uz koncertiem \u2013 \u201cBi\u013ce\u0161u parad\u012bzes\u201d tirdzniec\u012bbas viet\u0101s, ar J\u016brmalas iedz\u012bvot\u0101ja karti bi\u013cet\u0113m atlaide \u2013 20%.<\/p>\n<p>Dubultu koncertz\u0101l\u0113 un J\u016brmalas M\u016bzikas vidusskolas kamerz\u0101l\u0113 (Str\u0113lnieku prospekt\u0101 30) 14.\u00a0decembr\u012b plkst.\u00a014.00 skan\u0113s J\u016brmalas M\u016bzikas vidusskolas klaviersp\u0113les maratons. 15.\u00a0decembr\u012b plkst.\u00a018.30 izskan\u0113s koncerts \u201cZiemassv\u0113tku dziesmu vakars\u201d. 18.\u00a0decembr\u012b plkst.\u00a018.00 \u2013 J\u016brmalas M\u016bzikas vidusskolas audz\u0113k\u0146u Ziemassv\u0113tku koncerts \u201cZiemassv\u0113tku ska\u0146u pasts\u201d.<\/p>\n<p>J\u016brmalas Kult\u016bras centr\u0101 (Jomas iel\u0101 35) 13.\u00a0decembr\u012b plkst.\u00a017.00 izskan\u0113s koru koncerts \u201cZiemassv\u0113tkus gaidot\u201d. 20.\u00a0decembr\u012b plkst.\u00a012.00 gaid\u0101ms b\u0113rnu un jaunie\u0161u rado\u0161o kolekt\u012bvu Ziemassv\u0113tku koncerts.<\/p>\n<p>Kauguru Kult\u016bras nam\u0101\u00a0(Rai\u0146a iel\u0101 110) 13.\u00a0decembr\u012b plkst.\u00a012.00 notiks Kauguru Kult\u016bras nama pieaugu\u0161o rado\u0161o kolekt\u012bvu Ziemassv\u0113tku koncerts \u201c\u0160\u0137ipsni\u0146a prieka\u201d.<\/p>\n<p>J\u016brmalas muzej\u0101\u00a0(Tirgo\u0146u iel\u0101 29) 14.\u00a0decembr\u012b plkst.\u00a013.00 notiks ekskursija izst\u0101d\u0113 \u201cMans ce\u013c\u0161. No Rozent\u0101la studijas l\u012bdz profesijai. Jaunsudrabi\u0146\u0161. Kronenbergs. Skulme. Zeberi\u0146\u0161\u201d ar Ilzi Jansoni-Saul\u012bti, bet plkst.\u00a014.00 tiks demonstr\u0113ta R\u012bgas kinostudijas sp\u0113lfilma \u201cAija\u201d, pirms kino seansa \u2013 aktrises Zanes Jan\u010devskas ievadv\u0101rdi. 18.\u00a0decembr\u012b plkst.\u00a016.00 notiks J\u016brmalas muzeja kr\u0101juma glab\u0101t\u0101jas L\u012bvijas Baumanes-Andrejevskas lekcija \u201c\u201cAtminies mani\u2026\u201d. Atmi\u0146u albumi J\u016brmalas muzeja kr\u0101jum\u0101\u201d.<\/p>\n<p>M\u0101kslas stacij\u0101 \u201cDubulti\u201d (Z.\u00a0Meierovica prospekt\u0101 4) 14.\u00a0decembr\u012b plkst.\u00a014.00 izst\u0101d\u0113 \u201cReiz bija zila z\u0101le un za\u013cas debesis\u201d\u00a0notiks tik\u0161an\u0101s ar m\u0101kslinieku Vidvudu Zviedri un izst\u0101des kuratori Ingu \u0160teimani.<\/p>\n<p>Rai\u0146a un Aspazijas vasarn\u012bc\u0101 (Pliek\u0161\u0101na iel\u0101 5\/7) 20.\u00a0decembr\u012b plkst.\u00a011.00 notiks \u201cZiemassv\u0113tku jampadracis Rai\u0146a un Aspazijas vasarn\u012bc\u0101\u201d \u2013 rota\u013cas, rado\u0161\u0101s darbn\u012bcas, pipark\u016bku cep\u0161ana, egl\u012btes iedeg\u0161ana. Ieejas maksa \u0123imenei \u2013 10 eiro.<\/p>\n<p>Bulduru Ev. lut. bazn\u012bc\u0101 (Kri\u0161j\u0101\u0146a Barona iel\u0101 6) 14.\u00a0decembr\u012b plkst.\u00a013.00 skan\u0113s koncerts \u201cZiemassv\u0113tku melodijas Bulduru baazn\u012bc\u0101\u201d, kur\u0101 muzic\u0113s flautiste Austra Svikle un \u0113r\u0123elniece Lu\u012bze Klinta Mardanova. 20.\u00a0decembr\u012b plkst.\u00a016.00 notiks ekum\u0113nisks sv\u0113tbr\u012bdis J\u0101\u0146a Vanaga vad\u012bb\u0101 un vok\u0101l\u0101s kamerm\u016bzikas koncerts, kur\u0101 muzic\u0113s tenors Aleksandrs Anto\u0146enko un \u0113r\u0123elniece Tatjana Semenova.<\/p>\n<p>Dubultu Ev. lut. bazn\u012bc\u0101 (Bazn\u012bcas iel\u0101 13) 14.\u00a0decembr\u012b plkst.\u00a017.00 skan\u0113s Marijas Naumovas Ziemassv\u0113tku koncerts \u201cGaismas klusum\u0101\u201d. Bi\u013cetes \u201cBi\u013ce\u0161u parad\u012bzes\u201d tirdzniec\u012bbas viet\u0101s.<\/p>\n<p>J\u016brmalas Centr\u0101laj\u0101 bibliot\u0113k\u0101 (Str\u0113lnieku prospekt\u0101 30) 13.\u00a0decembr\u012b plkst.\u00a011.11 notiks Nunnas M.P. gr\u0101matas \u201c11:11\u201d atv\u0113r\u0161anas sv\u0113tki. 15.\u00a0decembr\u012b plkst.\u00a016.00 \u0123imenes ar b\u0113rniem aicin\u0101tas uz apsveikumu kart\u012b\u0161u gatavo\u0161anas darbn\u012bcu. 17.\u00a0decembr\u012b plkst.\u00a017.00 \u2013 las\u012bt\u0101ju klubi\u0146a jaunie\u0161iem \u201cLasi un dalies\u201d tik\u0161an\u0101s. 18.\u00a0decembr\u012b plkst.\u00a017.00 notiks \u0100zijas kaligr\u0101fijas klubi\u0146a tik\u0161an\u0101s. L\u012bdz 20.\u00a0decembrim norisin\u0101sies rado\u0161\u0101s darbn\u012bcas b\u0113rniem \u201cAploksne v\u0113stulei Ziemassv\u0113tku vec\u012btim\u201d.<\/p>\n<p>Kauguru bibliot\u0113k\u0101\u00a0(Engures iel\u0101 4A)\u00a012.\u00a0decembr\u012b plkst.\u00a017.00 gaid\u0101ma tik\u0161an\u0101s ar \u0113dienu kult\u016bras p\u0113tnieci Dr.\u00a0art.\u00a0Astru Spalv\u0113nu. 16.\u00a0decembr\u012b plkst.\u00a010.00 notiks Ziemassv\u0113tku dekoru gatavo\u0161anas darbn\u012bca.<\/p>\n<p>Alberta Kronenberga Slokas bibliot\u0113k\u0101\u00a0(Rai\u0146a iel\u0101 3) 13.\u00a0decembr\u012b plkst.\u00a011.00 notiks rado\u0161a nodarb\u012bba b\u0113rniem \u201cKr\u0101sains sestdienas r\u012bts\u201d. 18.\u00a0decembr\u012b plkst.\u00a016.00 notiks J\u0101\u0146a Saul\u012btes novadp\u0113tniec\u012bbas kolekcijas izst\u0101des \u201cD\u0101rgumi ar st\u0101stu\u201d atkl\u0101\u0161ana. 20.\u00a0decembr\u012b plkst.\u00a011.00 \u2013 rado\u0161\u0101s darbn\u012bcas b\u0113rniem \u201cR\u016b\u0137u rado\u0161\u0101 istaba\u201d.<\/p>\n<p>Bulduru bibliot\u0113k\u0101 (Mui\u017eas iel\u0101 7) 13.\u00a0decembr\u012b plkst.\u00a011.00 norisin\u0101sies Ziemassv\u0113tku rot\u0101jumu gatavo\u0161anas darbn\u012bca \u201c\u010caklie pirksti\u0146i\u201d. 17.\u00a0decembr\u012b plkst.\u00a016.00 \u2013 liter\u0101r\u0101 p\u0113cpusdiena \u201cSt\u0101sts, kas mani gaida\u201d.<\/p>\n<p>Imanta Ziedo\u0146a \u0136emeru bibliot\u0113k\u0101 (Tukuma iel\u0101 20) l\u012bdz 19.\u00a0decembrim notiek dzejo\u013cu un rot\u0101jumu rado\u0161\u0101 darbn\u012bca \u201cZiemas saulgrie\u017eus sagaidot\u201d.<\/p>\n<p>Uz Dumbr\u0101ju laipas pie Me\u017ea m\u0101jas \u0136emeros plkst.\u00a017.00\u201324.00 \u2013 \u201cIzzino\u0161a Gaismas taka jaunas dz\u012bv\u012bbas noska\u0146\u0101s\u201d decembr\u012b pieejama ar jauniem gaismas akcentiem, izce\u013cot jaunas dz\u012bv\u012bbas ra\u0161anos.<\/p>\n<p>Mar\u0161ruts \u201cNo\u0137er Ziedoni\u201d \u2013 aicin\u0101m iepaz\u012bt dzejnieka Imanta Ziedo\u0146a dz\u012bves g\u0101jumu kult\u016bras t\u016brisma mar\u0161rut\u0101 \u201cNo\u0137er Ziedoni\u201d.\u00a0<a href=\"https:\/\/visitjurmala.lv\/lv\/redzi-un-dari\/marsruti-un-ekskursijas\/digitalas-tures\/noker-ziedoni\/\" rel=\"nofollow noopener\" target=\"_blank\">Mar\u0161ruta karte<\/a><\/p>\n<p>Izst\u0101des kult\u016brtelp\u0101s<\/p>\n<p>J\u016brmalas muzej\u0101\u00a0(Tirgo\u0146u iel\u0101 29) 2.\u00a0st\u0101va z\u0101l\u0113s skat\u0101ma kult\u016bras person\u012bb\u0101m \u2013 J\u0101nim Jaunsudrabi\u0146am, Albertam Kronenbergam, Indri\u0137im Zeberi\u0146am un Oto Skulmem \u2013 velt\u012bta izst\u0101de \u201cMans ce\u013c\u0161. No Rozent\u0101la studijas l\u012bdz profesijai\u201d. Kam\u012bnz\u0101l\u0113 \u2013 izst\u0101de \u201c\u0100rsts k\u016brort\u0101 19.\u00a0gadsimt\u0101\u201d, kas atkl\u0101j laikmetu, kad medic\u012bna un sabiedr\u012bba piedz\u012bvoja straujas p\u0101rmai\u0146as un k\u016brorti k\u013cuva par noz\u012bm\u012bgu dz\u012bvesstila sast\u0101vda\u013cu.<\/p>\n<p>Bulduru Izst\u0101\u017eu nam\u0101\u00a0(Mui\u017eas iel\u0101 6) apskat\u0101ma laikmet\u012bg\u0101s m\u0101kslas izst\u0101de \u201cCik v\u0113rts?\u201d, m\u0101ksliniekam Valdim Bu\u0161am velt\u012bta ekspoz\u012bcija \u201c\u2026manas kr\u0101sas ir spilgtas, mazliet trakas\u2026\u201d un v\u0113sturiska izst\u0101de \u201cBilderingshof\u2013Bilderli\u0146i\u2013Bulduri\u201d.<\/p>\n<p>Aspazijas m\u0101j\u0101\u00a0(Z. Meierovica prospekt\u0101 18\/20) apl\u016bkojama Aspazijas 160.\u00a0jubilejai velt\u012bta konkursizst\u0101de \u201cAspazija. Sp\u0113c\u012bga sieviete. Portrets\u201d.<\/p>\n<p>M\u0101kslas stacij\u0101 \u201cDubulti\u201d (Z.\u00a0Meierovica prospekt\u0101 4) \u2013 Vidvuda Zviedra person\u0101lizst\u0101de \u201cReiz bija zila z\u0101le un za\u013cas debesis\u201d.<\/p>\n<p>J\u016brmalas Kult\u016brtelpas un vides dizaina centr\u0101 (Pils iel\u0101 1) \u2013 latvie\u0161u gleznot\u0101jam J\u0101nim Pau\u013cukam (1906\u20131984) velt\u012bta izst\u0101de no Rietumu Bankas m\u0101kslas kolekcijas. <\/p>\n<p>Rai\u0146a un Aspazijas vasarn\u012bc\u0101 (Pliek\u0161\u0101na iel\u0101 5\/7) skat\u0101ma Gitas Sprinces fotoizst\u0101de \u201cSapl\u016bsme\u201d.<\/p>\n<p>J\u016brmalas Kult\u016bras centr\u0101\u00a0(Jomas iel\u0101 35) atv\u0113rta Signes \u0160trauss un Jekaterinas Grjazevas gleznu izst\u0101de \u201cGadu mijas noska\u0146\u0101\u201d.<\/p>\n<p>Kauguru Kult\u016bras nam\u0101\u00a0(Rai\u0146a iel\u0101 110) skat\u0101mi Krist\u012bnes Beltes glezniec\u012bbas un grafikas darbi izst\u0101d\u0113 \u201cStarp gaismu \u2013 \u0113nu\u201d.<\/p>\n<p>J\u016brmalas M\u0101kslas skolas\u00a0izst\u0101\u017eu z\u0101l\u0113 (Str\u0113lnieku prospekt\u0101 30) atv\u0113rta Latvijas m\u0101kslas skolu audz\u0113k\u0146u Valsts konkursa darbu izst\u0101de \u201cRestaur\u0101cija\u201d.<\/p>\n<p>J\u016brmalas Centr\u0101laj\u0101 bibliot\u0113k\u0101\u00a0(Str\u0113lnieku prospekt\u0101 30) \u2013 J\u016brmalas M\u0101kslinieku biedr\u012bbas gada izst\u0101de \u201cVasaras moza\u012bka\u201d, Alises Jur\u0113vicas fotoizst\u0101de \u201cP\u0113c\u201d un b\u0113rnu z\u012bm\u0113jumu izst\u0101de \u201cBalt\u0101 pasaka\u201d.<\/p>\n<p>Kauguru bibliot\u0113k\u0101\u00a0(Engures iel\u0101 4A)\u00a0\u2013 Maijas B\u0113rzi\u0146as un Birutas Jansones m\u0101kslas darbu izst\u0101de \u201cPie da\u017e\u0101d\u0101m j\u016br\u0101m\u201d.<\/p>\n<p>Imanta Ziedo\u0146a \u0136emeru bibliot\u0113k\u0101\u00a0(Tukuma iel\u0101 20) m\u0101kslinieces Annas Zandbergas-\u0160enkes gleznu izst\u0101de \u201c\u0136emeri\u201d.<\/p>\n<p>Alberta Kronenberga Slokas bibliot\u0113k\u0101\u00a0(Rai\u0146a iel\u0101 3) \u2013 l\u012bdz 16.\u00a0decembrim atv\u0113rta izst\u0101de \u201cNo skices l\u012bdz anim\u0101cijai \u201cEz\u012b\u0161a ce\u013cojums Slokas v\u0113stur\u0113\u201d\u201d.<\/p>\n<p>Inform\u0101ciju par sporta sacens\u012bb\u0101m aicin\u0101m skat\u012bt <a href=\"https:\/\/www.jurmala.lv\/lv\/notikumu-kalendars\" rel=\"nofollow noopener\" target=\"_blank\">Notikumu kalend\u0101rs<\/a><\/p>\n<p>Dal\u012bba pas\u0101kumos ir bez maksas, iz\u0146emot gad\u012bjumus, ja ir nor\u0101d\u012bts cit\u0101di.<\/p>\n<p>Pas\u0101kumu laik\u0101 tiks fotograf\u0113ts un film\u0113ts. Materi\u0101li var tikt izmantoti publicit\u0101tei, sabiedr\u012bbas inform\u0113\u0161anai.<\/p>\n<p>Visus notikumus un iest\u0101\u017eu darba laikus, l\u016bdzu, skat\u012bt <a href=\"https:\/\/www.jurmala.lv\/lv\/notikumu-kalendars\" rel=\"nofollow noopener\" target=\"_blank\">Notikumu kalend\u0101rs<\/a><\/p>\n","protected":false},"excerpt":{"rendered":"Ned\u0113\u013cas pied\u0101v\u0101jum\u0101 ir bag\u0101t\u012bgs kult\u016bras, atp\u016btas un izklaides pas\u0101kumu kl\u0101sts \u2013 rado\u0161i pas\u0101kumi \u0123imen\u0113m ar b\u0113rniem, koncerti, izst\u0101des&hellip;\n","protected":false},"author":2,"featured_media":72624,"comment_status":"","ping_status":"","sticky":false,"template":"","format":"standard","meta":{"footnotes":""},"categories":[5],"tags":[23,28,29,32,33,22,30,31,35,39,38,36,37,34,40,20,26,27,24,25,21],"class_list":{"0":"post-72623","1":"post","2":"type-post","3":"status-publish","4":"format-standard","5":"has-post-thumbnail","7":"category-aktualitates","8":"tag-aktualitates","9":"tag-breaking-news","10":"tag-breakingnews","11":"tag-featured-news","12":"tag-featurednews","13":"tag-headlines","14":"tag-latest-news","15":"tag-latestnews","16":"tag-latvia","17":"tag-latvian","18":"tag-latviesu","19":"tag-latviesu-valoda","20":"tag-latviesuvaloda","21":"tag-latvija","22":"tag-lv","23":"tag-news","24":"tag-popularakas-zinas","25":"tag-popularakaszinas","26":"tag-top-stories","27":"tag-topstories","28":"tag-zinas"},"share_on_mastodon":{"url":"https:\/\/pubeurope.com\/@lv\/115707732577872240","error":""},"_links":{"self":[{"href":"https:\/\/www.europesays.com\/lv\/wp-json\/wp\/v2\/posts\/72623","targetHints":{"allow":["GET"]}}],"collection":[{"href":"https:\/\/www.europesays.com\/lv\/wp-json\/wp\/v2\/posts"}],"about":[{"href":"https:\/\/www.europesays.com\/lv\/wp-json\/wp\/v2\/types\/post"}],"author":[{"embeddable":true,"href":"https:\/\/www.europesays.com\/lv\/wp-json\/wp\/v2\/users\/2"}],"replies":[{"embeddable":true,"href":"https:\/\/www.europesays.com\/lv\/wp-json\/wp\/v2\/comments?post=72623"}],"version-history":[{"count":0,"href":"https:\/\/www.europesays.com\/lv\/wp-json\/wp\/v2\/posts\/72623\/revisions"}],"wp:featuredmedia":[{"embeddable":true,"href":"https:\/\/www.europesays.com\/lv\/wp-json\/wp\/v2\/media\/72624"}],"wp:attachment":[{"href":"https:\/\/www.europesays.com\/lv\/wp-json\/wp\/v2\/media?parent=72623"}],"wp:term":[{"taxonomy":"category","embeddable":true,"href":"https:\/\/www.europesays.com\/lv\/wp-json\/wp\/v2\/categories?post=72623"},{"taxonomy":"post_tag","embeddable":true,"href":"https:\/\/www.europesays.com\/lv\/wp-json\/wp\/v2\/tags?post=72623"}],"curies":[{"name":"wp","href":"https:\/\/api.w.org\/{rel}","templated":true}]}}