{"id":72625,"date":"2025-12-12T17:17:14","date_gmt":"2025-12-12T17:17:14","guid":{"rendered":"https:\/\/www.europesays.com\/lv\/72625\/"},"modified":"2025-12-12T17:17:14","modified_gmt":"2025-12-12T17:17:14","slug":"frenka-sinatras-dzives-enas-puses-santa","status":"publish","type":"post","link":"https:\/\/www.europesays.com\/lv\/72625\/","title":{"rendered":"Frenka Sinatras dz\u012bves \u0113nas puses \u2014 Santa"},"content":{"rendered":"<p>\t\t\t\t\t\t\t\t\t\tTurpin\u0101jum\u0101:<\/p>\n<ul>&#13;<\/p>\n<li>M\u0101tes \u0113na. K\u0101p\u0113c Frenka Sinatras m\u0101ti d\u0113v\u0113ja par Dolly the Boss un k\u0101 vi\u0146a vad\u012bja ne vien d\u0113la karjeru, bet ar\u012b neleg\u0101lu abortu t\u012bklu.<\/li>\n<p>&#13;<\/p>\n<li>Likten\u012bg\u0101 kaisl\u012bba. Attiec\u012bbas ar Avu G\u0101rdneri, kuras Frenku noveda l\u012bdz balss zaud\u0113\u0161anai un pat pa\u0161n\u0101v\u012bbas m\u0113\u0123in\u0101jumam.<\/li>\n<p>&#13;<\/p>\n<li>Mafijas sakari. Vai tie\u0161\u0101m lomu, kas atnesa Sinatram Oskaru, pal\u012bdz\u0113ja ieg\u016bt krustt\u0113vu aprindas?<\/li>\n<p>&#13;<\/p>\n<li>Ziemassv\u0113tku murgs. Dramatisk\u0101 d\u0113la nolaup\u012b\u0161ana, p\u0113c kuras Sinatra kabat\u0101 visu m\u016b\u017eu n\u0113s\u0101ja 10 centu mon\u0113tas.<\/li>\n<p>&#13;\n<\/ul>\n<p>Dzimis un audzis\u00a0k\u0101 c\u012bn\u012bt\u0101js\u00a0<\/p>\n<p>K\u0101p\u0113c vi\u0146a piedzim\u0161ana ir br\u012bnums? Jo vi\u0146a s\u012bci\u0146ajai m\u0101tei Nat\u0101lijai, d\u0113v\u0113tai par Dolliju, bija gr\u016bti laist pasaul\u0113 se\u0161us kilogramus smago b\u0113rnu. \u0100rsts izmantoja sp\u012bles, radot z\u0113nam r\u0113tas uz auss, vaiga un kakla un pat p\u0101rdurot bung\u0101di\u0146u.<\/p>\n","protected":false},"excerpt":{"rendered":"Turpin\u0101jum\u0101: &#13; M\u0101tes \u0113na. K\u0101p\u0113c Frenka Sinatras m\u0101ti d\u0113v\u0113ja par Dolly the Boss un k\u0101 vi\u0146a vad\u012bja ne&hellip;\n","protected":false},"author":2,"featured_media":72626,"comment_status":"","ping_status":"","sticky":false,"template":"","format":"standard","meta":{"footnotes":""},"categories":[19],"tags":[89,90,35,39,38,36,37,34,40],"class_list":{"0":"post-72625","1":"post","2":"type-post","3":"status-publish","4":"format-standard","5":"has-post-thumbnail","7":"category-izklaide","8":"tag-entertainment","9":"tag-izklaide","10":"tag-latvia","11":"tag-latvian","12":"tag-latviesu","13":"tag-latviesu-valoda","14":"tag-latviesuvaloda","15":"tag-latvija","16":"tag-lv"},"share_on_mastodon":{"url":"https:\/\/pubeurope.com\/@lv\/115707736505284209","error":""},"_links":{"self":[{"href":"https:\/\/www.europesays.com\/lv\/wp-json\/wp\/v2\/posts\/72625","targetHints":{"allow":["GET"]}}],"collection":[{"href":"https:\/\/www.europesays.com\/lv\/wp-json\/wp\/v2\/posts"}],"about":[{"href":"https:\/\/www.europesays.com\/lv\/wp-json\/wp\/v2\/types\/post"}],"author":[{"embeddable":true,"href":"https:\/\/www.europesays.com\/lv\/wp-json\/wp\/v2\/users\/2"}],"replies":[{"embeddable":true,"href":"https:\/\/www.europesays.com\/lv\/wp-json\/wp\/v2\/comments?post=72625"}],"version-history":[{"count":0,"href":"https:\/\/www.europesays.com\/lv\/wp-json\/wp\/v2\/posts\/72625\/revisions"}],"wp:featuredmedia":[{"embeddable":true,"href":"https:\/\/www.europesays.com\/lv\/wp-json\/wp\/v2\/media\/72626"}],"wp:attachment":[{"href":"https:\/\/www.europesays.com\/lv\/wp-json\/wp\/v2\/media?parent=72625"}],"wp:term":[{"taxonomy":"category","embeddable":true,"href":"https:\/\/www.europesays.com\/lv\/wp-json\/wp\/v2\/categories?post=72625"},{"taxonomy":"post_tag","embeddable":true,"href":"https:\/\/www.europesays.com\/lv\/wp-json\/wp\/v2\/tags?post=72625"}],"curies":[{"name":"wp","href":"https:\/\/api.w.org\/{rel}","templated":true}]}}