{"id":72801,"date":"2025-12-12T21:48:32","date_gmt":"2025-12-12T21:48:32","guid":{"rendered":"https:\/\/www.europesays.com\/lv\/72801\/"},"modified":"2025-12-12T21:48:32","modified_gmt":"2025-12-12T21:48:32","slug":"sejas-maskas-un-apmeklesanas-atlaujas-slimnicas-gripas-epidemijas-laika-nosaka-ierobezojumus","status":"publish","type":"post","link":"https:\/\/www.europesays.com\/lv\/72801\/","title":{"rendered":"Sejas maskas un apmekl\u0113\u0161anas at\u013caujas \u2013 slimn\u012bc\u0101s gripas epid\u0113mijas laik\u0101 nosaka ierobe\u017eojumus"},"content":{"rendered":"<p><a rel=\"noopener nofollow\" target=\"_blank\" href=\"https:\/\/www.delfi.lv\/temas\/36131334\/gripa\" tag-id=\"36131334\">Gripas<\/a> epid\u0113mijas laik\u0101 ar\u012b Liep\u0101jas, Ventspils un Talsu slimn\u012bc\u0101s, k\u0101 ar\u012b Paula Stradi\u0146a kl\u012bniskaj\u0101 universit\u0101tes slimn\u012bc\u0101 noteikti papildu ierobe\u017eojumi un dro\u0161\u012bbas pas\u0101kumi apmekl\u0113t\u0101jiem, inform\u0113ja slimn\u012bcu p\u0101rst\u0101vji.<\/p>\n<p>Ambulatoraj\u0101 pacientu pie\u0146em\u0161an\u0101 pacientiem uzgaid\u0101maj\u0101s telp\u0101s un speci\u0101lista kabinet\u0101 j\u0101atrodas \u0137irur\u0123iskaj\u0101 mask\u0101.<\/p>\n<p>Uz\u0146em\u0161anas un noda\u013cas etap\u0101 visiem pacientiem j\u0101b\u016bt \u0137irur\u0123iskaj\u0101 mask\u0101. Ja pacientam b\u016bs elpce\u013cu infekcijas simptom\u0101tika, medic\u012bnas person\u0101ls veiks gripas un <a rel=\"noopener nofollow\" target=\"_blank\" href=\"https:\/\/www.delfi.lv\/temas\/56423625\/covid-19-1\" tag-id=\"56423625\">Covid-19<\/a> eksprestestu. Ja gripas un Covid-19 eksprestests ir negat\u012bvs, bet saglab\u0101jas kl\u012bniskas un epidemiolo\u0123iskas aizdomas par gripas vai Covid-19 infekciju, pacientiem veiks labratorisko testu gripas un Covid-19 pier\u0101d\u012b\u0161anai.<\/p>\n<p>Vis\u0101s slimn\u012bcas noda\u013c\u0101s ierobe\u017eota pacientu apmekl\u0113t\u0101ju pl\u016bsma. Pacientu vienlaic\u012bgi dr\u012bkst apmekl\u0113t viens tuvinieks, sejas aizsargmaska j\u0101lieto visu uztur\u0113\u0161an\u0101s laiku, pacienta apmekl\u0113juma ilgums nedr\u012bkst b\u016bt ilg\u0101ks nek\u0101 15 min\u016btes. Iesp\u0113jamas atk\u0101pes no apmekl\u0113jumiem noteiktajiem ierobe\u017eojumiem tikai t\u0101dos gad\u012bjumos, kad pacienta radinieki vienoju\u0161ies ar \u0101rst\u0113jo\u0161o \u0101rstu.<\/p>\n<p>Pie pacientiem ar jau pier\u0101d\u012btu gripu vai Covid-19 saslim\u0161anu, pacienta radinieku apmekl\u0113jums nav at\u013cauts.<\/p>\n<p>Ja b\u0113rns vai pats vec\u0101ks ir saslimis vai j\u016btas slikti, slimn\u012bca l\u016bdz atcelt vai p\u0101rcelt pl\u0101noto viz\u012bti pie speci\u0101lista.<\/p>\n<p>Atkar\u012bb\u0101 no epidemiolo\u0123isk\u0101s situ\u0101cijas var tikt ieviesti papildu nosac\u012bjumi, br\u012bdina slimn\u012bca.<\/p>\n<p>Liep\u0101jas slimn\u012bc\u0101 turpm\u0101k pacientu dr\u012bkst apmekl\u0113t tikai ar \u0101rst\u0113jo\u0161\u0101 \u0101rsta, bet Apr\u016bpes noda\u013c\u0101 &#8211; ar \u0101rsta, \u0101rsta pal\u012bga vai virsm\u0101sas at\u013cauju. L\u0113mums par apmekl\u0113juma at\u013cauju tiek pie\u0146emts, izv\u0113rt\u0113jot pacienta vesel\u012bbas st\u0101vokli, tuvinieku l\u012bdzest\u012bbu un iesp\u0113jamos infekcijas izplat\u012bbas riskus.<\/p>\n<p>Vien\u0101 reiz\u0113 pacientu dr\u012bkst apmekl\u0113t tikai viens cilv\u0113ks, un apmekl\u0113juma ilgums nedr\u012bkst p\u0101rsniegt 30 min\u016btes. Iz\u0146\u0113muma gad\u012bjumos ierobe\u017eojumus var p\u0101rskat\u012bt \u0101rst\u0113jo\u0161ais \u0101rsts.<\/p>\n<p>Apmekl\u0113t\u0101jiem apmekl\u0113jot tuvinieku j\u0101lieto medic\u012bnisk\u0101s sejas maskas. T\u0101s ir paredz\u0113tas vienreiz\u0113jai lieto\u0161anai, t\u0101p\u0113c katr\u0101 apmekl\u0113juma reiz\u0113 j\u0101lieto jauna sejas maska. Ja pacienta st\u0101voklis ir kritisks un nav iesp\u0113jams masku ieg\u0101d\u0101ties nekav\u0113joties, pirmo masku izsniegs noda\u013cas person\u0101ls. Turpm\u0101kaj\u0101s reiz\u0113s tuviniekiem maskas j\u0101nodro\u0161ina pa\u0161iem.<\/p>\n<p>Apmekl\u0113jot tuvinieku noda\u013c\u0101, j\u0101velk bahilas. Ja nepiecie\u0161ams, person\u0101ls izsniegs ar\u012b priek\u0161autu vai virsvalku. Tuviniekiem pirms un p\u0113c apmekl\u0113juma oblig\u0101ti j\u0101dezinfic\u0113 rokas.<\/p>\n<p>Apmekl\u0113t\u0101jiem ir stingri aizliegts ierasties slimn\u012bc\u0101, ja ir ak\u016btas saslim\u0161anas simptomi vai nesens kontakts ar saslimu\u0161u personu.<\/p>\n<p>Liep\u0101jas slimn\u012bca aicina tuviniekus iesp\u0113ju robe\u017e\u0101s sazin\u0101ties ar pacientiem att\u0101lin\u0101ti, izmantojot mobilos t\u0101lru\u0146us.<\/p>\n<p>Pacientiem, kuriem pl\u0101noti ambulatori izmekl\u0113jumi vai speci\u0101listu konsult\u0101cijas, bet kuriem ir elpce\u013cu infekcijas paz\u012bmes, j\u0101sazin\u0101s ar Ambulator\u0101s vesel\u012bbas apr\u016bpes da\u013cu un j\u0101atce\u013c apmekl\u0113jums vai j\u0101maina t\u0101 laiks, l\u012bdz pacients izvese\u013cojies. Ja izmekl\u0113jumi vai speci\u0101listu konsult\u0101cijas ir ned\u0113\u013cas laik\u0101 p\u0113c izvese\u013co\u0161an\u0101s, oblig\u0101ti j\u0101lieto medic\u012bnisk\u0101s sejas maskas.<\/p>\n<p>Pacientu apmekl\u0113juma ierobe\u017eojumi ieviesti ar\u012b Paula Stradi\u0146a kl\u012bniskaj\u0101 universit\u0101tes slimn\u012bc\u0101, inform\u0113ja iest\u0101d\u0113.<\/p>\n<p>Pacientu apmekl\u0113jumi slimn\u012bcas noda\u013c\u0101s ir at\u013cauti, ta\u010du noda\u013c\u0101s, kur\u0101s nov\u0113rots paaugstin\u0101ts gripas saslim\u0161anas l\u012bmenis, var tikt noteikti papildu ierobe\u017eojumi. \u0160\u0101ds l\u0113mums pie\u0146emts, \u0146emot v\u0113r\u0101 aktu\u0101lo epidemiolo\u0123isko situ\u0101ciju atbilsto\u0161i gripas saslimst\u012bbas l\u012bmenim attiec\u012bgaj\u0101 noda\u013c\u0101.<\/p>\n<p>Lai mazin\u0101tu infekcijas izplat\u012bbas risku un nodro\u0161in\u0101tu dro\u0161u vidi pacientiem un person\u0101lam, PSKUS aicina pacientus apmekl\u0113t pa vienam. Apmekl\u0113jot pacientus, j\u0101lieto sejas maska, k\u0101 ar\u012b j\u0101atturas no slimn\u012bcas apmekl\u0113juma, ja ir elpce\u013cu infekcijas simptomi &#8211; klepus, iesnas, kakla s\u0101pes, drudzis vai paaugstin\u0101ta temperat\u016bra.<\/p>\n<p>Pacientu tuviniekiem tiek nodro\u0161in\u0101ta iesp\u0113ja nodot pacientiem ikdien\u0101 nepiecie\u0161am\u0101s lietas, piem\u0113ram, p\u0101rtiku, higi\u0113nas preces un ap\u0123\u0113rbu. Paci\u0146u pie\u0146em\u0161anu un nodo\u0161anu pacientiem organiz\u0113 attiec\u012bg\u0101s \u0101rstniec\u012bbas noda\u013cas person\u0101ls.<\/p>\n<p>K\u0101 v\u0113st\u012bts, Slim\u012bbas profilakses un kontroles centrs (<a rel=\"noopener nofollow\" target=\"_blank\" href=\"https:\/\/www.delfi.lv\/temas\/56423383\/spkc-1\" tag-id=\"56423383\">SPKC<\/a>) ir pazi\u0146ojis par gripas epid\u0113mijas s\u0101kumu no otrdienas, pamatojoties uz Nacion\u0101l\u0101s mikrobiolo\u0123ijas references laboratorijas (NMRL) sniegto inform\u0101ciju par gripas monitoringa datiem.<\/p>\n<p>No 1. l\u012bdz 7. decembrim NMRL pozit\u012bvo paraugu \u012bpatsvars uz gripu strauji pieauga &#8211; l\u012bdz 18,1%, sal\u012bdzinot ar 9,1% ned\u0113\u013cu iepriek\u0161. T\u0101d\u0113j\u0101di epid\u0113mijas slieksnis ir p\u0101rsniegts.<\/p>\n<p class=\"m-0\">Seko &#8220;Delfi&#8221; ar\u012b  <a target=\"_blank\" href=\"https:\/\/www.instagram.com\/delfi.lv\/\" rel=\"nofollow noopener\">Instagram<\/a>  un <a target=\"_blank\" href=\"https:\/\/www.youtube.com\/channel\/UCw5foWtcJvAbUm64rv7jwUQ\" rel=\"nofollow noopener\">YouTube<\/a>  profil\u0101 \u2013 pievienojies, lai uzzin\u0101tu svar\u012bg\u0101ko un interesant\u0101ko pirmais!<\/p>\n<p>Publik\u0101cijas saturs vai t\u0101s jebk\u0101da apjoma da\u013ca ir aizsarg\u0101ts autorties\u012bbu objekts Autorties\u012bbu likuma izpratn\u0113, un t\u0101 izmanto\u0161ana bez izdev\u0113ja at\u013caujas ir aizliegta. Vair\u0101k lasi  <a target=\"_blank\" href=\"https:\/\/www.delfi.lv\/noteikumi#autortiesibas\" rel=\"nofollow noopener\">\u0161eit<\/a><script async src=\"\/\/www.instagram.com\/embed.js\"><\/script><\/p>\n","protected":false},"excerpt":{"rendered":"Gripas epid\u0113mijas laik\u0101 ar\u012b Liep\u0101jas, Ventspils un Talsu slimn\u012bc\u0101s, k\u0101 ar\u012b Paula Stradi\u0146a kl\u012bniskaj\u0101 universit\u0101tes slimn\u012bc\u0101 noteikti papildu&hellip;\n","protected":false},"author":2,"featured_media":72802,"comment_status":"","ping_status":"","sticky":false,"template":"","format":"standard","meta":{"footnotes":""},"categories":[5],"tags":[23,28,29,1549,32,33,5657,22,30,31,35,39,38,36,37,34,40,20,26,27,1580,24,25,21],"class_list":{"0":"post-72801","1":"post","2":"type-post","3":"status-publish","4":"format-standard","5":"has-post-thumbnail","7":"category-aktualitates","8":"tag-aktualitates","9":"tag-breaking-news","10":"tag-breakingnews","11":"tag-covid-19","12":"tag-featured-news","13":"tag-featurednews","14":"tag-gripa","15":"tag-headlines","16":"tag-latest-news","17":"tag-latestnews","18":"tag-latvia","19":"tag-latvian","20":"tag-latviesu","21":"tag-latviesu-valoda","22":"tag-latviesuvaloda","23":"tag-latvija","24":"tag-lv","25":"tag-news","26":"tag-popularakas-zinas","27":"tag-popularakaszinas","28":"tag-spkc","29":"tag-top-stories","30":"tag-topstories","31":"tag-zinas"},"share_on_mastodon":{"url":"https:\/\/pubeurope.com\/@lv\/115708802069258878","error":""},"_links":{"self":[{"href":"https:\/\/www.europesays.com\/lv\/wp-json\/wp\/v2\/posts\/72801","targetHints":{"allow":["GET"]}}],"collection":[{"href":"https:\/\/www.europesays.com\/lv\/wp-json\/wp\/v2\/posts"}],"about":[{"href":"https:\/\/www.europesays.com\/lv\/wp-json\/wp\/v2\/types\/post"}],"author":[{"embeddable":true,"href":"https:\/\/www.europesays.com\/lv\/wp-json\/wp\/v2\/users\/2"}],"replies":[{"embeddable":true,"href":"https:\/\/www.europesays.com\/lv\/wp-json\/wp\/v2\/comments?post=72801"}],"version-history":[{"count":0,"href":"https:\/\/www.europesays.com\/lv\/wp-json\/wp\/v2\/posts\/72801\/revisions"}],"wp:featuredmedia":[{"embeddable":true,"href":"https:\/\/www.europesays.com\/lv\/wp-json\/wp\/v2\/media\/72802"}],"wp:attachment":[{"href":"https:\/\/www.europesays.com\/lv\/wp-json\/wp\/v2\/media?parent=72801"}],"wp:term":[{"taxonomy":"category","embeddable":true,"href":"https:\/\/www.europesays.com\/lv\/wp-json\/wp\/v2\/categories?post=72801"},{"taxonomy":"post_tag","embeddable":true,"href":"https:\/\/www.europesays.com\/lv\/wp-json\/wp\/v2\/tags?post=72801"}],"curies":[{"name":"wp","href":"https:\/\/api.w.org\/{rel}","templated":true}]}}