{"id":72821,"date":"2025-12-12T22:15:08","date_gmt":"2025-12-12T22:15:08","guid":{"rendered":"https:\/\/www.europesays.com\/lv\/72821\/"},"modified":"2025-12-12T22:15:08","modified_gmt":"2025-12-12T22:15:08","slug":"rinkevics-aicina-nato-un-eiropas-valstis-sekot-polijas-un-latvijas-piemeram-aizsardzibas-investicijas-lente-lv","status":"publish","type":"post","link":"https:\/\/www.europesays.com\/lv\/72821\/","title":{"rendered":"Rink\u0113vi\u010ds aicina NATO un Eiropas valstis sekot Polijas un Latvijas piem\u0113ram aizsardz\u012bbas invest\u012bcij\u0101s\u00a0\u2014\u00a0Lente.lv"},"content":{"rendered":"<p>Rink\u0113vi\u010ds aicina NATO un Eiropas valstis sekot Polijas un Latvijas piem\u0113ram aizsardz\u012bbas invest\u012bcij\u0101s<\/p>\n<p>Valsts prezidents Edgars Rink\u0113vi\u010ds ir aicin\u0101jis visas NATO un Eiropas Savien\u012bbas dal\u012bbvalstis nopietni apsv\u0113rt iesp\u0113ju palielin\u0101t savus ieguld\u012bjumus nacion\u0101laj\u0101 aizsardz\u012bb\u0101 un dro\u0161\u012bb\u0101, atdarinot Polijas un Latvijas izr\u0101d\u012bto iniciat\u012bvu \u0161aj\u0101 jom\u0101. \u0160is aicin\u0101jums izskan\u0113ja vi\u0146a ikgad\u0113j\u0101s tik\u0161an\u0101s laik\u0101 ar Polijas prezidentu And\u017eeju Dudu ceturtdien, 11. decembr\u012b, R\u012bg\u0101. Prezidents uzsv\u0113ra, ka pa\u0161reiz\u0113j\u0101 \u0123eopolitisk\u0101 situ\u0101cija prasa akt\u012bv\u0101ku un kop\u012bgu r\u012bc\u012bbu visu sabiedroto valstu vid\u016b, lai stiprin\u0101tu kolekt\u012bvo dro\u0161\u012bbu un attur\u0113tu potenci\u0101los agresorus.<\/p>\n<p>Polijas un Latvijas aizsardz\u012bbas stiprin\u0101\u0161ana k\u0101 paraugs<\/p>\n<p>Rink\u0113vi\u010ds atzina Polijas un Latvijas progresu aizsardz\u012bbas sp\u0113ju stiprin\u0101\u0161an\u0101, \u012bpa\u0161i attiec\u012bb\u0101 uz aizsardz\u012bbas bud\u017eeta palielin\u0101\u0161anu un modernu milit\u0101ro tehnolo\u0123iju ieg\u0101di. Vi\u0146\u0161 nor\u0101d\u012bja, ka \u0161\u012bs valstis ir sapratu\u0161as dro\u0161\u012bbas izaicin\u0101jumu nopietn\u012bbu un ir gatavas invest\u0113t nepiecie\u0161amos l\u012bdzek\u013cus, lai nodro\u0161in\u0101tu savu suverenit\u0101ti un teritori\u0101lo integrit\u0101ti. &#8220;Redzam, ka Polija un Latvija ir uz\u0146\u0113mu\u0161\u0101s nopietnu l\u012bder\u012bbas lomu \u0161aj\u0101 jom\u0101,&#8221; sac\u012bja prezidents. &#8220;Vi\u0146u piem\u0113rs ir spilgts apliecin\u0101jums tam, ka valst\u012bm ir j\u0101b\u016bt gatav\u0101m un sp\u0113j\u012bg\u0101m aizst\u0101v\u0113t sevi un savus sabiedrotos. Tas nav tikai mor\u0101ls pien\u0101kums, bet ar\u012b praktiska nepiecie\u0161am\u012bba,&#8221; vi\u0146\u0161 piebilda.<\/p>\n<p>Latvijas prezidents uzsv\u0113ra, ka aizsardz\u012bbas sp\u0113ju palielin\u0101\u0161ana nav tikai milit\u0101ra r\u012bc\u012bba, bet ar\u012b svar\u012bgs sign\u0101ls potenci\u0101lajiem pretiniekiem, ka NATO un Eiropas valstis ir vienotas un gatavas st\u0101ties pret\u012b jebkuram apdraud\u0113jumam. Vi\u0146\u0161 min\u0113ja, ka invest\u012bcijas aizsardz\u012bb\u0101 ir invest\u012bcijas mier\u0101 un stabilit\u0101t\u0101, kas ir v\u0113rt\u012bg\u0101kas par jebk\u0101diem finansi\u0101liem zaud\u0113jumiem, ja tiek nov\u0113rsts konflikts.<\/p>\n<p>Eiropas dro\u0161\u012bbas arhitekt\u016bras stiprin\u0101\u0161ana<\/p>\n<p>Tik\u0161an\u0101s laik\u0101 ar prezidentu Dudu tika apspriesta ar\u012b pla\u0161\u0101ka Eiropas dro\u0161\u012bbas arhitekt\u016bras stiprin\u0101\u0161ana, \u012bpa\u0161i \u0146emot v\u0113r\u0101 past\u0101v\u012bgos dro\u0161\u012bbas riskus re\u0123ion\u0101. Rink\u0113vi\u010ds pauda p\u0101rliec\u012bbu, ka cie\u0161\u0101ka sadarb\u012bba starp NATO dal\u012bbvalst\u012bm, k\u0101 ar\u012b ar Eiropas Savien\u012bbas partneriem, ir nepiecie\u0161ama, lai efekt\u012bvi rea\u0123\u0113tu uz m\u016bsdienu izaicin\u0101jumiem, s\u0101kot no hibr\u012bduzbrukumiem un kiberdro\u0161\u012bbas l\u012bdz pat tie\u0161iem milit\u0101riem draudiem. Vi\u0146\u0161 atz\u012bm\u0113ja, ka kop\u012bg\u0101s m\u0101c\u012bbas, inform\u0101cijas apmai\u0146a un bru\u0146ojuma sist\u0113mu savietojam\u012bba ir b\u016btiskas, lai nodro\u0161in\u0101tu maksim\u0101lu efektivit\u0101ti kop\u0113j\u0101s aizsardz\u012bbas sist\u0113m\u0101.<\/p>\n<p>Tika piemin\u0113ts, ka NATO un Eiropas Savien\u012bbas valst\u012bm ir j\u0101palielina savu aizsardz\u012bbas bud\u017eetu, lai sasniegtu un p\u0101rsniegtu noteiktos 2% no IKP m\u0113r\u0137i. \u0160is m\u0113r\u0137is, ko NATO dal\u012bbvalstis vienoj\u0101s sasniegt, ir k\u013cuvis v\u0113l svar\u012bg\u0101ks pa\u0161reiz\u0113j\u0101 nestabilaj\u0101 pasaules situ\u0101cij\u0101. &#8220;M\u0113s nevaram at\u013cauties b\u016bt vienaldz\u012bgi,&#8221; uzsv\u0113ra Rink\u0113vi\u010ds. &#8220;Katras valsts individu\u0101l\u0101 piep\u016ble ir svar\u012bga, bet kop\u0113j\u0101 piep\u016ble ir nenov\u0113rt\u0113jama. Tas ir k\u0101 celt augstu sienu \u2013 ja viens \u0137ie\u0123elis ir va\u013c\u012bgs, visa siena ir apdraud\u0113ta.&#8221;<\/p>\n<p>Polijas prezidenta atbalsts un kop\u012bg\u0101s v\u012bzijas<\/p>\n<p>Polijas prezidents And\u017eejs Duda pauda piln\u012bgu atbalstu Rink\u0113vi\u010da aicin\u0101jumam, uzsverot Polijas nelok\u0101mo ap\u0146em\u0161anos stiprin\u0101t savu aizsardz\u012bbas sp\u0113jas un sadarb\u012bbu ar NATO sabiedrotajiem. Vi\u0146\u0161 atzin\u012bgi nov\u0113rt\u0113ja Latvijas progresu un kop\u012bgo redz\u0113jumu par nepiecie\u0161am\u012bbu palielin\u0101t aizsardz\u012bbas izdevumus. Duda piebilda, ka Polija turpin\u0101s akt\u012bvi str\u0101d\u0101t pie savas armijas moderniz\u0101cijas un gatav\u012bbas, lai nodro\u0161in\u0101tu gan savu, gan visas NATO austrumu flanga dro\u0161\u012bbu. &#8220;M\u0113s esam kop\u0101 stipri,&#8221; Duda teica. &#8220;M\u016bsu kop\u012bg\u0101s p\u016bles ir lab\u0101k\u0101 garantija mieram un dro\u0161\u012bbai m\u016bsu re\u0123ion\u0101 un vis\u0101 Eirop\u0101.&#8221;<\/p>\n<p>Abi prezidenti vienoj\u0101s, ka turpm\u0101k\u0101s tik\u0161an\u0101s un diskusijas gan divpus\u0113j\u0101, gan starptautisk\u0101 l\u012bmen\u012b b\u016bs velt\u012btas tie\u0161i \u0161iem dro\u0161\u012bbas un aizsardz\u012bbas jaut\u0101jumiem. Tiek pl\u0101nots ar\u012b aicin\u0101t citas NATO un ES dal\u012bbvalstis akt\u012bv\u0101k iesaist\u012bties diskusij\u0101s par kop\u012bgo dro\u0161\u012bbu un aizsardz\u012bbas sp\u0113ju stiprin\u0101\u0161anu. K\u0101 uzsv\u0113ra Rink\u0113vi\u010ds, &#8220;mums visiem kop\u0101 ir j\u0101veido stipra un notur\u012bga Eiropa, kas sp\u0113j st\u0101ties pret\u012b jebkuriem izaicin\u0101jumiem.&#8221;<\/p>\n<p>N\u0101kotnes izaicin\u0101jumi un iesp\u0113jas<\/p>\n<p>Neskait\u0101mie dro\u0161\u012bbas izaicin\u0101jumi, ar kuriem saskaras Eiropa, prasa gan politisku gribu, gan finansi\u0101lus resursus. Rink\u0113vi\u010da aicin\u0101jums nav tikai retoriska fr\u0101ze, bet gan praktisks solis uz priek\u0161u, lai nodro\u0161in\u0101tu stabilu n\u0101kotni vis\u0101m NATO un Eiropas valst\u012bm. Palielinot ieguld\u012bjumus aizsardz\u012bb\u0101, valstis ne tikai stiprina savas milit\u0101r\u0101s sp\u0113jas, bet ar\u012b demonstr\u0113 savu gatav\u012bbu sadarboties un aizst\u0101v\u0113t kop\u012bg\u0101s v\u0113rt\u012bbas. Tas ir sign\u0101ls, ka dro\u0161\u012bba nav tikai atsevi\u0161\u0137u valstu atbild\u012bba, bet gan kop\u012bgs centienu kopums, kas prasa nep\u0101rtrauktu uzman\u012bbu un resursus.<\/p>\n<p>N\u0101kamie so\u013ci ietver akt\u012bv\u0101ku dialogu gan starp milit\u0101rajiem ekspertiem, gan politiskajiem l\u012bderiem, lai izstr\u0101d\u0101tu konkr\u0113tus pl\u0101nus un strat\u0113\u0123ijas aizsardz\u012bbas sp\u0113ju stiprin\u0101\u0161anai. Svar\u012bgi ir ar\u012b sabiedr\u012bbas inform\u0113\u0161ana par dro\u0161\u012bbas situ\u0101ciju un nepiecie\u0161am\u012bbu invest\u0113t aizsardz\u012bb\u0101. &#8220;M\u016bsu taut\u0101m ir j\u0101saprot, ka dro\u0161\u012bba ir kop\u012bgs labums, un t\u0101s stiprin\u0101\u0161ana prasa ikviena ieguld\u012bjumu,&#8221; secin\u0101ja Latvijas prezidents.<\/p>\n","protected":false},"excerpt":{"rendered":"Rink\u0113vi\u010ds aicina NATO un Eiropas valstis sekot Polijas un Latvijas piem\u0113ram aizsardz\u012bbas invest\u012bcij\u0101s Valsts prezidents Edgars Rink\u0113vi\u010ds ir&hellip;\n","protected":false},"author":2,"featured_media":72822,"comment_status":"","ping_status":"","sticky":false,"template":"","format":"standard","meta":{"footnotes":""},"categories":[12],"tags":[1546,7679,23,28,29,334,816,514,32,33,22,30,31,35,39,38,36,37,34,40,71,20,72,26,27,24,25,21],"class_list":{"0":"post-72821","1":"post","2":"type-post","3":"status-publish","4":"format-standard","5":"has-post-thumbnail","7":"category-latvija","8":"tag-aizsardziba","9":"tag-aizsardzibas-budzets","10":"tag-aktualitates","11":"tag-breaking-news","12":"tag-breakingnews","13":"tag-drosiba","14":"tag-edgars-rinkevics","15":"tag-eiropas-savieniba","16":"tag-featured-news","17":"tag-featurednews","18":"tag-headlines","19":"tag-latest-news","20":"tag-latestnews","21":"tag-latvia","22":"tag-latvian","23":"tag-latviesu","24":"tag-latviesu-valoda","25":"tag-latviesuvaloda","26":"tag-latvija","27":"tag-lv","28":"tag-nato","29":"tag-news","30":"tag-polija","31":"tag-popularakas-zinas","32":"tag-popularakaszinas","33":"tag-top-stories","34":"tag-topstories","35":"tag-zinas"},"share_on_mastodon":{"url":"https:\/\/pubeurope.com\/@lv\/115708908298914482","error":""},"_links":{"self":[{"href":"https:\/\/www.europesays.com\/lv\/wp-json\/wp\/v2\/posts\/72821","targetHints":{"allow":["GET"]}}],"collection":[{"href":"https:\/\/www.europesays.com\/lv\/wp-json\/wp\/v2\/posts"}],"about":[{"href":"https:\/\/www.europesays.com\/lv\/wp-json\/wp\/v2\/types\/post"}],"author":[{"embeddable":true,"href":"https:\/\/www.europesays.com\/lv\/wp-json\/wp\/v2\/users\/2"}],"replies":[{"embeddable":true,"href":"https:\/\/www.europesays.com\/lv\/wp-json\/wp\/v2\/comments?post=72821"}],"version-history":[{"count":0,"href":"https:\/\/www.europesays.com\/lv\/wp-json\/wp\/v2\/posts\/72821\/revisions"}],"wp:featuredmedia":[{"embeddable":true,"href":"https:\/\/www.europesays.com\/lv\/wp-json\/wp\/v2\/media\/72822"}],"wp:attachment":[{"href":"https:\/\/www.europesays.com\/lv\/wp-json\/wp\/v2\/media?parent=72821"}],"wp:term":[{"taxonomy":"category","embeddable":true,"href":"https:\/\/www.europesays.com\/lv\/wp-json\/wp\/v2\/categories?post=72821"},{"taxonomy":"post_tag","embeddable":true,"href":"https:\/\/www.europesays.com\/lv\/wp-json\/wp\/v2\/tags?post=72821"}],"curies":[{"name":"wp","href":"https:\/\/api.w.org\/{rel}","templated":true}]}}