{"id":72835,"date":"2025-12-12T22:33:11","date_gmt":"2025-12-12T22:33:11","guid":{"rendered":"https:\/\/www.europesays.com\/lv\/72835\/"},"modified":"2025-12-12T22:33:11","modified_gmt":"2025-12-12T22:33:11","slug":"etnografiskaja-brivdabas-muzeja-atklas-ziemassvetku-gaismas-taku-1188-lv","status":"publish","type":"post","link":"https:\/\/www.europesays.com\/lv\/72835\/","title":{"rendered":"Etnogr\u0101fiskaj\u0101 br\u012bvdabas muzej\u0101 atkl\u0101s Ziemassv\u0113tku gaismas taku &#8211; 1188.lv"},"content":{"rendered":"<ol>\n<li><a href=\"https:\/\/news.google.com\/rss\/articles\/CBMinAFBVV95cUxNTEFkQTJKMjlEaDRtLWpSMnFYSEZZU0JZa291TXJFS0lmTFVCMGFOX2JQZjgyUlhPTDl2VDdFVGFUY1k1RThGTkVIM0dMa3pFbm03U0tJd2xUQ3N1ZlB0MXEtT3FLbFQ5STNyWEYwYTNTdWRocW4wRjlSSXc3aGoxWVJhYXBnN29tRldWVlhMZE5VTlozalFpUVRQMjk?oc=5\" target=\"_blank\" rel=\"nofollow noopener\">Etnogr\u0101fiskaj\u0101 br\u012bvdabas muzej\u0101 atkl\u0101s Ziemassv\u0113tku gaismas taku<\/a>&nbsp;&nbsp;1188.lv<\/li>\n<li><a href=\"https:\/\/news.google.com\/rss\/articles\/CBMipwFBVV95cUxQYzFRVWdTTzhDbTZUNVdLNUNZRFA1WnFuQ2xzTnJkd0lEZjhpazdIYm1KOFA5MTNhYmNTVEhiSVU4Y0xubG1UQjJHeTlYRHQ4WDNDMnRkYVhoeEtUMmFjLWhEMUNFTWZkZ29xdklNRTZUckdpUnVOZEFZRUw1cTFxYUM0R2oyNVdzd3czNS1Ga3d1YWF0QzZGeDk0bEdGYVhRSmZPdG84SQ?oc=5\" target=\"_blank\" rel=\"nofollow noopener\">\ufeffNotikumi kult\u016br\u0101 l\u012bdz 19. decembrim, apmekl\u0113jami bez maksas<\/a>&nbsp;&nbsp;NRA<\/li>\n<li><a href=\"https:\/\/news.google.com\/rss\/articles\/CBMijgFBVV95cUxPaVplY20tbFVteHgyX0dXZFVVVXJlZjJ2aEVVaDh3LXZhdzlxRE5kX21nXzQ1Z1FhdmpZQjRuVk1WWk9DYWdzYjlMN0FTb2dQLXo3cE02aFh2WVNXRWRCYWhNU21TUVQteHBaamIxVHpibGRibDk0RUl3bV9pZ0lBc2dEalJCRHFWQklVNkNn?oc=5\" target=\"_blank\" rel=\"nofollow noopener\">Br\u012bvdabas muzej\u0101 top unik\u0101la Ziemassv\u0113tku gaismas taka<\/a>&nbsp;&nbsp;Dzentlmenis.lv<\/li>\n<li><a href=\"https:\/\/news.google.com\/rss\/articles\/CBMilgFBVV95cUxPUnFJZ1RaVlZMYzROX1l4ME11YTA4Y2Q0NDFHaVZUdmhLSXNXVzlQRENqTTg1OTFsZ0RJU2hSTl9jZzlVbERxaGtLN0xHVC10dmE2dl93M0RFSDNfQkc5X2pyWEtVT29INUtYUG9JWGpPa0pJdHprcGc0c1dkVVRNRW0weDFiaUhSeGRqS2JlNFQzdktjMWc?oc=5\" target=\"_blank\" rel=\"nofollow noopener\">Ziemas saulgrie\u017eu sagaid\u012b\u0161ana J\u016brmalas Br\u012bvdabas muzej\u0101<\/a>&nbsp;&nbsp;J\u016brmalas valstspils\u0113tas pa\u0161vald\u012bba<\/li>\n<li><a href=\"https:\/\/news.google.com\/rss\/articles\/CBMiyAFBVV95cUxORXY1cGRQWnM0WHhKRURBS2pSbUFSUFM4MUdnOERITXdKTXNrQ2Zfbmh2QXF3TXdGOTBaUHFZeUl1WEdzYUEtUUtiMjk2cUs4S3dxRUZkanNFclYtNS14U3NQS3pLRS1NcTFnbDUyQnJVVlA0WWRJcGFYLWo5aHFYWUZSMFFmTnNxQkxEMGdKS3RrZk80elBQSGhnSkkyRG5relVxS1NYWGtCckc4akR3WXZmYzh5b3h4YnJOSGJwWHR3UDZ3RlFJYg?oc=5\" target=\"_blank\" rel=\"nofollow noopener\">Ziemas saulgrie\u017eos aicina ventspilniekus uz Blu\u0137a vilk\u0161anu<\/a>&nbsp;&nbsp;Ventas Balss<\/li>\n<\/ol>\n","protected":false},"excerpt":{"rendered":"Etnogr\u0101fiskaj\u0101 br\u012bvdabas muzej\u0101 atkl\u0101s Ziemassv\u0113tku gaismas taku&nbsp;&nbsp;1188.lv \ufeffNotikumi kult\u016br\u0101 l\u012bdz 19. decembrim, apmekl\u0113jami bez maksas&nbsp;&nbsp;NRA Br\u012bvdabas muzej\u0101 top&hellip;\n","protected":false},"author":2,"featured_media":72836,"comment_status":"","ping_status":"","sticky":false,"template":"","format":"standard","meta":{"footnotes":""},"categories":[12],"tags":[129,7760,18523,23,28,29,32,33,22,30,31,35,39,38,36,37,34,40,20,26,27,18521,18524,18522,18525,24,25,21],"class_list":{"0":"post-72835","1":"post","2":"type-post","3":"status-publish","4":"format-standard","5":"has-post-thumbnail","7":"category-latvija","8":"tag-__typenameadvicekeyword","9":"tag-id476","10":"tag-id899","11":"tag-aktualitates","12":"tag-breaking-news","13":"tag-breakingnews","14":"tag-featured-news","15":"tag-featurednews","16":"tag-headlines","17":"tag-latest-news","18":"tag-latestnews","19":"tag-latvia","20":"tag-latvian","21":"tag-latviesu","22":"tag-latviesu-valoda","23":"tag-latviesuvaloda","24":"tag-latvija","25":"tag-lv","26":"tag-news","27":"tag-popularakas-zinas","28":"tag-popularakaszinas","29":"tag-slugaktiva-atputa","30":"tag-slugmuzeji","31":"tag-titleaktiva-atputa","32":"tag-titlemuzeji","33":"tag-top-stories","34":"tag-topstories","35":"tag-zinas"},"share_on_mastodon":{"url":"https:\/\/pubeurope.com\/@lv\/115708979015427098","error":""},"_links":{"self":[{"href":"https:\/\/www.europesays.com\/lv\/wp-json\/wp\/v2\/posts\/72835","targetHints":{"allow":["GET"]}}],"collection":[{"href":"https:\/\/www.europesays.com\/lv\/wp-json\/wp\/v2\/posts"}],"about":[{"href":"https:\/\/www.europesays.com\/lv\/wp-json\/wp\/v2\/types\/post"}],"author":[{"embeddable":true,"href":"https:\/\/www.europesays.com\/lv\/wp-json\/wp\/v2\/users\/2"}],"replies":[{"embeddable":true,"href":"https:\/\/www.europesays.com\/lv\/wp-json\/wp\/v2\/comments?post=72835"}],"version-history":[{"count":0,"href":"https:\/\/www.europesays.com\/lv\/wp-json\/wp\/v2\/posts\/72835\/revisions"}],"wp:featuredmedia":[{"embeddable":true,"href":"https:\/\/www.europesays.com\/lv\/wp-json\/wp\/v2\/media\/72836"}],"wp:attachment":[{"href":"https:\/\/www.europesays.com\/lv\/wp-json\/wp\/v2\/media?parent=72835"}],"wp:term":[{"taxonomy":"category","embeddable":true,"href":"https:\/\/www.europesays.com\/lv\/wp-json\/wp\/v2\/categories?post=72835"},{"taxonomy":"post_tag","embeddable":true,"href":"https:\/\/www.europesays.com\/lv\/wp-json\/wp\/v2\/tags?post=72835"}],"curies":[{"name":"wp","href":"https:\/\/api.w.org\/{rel}","templated":true}]}}