{"id":72845,"date":"2025-12-12T23:06:10","date_gmt":"2025-12-12T23:06:10","guid":{"rendered":"https:\/\/www.europesays.com\/lv\/72845\/"},"modified":"2025-12-12T23:06:10","modified_gmt":"2025-12-12T23:06:10","slug":"biatlonists-rastorgujevs-izlaidis-pasaules-kausa-posmu-austrija-pleca-savainojuma-un-covid-19-del-lente-lv-2","status":"publish","type":"post","link":"https:\/\/www.europesays.com\/lv\/72845\/","title":{"rendered":"Biatlonists Rastorgujevs izlaid\u012bs Pasaules kausa posmu Austrij\u0101 pleca savainojuma un Covid-19 d\u0113\u013c\u00a0\u2014\u00a0Lente.lv"},"content":{"rendered":"<p>Andrejs Rastorgujevs izlaid\u012bs Pasaules kausa posmu Austrij\u0101 pleca savainojuma un Covid-19 d\u0113\u013c<\/p>\n<p>Latvijas vado\u0161ais biatlonists Andrejs Rastorgujevs \u0161obr\u012bd piedz\u012bvo nepl\u0101n\u0113tu pauzi Pasaules kausa biatlona aprit\u0113. Savainojuma un v\u012brusa d\u0113\u013c vi\u0146\u0161 nevar\u0113s piedal\u012bties n\u0101kamaj\u0101 Pasaules kausa posm\u0101, kas norisin\u0101sies slavenaj\u0101 Hohf\u012blcenes tras\u0113 Austrij\u0101. Lai gan s\u0101kotn\u0113j\u0101s ba\u017eas par pleca traumu bija nopietnas, izmekl\u0113jumi ir devu\u0161i cer\u012bgu v\u0113st\u012bjumu \u2013 oper\u0101cija neb\u016bs nepiecie\u0161ama, ta\u010du atvese\u013co\u0161an\u0101s pras\u012bs laiku un r\u016bp\u012bgu fizioterapiju. Tom\u0113r liktenis sag\u0101d\u0101jis v\u0113l vienu p\u0101rbaud\u012bjumu \u2013 pievienojusies saslim\u0161ana ar Covid-19, kas faktiski liek izlaist gaid\u0101mo posmu.<\/p>\n<p>Traumas apst\u0101k\u013ci un prognozes<\/p>\n<p>Atsvaidzin\u0101tais pleca savainojums Rastorgujevam rad\u0101s Pasaules kausa atkl\u0101\u0161anas posm\u0101 Zviedrijas tras\u0113 Este\u0161und\u0101. Lai gan vi\u0146\u0161 sp\u0113ja nosl\u0113gt individu\u0101lo distanci dev\u012btaj\u0101 viet\u0101 un start\u0113t sprint\u0101, iedz\u012b\u0161anas discipl\u012bn\u0101 vi\u0146\u0161 jau nestart\u0113ja, dodoties uz Latviju padzi\u013cin\u0101tai medic\u012bniskajai izmekl\u0113\u0161anai. Laim\u012bg\u0101 k\u0101rt\u0101, izmekl\u0113jumu rezult\u0101ti liecin\u0101ja, ka \u0137irur\u0123iska iejauk\u0161an\u0101s nav nepiecie\u0161ama. Rastorgujevam nepiecie\u0161ama tikai neliela atslodze un m\u0113r\u0137tiec\u012bga fizioterapija, lai piln\u012bb\u0101 atg\u016btos.<\/p>\n<p>Covid-19 rada papildu \u0161\u0137\u0113r\u0161\u013cus<\/p>\n<p>K\u0101 acu priek\u0161\u0101 eso\u0161\u0101 inform\u0101cija liecina, papildus pleca savainojumam, Rastorgujevs ir saslimis ar Covid-19 v\u012brusu. Tas ir nepat\u012bkams, bet diem\u017e\u0113l bie\u017ei sastopams pav\u0113rsiens sportistu dz\u012bv\u0113, \u012bpa\u0161i \u0161ajos laikos. \u0160\u012b dubult\u0101 probl\u0113ma noz\u012bm\u0113, ka vi\u0146\u0161 b\u016bs spiests izlaist Pasaules kausa otro posmu Hohfilcen\u0113, kas norisin\u0101sies \u0161oned\u0113\u013c, no 12. l\u012bdz 14. decembrim. Lai gan \u0161is nav sezonas s\u0101kums, k\u0101du vi\u0146\u0161 bija izt\u0113lojies, Rastorgujevs saglab\u0101 optimismu, nor\u0101dot, ka svar\u012bg\u0101kie starti, tostarp olimpisk\u0101s sp\u0113les, v\u0113l ir priek\u0161\u0101.<\/p>\n<p>Atgrie\u0161an\u0101s cer\u012bbas un turpm\u0101kais kalend\u0101rs<\/p>\n<p>Sportists pau\u017e cer\u012bbu atgriezties ierind\u0101 uz Pasaules kausa tre\u0161o posmu, kas notiks Francijas tras\u0113 Ans\u012b no 18. l\u012bdz 21. decembrim. \u0160is laiks, 11 dienas starp posmiem, teor\u0113tiski var\u0113tu b\u016bt pietiekams, lai piln\u012bb\u0101 atvese\u013cotos un atg\u016btu sportisko formu. Andrejs Rastorgujevs, t\u0101pat k\u0101 Baiba Bendika, jau ir nodro\u0161in\u0101jis savu ce\u013caz\u012bmi uz n\u0101kam\u0101 gada ziemas olimpiskaj\u0101m sp\u0113l\u0113m, kas ir galvenais gada notikums biatlon\u0101. Tas apliecina vi\u0146a nemain\u012bgi augsto l\u012bmeni un gatav\u012bbu c\u012bn\u012bties par augst\u0101kaj\u0101m viet\u0101m.<\/p>\n<p>Andreja Rastorgujeva karjera un sasniegumi<\/p>\n<p>Andrejs Rastorgujevs ir viens no Latvijas atz\u012bt\u0101kajiem biatlonistiem, kura karjera stiepjas jau vair\u0101kus gadus. Vi\u0146\u0161 ir 2024. gada Pasaules \u010dempion\u0101ta sudraba meda\u013cas ieguv\u0113js un divk\u0101rt\u0113js Eiropas \u010dempions. Aiz pleca vi\u0146am ir tr\u012bs olimpisko sp\u0113\u013cu pieredze. Savas karjeras s\u0101kum\u0101 vi\u0146\u0161 izc\u0113l\u0101s ar vienu no \u0101tr\u0101kajiem sl\u0113pojumiem starp pasaules elites biatlonistiem, bet p\u0113d\u0113jos gados ir sp\u0113jis pilnveidot ar\u012b savu \u0161au\u0161anas precizit\u0101ti, kas kop\u0101 ar labu sl\u0113pojumu \u013cauj vi\u0146am stabili tur\u0113ties pasaules biatlona aug\u0161gal\u0101. Vi\u0146a karjera nav bijusi bez sare\u017e\u0123\u012bjumiem, tostarp da\u017e\u0101d\u0101m traum\u0101m un diskvalifik\u0101ciju, ta\u010du katru reizi vi\u0146\u0161 ir sp\u0113jis atgriezties un apliecin\u0101t savu sp\u0113ku. Piem\u0113ram, 2017. gad\u0101 vi\u0146\u0161 izc\u012bn\u012bja savu pirmo Pasaules kausa posma meda\u013cu (sudrabs), bet 2024. gad\u0101 sasniedza savu karjeras rekordu Pasaules \u010dempion\u0101tos ar sudraba meda\u013cu masu start\u0101. Vi\u0146a cent\u012bba un neatlaid\u012bba ir iedvesmojo\u0161s piem\u0113rs daudziem jaunajiem sportistiem.<\/p>\n<p>Pasaules kausa sezona un t\u0101s norise<\/p>\n<p>Pa\u0161reiz\u0113j\u0101 Pasaules kausa sezona ir s\u0101kusies ar pirmo posmu Zviedrijas pils\u0113t\u0101 Este\u0161und\u0101. Rastorgujevs pasaules kausa sezonu s\u0101ka ar 9. vietu individu\u0101laj\u0101 distanc\u0113, ta\u010du vi\u0146a dal\u012bba tika p\u0101rtraukta traumas d\u0113\u013c. P\u0113c Hohf\u012blcenes posma, kas norisin\u0101sies no 12. l\u012bdz 14. decembrim, biatlonisti p\u0101rcelsies uz Ans\u012b, Franciju, kur sacens\u012bbas notiks no 18. l\u012bdz 21. decembrim. Sezonas turpin\u0101jum\u0101 paredz\u0113ti posmi V\u0101cij\u0101 (Oberhofa, R\u016bpoldinga), \u010cehij\u0101 (Nove Mesto), It\u0101lij\u0101 (Olimpisk\u0101s sp\u0113les), k\u0101 ar\u012b Somij\u0101 (Kontiolahti) un Norv\u0113\u0123ij\u0101 (Holmenkollene). \u0160\u012b sezona ir \u012bpa\u0161i noz\u012bm\u012bga, jo kulmin\u0101cija ir olimpisk\u0101s sp\u0113les, kur\u0101s Rastorgujevs ir viens no Latvijas galvenaj\u0101m cer\u012bb\u0101m.<\/p>\n","protected":false},"excerpt":{"rendered":"Andrejs Rastorgujevs izlaid\u012bs Pasaules kausa posmu Austrij\u0101 pleca savainojuma un Covid-19 d\u0113\u013c Latvijas vado\u0161ais biatlonists Andrejs Rastorgujevs \u0161obr\u012bd&hellip;\n","protected":false},"author":2,"featured_media":72846,"comment_status":"","ping_status":"","sticky":false,"template":"","format":"standard","meta":{"footnotes":""},"categories":[17],"tags":[1498,1499,1549,18415,35,39,38,36,37,34,40,2560,5135,67],"class_list":{"0":"post-72845","1":"post","2":"type-post","3":"status-publish","4":"format-standard","5":"has-post-thumbnail","7":"category-sports","8":"tag-andrejs-rastorgujevs","9":"tag-biatlons","10":"tag-covid-19","11":"tag-hohfilcene","12":"tag-latvia","13":"tag-latvian","14":"tag-latviesu","15":"tag-latviesu-valoda","16":"tag-latviesuvaloda","17":"tag-latvija","18":"tag-lv","19":"tag-pasaules-kauss","20":"tag-savainojums","21":"tag-sports"},"share_on_mastodon":{"url":"https:\/\/pubeurope.com\/@lv\/115709108768947931","error":""},"_links":{"self":[{"href":"https:\/\/www.europesays.com\/lv\/wp-json\/wp\/v2\/posts\/72845","targetHints":{"allow":["GET"]}}],"collection":[{"href":"https:\/\/www.europesays.com\/lv\/wp-json\/wp\/v2\/posts"}],"about":[{"href":"https:\/\/www.europesays.com\/lv\/wp-json\/wp\/v2\/types\/post"}],"author":[{"embeddable":true,"href":"https:\/\/www.europesays.com\/lv\/wp-json\/wp\/v2\/users\/2"}],"replies":[{"embeddable":true,"href":"https:\/\/www.europesays.com\/lv\/wp-json\/wp\/v2\/comments?post=72845"}],"version-history":[{"count":0,"href":"https:\/\/www.europesays.com\/lv\/wp-json\/wp\/v2\/posts\/72845\/revisions"}],"wp:featuredmedia":[{"embeddable":true,"href":"https:\/\/www.europesays.com\/lv\/wp-json\/wp\/v2\/media\/72846"}],"wp:attachment":[{"href":"https:\/\/www.europesays.com\/lv\/wp-json\/wp\/v2\/media?parent=72845"}],"wp:term":[{"taxonomy":"category","embeddable":true,"href":"https:\/\/www.europesays.com\/lv\/wp-json\/wp\/v2\/categories?post=72845"},{"taxonomy":"post_tag","embeddable":true,"href":"https:\/\/www.europesays.com\/lv\/wp-json\/wp\/v2\/tags?post=72845"}],"curies":[{"name":"wp","href":"https:\/\/api.w.org\/{rel}","templated":true}]}}