{"id":72868,"date":"2025-12-13T01:03:09","date_gmt":"2025-12-13T01:03:09","guid":{"rendered":"https:\/\/www.europesays.com\/lv\/72868\/"},"modified":"2025-12-13T01:03:09","modified_gmt":"2025-12-13T01:03:09","slug":"papildinats-satiksme-atjaunota-uz-ventspils-sosejas-noticis-negadijums-1188-lv","status":"publish","type":"post","link":"https:\/\/www.europesays.com\/lv\/72868\/","title":{"rendered":"PAPILDIN\u0100TS: Satiksme atjaunota \u2013 uz Ventspils \u0161osejas noticis negad\u012bjums &#8211; 1188.lv"},"content":{"rendered":"<ol>\n<li><a href=\"https:\/\/news.google.com\/rss\/articles\/CBMipAFBVV95cUxNTlJyNlhrQ0h2QVRZc1ZpQWEtQ1NZZ1pieWREaEMxLTlhNWxpVV9sVlVZSTF1aW95dlhRUHlPU21iT3VGd2xnS2lEeVZXdFZjV3Q4NWRXT2ZPWHFfVEtnbGJXRjE5RGhUckJ5OTN3ZXZHcjBEakk0YjZEV2lHMl9pQkNsZ3c5MGF5V1NZdG85VTYyT0otdXRBelExWm1ieEEyT1hMUQ?oc=5\" target=\"_blank\" rel=\"nofollow noopener\">PAPILDIN\u0100TS: Satiksme atjaunota \u2013 uz Ventspils \u0161osejas noticis negad\u012bjums<\/a>&nbsp;&nbsp;1188.lv<\/li>\n<li><a href=\"https:\/\/news.google.com\/rss\/articles\/CBMitAFBVV95cUxNZFBHTlZXcHAzRWZlcjFibzFxX0R0NXNnQ1cxU2hIem90M05ORlhyaWJDV295aFJPR0cyTWNsZ3gzemZaTUZWcm1KZW5JYlpvSkd6WnJBM01ybjZndTByU3VoWlFWeGhPUjA4dGpiT0tlZ1pPYmNIbTNUTkVFZjI1bHpMNXNBM3JNN0ZpR0t0Q3hVOHNIczZWYUctVGsxTnUyZWhkcmlhU0VnbUhXVFN4X3lDNnQ?oc=5\" target=\"_blank\" rel=\"nofollow noopener\">Uz Ventspils \u0161osejas starp Tukumu un P\u016bri satiksme atjaunota (plkst.20.20)<\/a>&nbsp;&nbsp;Delfi<\/li>\n<li><a href=\"https:\/\/news.google.com\/rss\/articles\/CBMiqwFBVV95cUxQbmtERkxMVERxdDBlSG91MnNFWnBqNW1oVU4xVWNHLW5pNkZwM2N0WHE5SDBTNDJxUzJQNVliSVJmdGVVQWtBX0E1akRacjRYSXE0MjlvcWZVWWNEN1pYQVhBdUQ2NU4ybmMwbzdSZmkwYS1NNjFMRF96ZnV3cHZsUlZhVjAtRmExemdmVUFfWjhmdHlyWk5jUExxWmNjZEZjY2NGY3g2RGl5YlE?oc=5\" target=\"_blank\" rel=\"nofollow noopener\">Uz Ventspils \u0161osejas notikusi front\u0101l\u0101 sadursme; negad\u012bjum\u0101 ir viens cietu\u0161ais<\/a>&nbsp;&nbsp;Apollo.lv<\/li>\n<li><a href=\"https:\/\/news.google.com\/rss\/articles\/CBMitgFBVV95cUxNQnJEaFNjOG53a0VkV0xEVUNYX2o2Mm8wUnlIYU1Hb0w2MjdfS1hLc1J4ODhscHl3ckhRUXplel8xTzRiMDQ0NDFjVUM2RjZmRzhTdTV3X2E2dTZqcDR4eHk1eWdkYTNOdWRGckc0cDZhRUFaVUxPWmd4dUVFMlhJN3VRSEZocUxXSzRIQUM5aTZyNHBhM0pUd3g2U3VZUlhzZ215a05rdTFyWl9pc2Qtd2lKSkEwUQ?oc=5\" target=\"_blank\" rel=\"nofollow noopener\">Piln\u012bb\u0101 blo\u0137\u0113ta satiksme uz Ventspils \u0161osejas starp Tukumu un P\u016bri; noticis negad\u012bjums<\/a>&nbsp;&nbsp;Apollo.lv<\/li>\n<li><a href=\"https:\/\/news.google.com\/rss\/articles\/CBMivgFBVV95cUxOc05VbWdWeW9kbHo5M0FOWkNDV0JYNDA5RUxlcVYwMUxvMWw1TGhPZmNaQ2dCS21hMk1MSGlobVpPekp4aXNfUUE3Y0VrOUM4YkpxVXQxTldxajdoWXBfa1ZxWnc4S25SVGNaaGxXOGF3MEMwLXJmTUtRQ2oxY2xUdEIwcDJaOXl3WnNMYksxci04TFlTM0R2U3JYVnJIWjR0OV8ya3R1dVI0WXJvTWFwTmtMSExrbVFxNjNmeEFn?oc=5\" target=\"_blank\" rel=\"nofollow noopener\">Av\u0101rijas d\u0113\u013c piln\u012bb\u0101 blo\u0137\u0113ta satiksme uz Ventspils \u0161osejas starp Tukumu un P\u016bri<\/a>&nbsp;&nbsp;Inbox.lv<\/li>\n<\/ol>\n","protected":false},"excerpt":{"rendered":"PAPILDIN\u0100TS: Satiksme atjaunota \u2013 uz Ventspils \u0161osejas noticis negad\u012bjums&nbsp;&nbsp;1188.lv Uz Ventspils \u0161osejas starp Tukumu un P\u016bri satiksme atjaunota&hellip;\n","protected":false},"author":2,"featured_media":72869,"comment_status":"","ping_status":"","sticky":false,"template":"","format":"standard","meta":{"footnotes":""},"categories":[12],"tags":[129,4274,1538,23,28,29,32,33,22,30,31,35,39,38,36,37,34,40,20,26,27,1539,4275,1540,4276,24,25,21],"class_list":{"0":"post-72868","1":"post","2":"type-post","3":"status-publish","4":"format-standard","5":"has-post-thumbnail","7":"category-latvija","8":"tag-__typenameadvicekeyword","9":"tag-id558","10":"tag-id652","11":"tag-aktualitates","12":"tag-breaking-news","13":"tag-breakingnews","14":"tag-featured-news","15":"tag-featurednews","16":"tag-headlines","17":"tag-latest-news","18":"tag-latestnews","19":"tag-latvia","20":"tag-latvian","21":"tag-latviesu","22":"tag-latviesu-valoda","23":"tag-latviesuvaloda","24":"tag-latvija","25":"tag-lv","26":"tag-news","27":"tag-popularakas-zinas","28":"tag-popularakaszinas","29":"tag-slugavarija","30":"tag-slugcelu-satiksme","31":"tag-titleavarija","32":"tag-titlecelu-satiksme","33":"tag-top-stories","34":"tag-topstories","35":"tag-zinas"},"share_on_mastodon":{"url":"https:\/\/pubeurope.com\/@lv\/115709568868905395","error":""},"_links":{"self":[{"href":"https:\/\/www.europesays.com\/lv\/wp-json\/wp\/v2\/posts\/72868","targetHints":{"allow":["GET"]}}],"collection":[{"href":"https:\/\/www.europesays.com\/lv\/wp-json\/wp\/v2\/posts"}],"about":[{"href":"https:\/\/www.europesays.com\/lv\/wp-json\/wp\/v2\/types\/post"}],"author":[{"embeddable":true,"href":"https:\/\/www.europesays.com\/lv\/wp-json\/wp\/v2\/users\/2"}],"replies":[{"embeddable":true,"href":"https:\/\/www.europesays.com\/lv\/wp-json\/wp\/v2\/comments?post=72868"}],"version-history":[{"count":0,"href":"https:\/\/www.europesays.com\/lv\/wp-json\/wp\/v2\/posts\/72868\/revisions"}],"wp:featuredmedia":[{"embeddable":true,"href":"https:\/\/www.europesays.com\/lv\/wp-json\/wp\/v2\/media\/72869"}],"wp:attachment":[{"href":"https:\/\/www.europesays.com\/lv\/wp-json\/wp\/v2\/media?parent=72868"}],"wp:term":[{"taxonomy":"category","embeddable":true,"href":"https:\/\/www.europesays.com\/lv\/wp-json\/wp\/v2\/categories?post=72868"},{"taxonomy":"post_tag","embeddable":true,"href":"https:\/\/www.europesays.com\/lv\/wp-json\/wp\/v2\/tags?post=72868"}],"curies":[{"name":"wp","href":"https:\/\/api.w.org\/{rel}","templated":true}]}}