{"id":72870,"date":"2025-12-13T01:09:10","date_gmt":"2025-12-13T01:09:10","guid":{"rendered":"https:\/\/www.europesays.com\/lv\/72870\/"},"modified":"2025-12-13T01:09:10","modified_gmt":"2025-12-13T01:09:10","slug":"latviju-parsalkusi-seru-vests-pec-cinas-ar-smagu-slimibu-muziba-devies-arturs-deksnis-kura-stastam-sekoja-tukstosi","status":"publish","type":"post","link":"https:\/\/www.europesays.com\/lv\/72870\/","title":{"rendered":"Latviju p\u0101r\u0161alkusi s\u0113ru v\u0113sts: p\u0113c c\u012b\u0146as ar smagu slim\u012bbu m\u016b\u017e\u012bb\u0101 devies Art\u016brs Deksnis, kura st\u0101stam sekoja t\u016bksto\u0161i"},"content":{"rendered":"<p>    <img decoding=\"async\" src=\"https:\/\/www.europesays.com\/lv\/wp-content\/uploads\/2025\/12\/artursdeksnis-1024x891.png\" alt=\"&#10;\"\/><\/p>\n<p>Foto: Ekr\u0101nuz\u0146\u0113mums no \u201cFacebook\u201d\/Art\u016brs Deksnis\n<\/p>\n<p>23:33, 12. decembris 2025<\/p>\n<p>\u0160odien Latviju p\u0101r\u0161alca skumju pilna zi\u0146a \u2013 tie\u0161i \u0161odien, 12. decembr\u012b, aizsaul\u0113 devies Art\u016brs Deksnis, kur\u0161 ar savu atkl\u0101t\u012bbu, patiesumu un lielu drosmi ar soci\u0101lo t\u012bklu starpniec\u012bbu \u013c\u0101va citiem iel\u016bkoties sav\u0101 smagaj\u0101 c\u012b\u0146\u0101 ar \u012bpa\u0161i agres\u012bvu v\u0113\u017ea formu.<\/p>\n<p>        Las\u012bt\u0101kie<br \/>\n        <a data-imagesrc=\"{&quot;300&quot;:&quot;https:\\\/\\\/lastatic.ams3.cdn.digitaloceanspaces.com\\\/2025\\\/09\\\/9807beb6-0cfd-46b1-ba1c-d6055ae6bbba-300x200.jpg&quot;,&quot;1024&quot;:&quot;https:\\\/\\\/lastatic.ams3.cdn.digitaloceanspaces.com\\\/2025\\\/09\\\/9807beb6-0cfd-46b1-ba1c-d6055ae6bbba-1024x683.jpg&quot;,&quot;1536&quot;:&quot;https:\\\/\\\/lastatic.ams3.cdn.digitaloceanspaces.com\\\/2025\\\/09\\\/9807beb6-0cfd-46b1-ba1c-d6055ae6bbba-1536x1024.jpg&quot;,&quot;500&quot;:&quot;https:\\\/\\\/lastatic.ams3.cdn.digitaloceanspaces.com\\\/2025\\\/09\\\/9807beb6-0cfd-46b1-ba1c-d6055ae6bbba-500x333.jpg&quot;,&quot;800&quot;:&quot;https:\\\/\\\/lastatic.ams3.cdn.digitaloceanspaces.com\\\/2025\\\/09\\\/9807beb6-0cfd-46b1-ba1c-d6055ae6bbba-800x533.jpg&quot;,&quot;1800&quot;:&quot;https:\\\/\\\/lastatic.ams3.cdn.digitaloceanspaces.com\\\/2025\\\/09\\\/9807beb6-0cfd-46b1-ba1c-d6055ae6bbba.jpg&quot;}\" data-focuspoint=\"&quot;&quot;\" data-p=\"2480320\" href=\"https:\/\/www.la.lv\/asv-daris-visu-lai-neviens-so-celu-nevaretu-bloket-nopludusi-informacija-par-miera-sarunu-punktu-kas-var-izmainit-eiropas-nakotni\" class=\"content-item lazy-load\" wp_automatic_readability=\"27.5\" rel=\"nofollow noopener\" target=\"_blank\"><\/p>\n<p>                                <img decoding=\"async\" src=\"\" alt=\"\" style=\"\" data-imageid=\"\"\/><\/p>\n<p>                                            \u201cASV dar\u012bs visu, lai neviens \u0161o ce\u013cu nevar\u0113tu blo\u0137\u0113t\u201d \u2013 nopl\u016bdusi inform\u0101cija par miera sarunu punktu, kas var izmain\u012bt Eiropas n\u0101kotni\n                            <\/p>\n<p><\/a><a data-imagesrc=\"{&quot;300&quot;:&quot;https:\\\/\\\/lastatic.ams3.cdn.digitaloceanspaces.com\\\/2025\\\/02\\\/171956d6-f892-49ca-93a6-bc355cbe0d0e-300x200.jpg&quot;,&quot;1024&quot;:&quot;https:\\\/\\\/lastatic.ams3.cdn.digitaloceanspaces.com\\\/2025\\\/02\\\/171956d6-f892-49ca-93a6-bc355cbe0d0e-1024x683.jpg&quot;,&quot;768&quot;:&quot;https:\\\/\\\/lastatic.ams3.cdn.digitaloceanspaces.com\\\/2025\\\/02\\\/171956d6-f892-49ca-93a6-bc355cbe0d0e-768x512.jpg&quot;,&quot;1536&quot;:&quot;https:\\\/\\\/lastatic.ams3.cdn.digitaloceanspaces.com\\\/2025\\\/02\\\/171956d6-f892-49ca-93a6-bc355cbe0d0e-1536x1024.jpg&quot;,&quot;200&quot;:&quot;https:\\\/\\\/lastatic.ams3.cdn.digitaloceanspaces.com\\\/2025\\\/02\\\/171956d6-f892-49ca-93a6-bc355cbe0d0e-200x133.jpg&quot;,&quot;400&quot;:&quot;https:\\\/\\\/lastatic.ams3.cdn.digitaloceanspaces.com\\\/2025\\\/02\\\/171956d6-f892-49ca-93a6-bc355cbe0d0e-400x267.jpg&quot;,&quot;500&quot;:&quot;https:\\\/\\\/lastatic.ams3.cdn.digitaloceanspaces.com\\\/2025\\\/02\\\/171956d6-f892-49ca-93a6-bc355cbe0d0e-500x333.jpg&quot;,&quot;800&quot;:&quot;https:\\\/\\\/lastatic.ams3.cdn.digitaloceanspaces.com\\\/2025\\\/02\\\/171956d6-f892-49ca-93a6-bc355cbe0d0e-800x533.jpg&quot;,&quot;1000&quot;:&quot;https:\\\/\\\/lastatic.ams3.cdn.digitaloceanspaces.com\\\/2025\\\/02\\\/171956d6-f892-49ca-93a6-bc355cbe0d0e-1000x667.jpg&quot;,&quot;1800&quot;:&quot;https:\\\/\\\/lastatic.ams3.cdn.digitaloceanspaces.com\\\/2025\\\/02\\\/171956d6-f892-49ca-93a6-bc355cbe0d0e.jpg&quot;}\" data-focuspoint=\"&quot;&quot;\" data-p=\"2480031\" href=\"https:\/\/www.la.lv\/vel-viens-parliecinoss-lavrova-pazinojums-par-asv-miera-planu-luk-svetais-septitnieks\" class=\"content-item lazy-load\" wp_automatic_readability=\"26.5\" rel=\"nofollow noopener\" target=\"_blank\"><\/p>\n<p>                                <img decoding=\"async\" src=\"\" alt=\"\" style=\"\" data-imageid=\"\"\/><\/p>\n<p>\n                                                V\u0113l viens p\u0101rliecino\u0161s Lavrova pazi\u0146ojums par ASV miera pl\u0101nu: l\u016bk \u201csv\u0113tais sept\u012btnieks\u201d\n                            <\/p>\n<p><\/a><a data-imagesrc=\"{&quot;300&quot;:&quot;https:\\\/\\\/lastatic.ams3.cdn.digitaloceanspaces.com\\\/2025\\\/12\\\/pexels-selin-hacikerimoglu-159057734-18099740-300x200.jpg&quot;,&quot;1024&quot;:&quot;https:\\\/\\\/lastatic.ams3.cdn.digitaloceanspaces.com\\\/2025\\\/12\\\/pexels-selin-hacikerimoglu-159057734-18099740-1024x683.jpg&quot;,&quot;1536&quot;:&quot;https:\\\/\\\/lastatic.ams3.cdn.digitaloceanspaces.com\\\/2025\\\/12\\\/pexels-selin-hacikerimoglu-159057734-18099740-1536x1024.jpg&quot;,&quot;500&quot;:&quot;https:\\\/\\\/lastatic.ams3.cdn.digitaloceanspaces.com\\\/2025\\\/12\\\/pexels-selin-hacikerimoglu-159057734-18099740-500x333.jpg&quot;,&quot;800&quot;:&quot;https:\\\/\\\/lastatic.ams3.cdn.digitaloceanspaces.com\\\/2025\\\/12\\\/pexels-selin-hacikerimoglu-159057734-18099740-800x533.jpg&quot;,&quot;2560&quot;:&quot;https:\\\/\\\/lastatic.ams3.cdn.digitaloceanspaces.com\\\/2025\\\/12\\\/pexels-selin-hacikerimoglu-159057734-18099740-scaled.jpg&quot;}\" data-focuspoint=\"&quot;&quot;\" data-p=\"2480267\" href=\"https:\/\/www.la.lv\/skaitli-nemelo-sajos-3-datumos-dzimusajiem-supuli-likts-kaut-kas-ko-citi-pat-iemacities-nevar\" class=\"content-item lazy-load\" wp_automatic_readability=\"27\" rel=\"nofollow noopener\" target=\"_blank\"><\/p>\n<p>                                <img decoding=\"async\" src=\"\" alt=\"\" style=\"\" data-imageid=\"\"\/><\/p>\n<p>                                Kokteilis<\/p>\n<p>\n                                                Skait\u013ci nemelo: \u0161ajos 3 datumos dzimu\u0161ajiem \u0161\u016bpul\u012b likts kaut kas, ko citi pat iem\u0101c\u012bties nevar\n                            <\/p>\n<p><\/a><br \/>\n        <a class=\"read-more\" href=\"https:\/\/www.la.lv\/top\" rel=\"nofollow noopener\" target=\"_blank\">Las\u012bt citas zi\u0146as<\/a><\/p>\n<p>Vi\u0146a tuvinieki soci\u0101lajos t\u012bklos pazi\u0146oju\u0161i, ka atvad\u012b\u0161an\u0101s no Art\u016bra notiks 14. decembr\u012b plkst. 13.00 Gulbenes veco kapu kapli\u010d\u0101.<\/p>\n<p>Pag\u0101ju\u0161\u0101 gada decembr\u012b Art\u016brs soci\u0101lajos t\u012bklos rakst\u012bja, ka br\u012bdis, kad tiek pazi\u0146ota ne\u0101rst\u0113jamas slim\u012bbas diagnoze, ir gr\u016bti aptverams un liek justies piln\u012bgi bezsp\u0113c\u012bgam. P\u0113c vi\u0146a v\u0101rdiem, taj\u0101 br\u012bd\u012b rodas saj\u016bta, ka visa pasaule ir pret tevi un ka esi palicis viens.<\/p>\n<p>    CITI \u0160OBR\u012aD LASA<\/p>\n<p>Art\u016brs nor\u0101d\u012bja, ka jau vair\u0101kus gadus c\u012bn\u0101s ar agres\u012bvu, \u013caundab\u012bgu sarkomu ceturtaj\u0101 stadij\u0101. Lai gan medic\u012bnas iesp\u0113jas bija izsmeltas, vi\u0146\u0161 uzsv\u0113ra, ka nezaud\u0113 gribu dz\u012bvot un turpina c\u012b\u0146u saviem sp\u0113kiem. Un to vi\u0146\u0161 lieliski par\u0101d\u012bja.<\/p>\n<p>Vienlaikus Art\u016brs rakst\u012bja par cer\u012bbu uz iesp\u0113jamu \u0101rst\u0113\u0161anu \u0101rvalst\u012bs. Vi\u0146\u0161 uzsv\u0113ra, ka ir gatavs dar\u012bt visu iesp\u0113jamo, lai paliktu kop\u0101 ar saviem diviem d\u0113liem.<\/p>\n<p>Izsak\u0101m visdzi\u013c\u0101ko l\u012bdzj\u016bt\u012bbu Art\u016bra \u0123imenei, draugiem un tuv\u0101kajiem!<\/p>\n<p>T\u0113mas<\/p>\n<p>    SAIST\u012aTIE RAKSTI<\/p>\n","protected":false},"excerpt":{"rendered":"Foto: Ekr\u0101nuz\u0146\u0113mums no \u201cFacebook\u201d\/Art\u016brs Deksnis 23:33, 12. decembris 2025 \u0160odien Latviju p\u0101r\u0161alca skumju pilna zi\u0146a \u2013 tie\u0161i \u0161odien,&hellip;\n","protected":false},"author":2,"featured_media":72871,"comment_status":"","ping_status":"","sticky":false,"template":"","format":"standard","meta":{"footnotes":""},"categories":[12],"tags":[23,28,29,32,33,22,30,31,35,39,38,36,37,34,40,20,26,27,24,25,21],"class_list":{"0":"post-72870","1":"post","2":"type-post","3":"status-publish","4":"format-standard","5":"has-post-thumbnail","7":"category-latvija","8":"tag-aktualitates","9":"tag-breaking-news","10":"tag-breakingnews","11":"tag-featured-news","12":"tag-featurednews","13":"tag-headlines","14":"tag-latest-news","15":"tag-latestnews","16":"tag-latvia","17":"tag-latvian","18":"tag-latviesu","19":"tag-latviesu-valoda","20":"tag-latviesuvaloda","21":"tag-latvija","22":"tag-lv","23":"tag-news","24":"tag-popularakas-zinas","25":"tag-popularakaszinas","26":"tag-top-stories","27":"tag-topstories","28":"tag-zinas"},"share_on_mastodon":{"url":"https:\/\/pubeurope.com\/@lv\/115709592748165658","error":""},"_links":{"self":[{"href":"https:\/\/www.europesays.com\/lv\/wp-json\/wp\/v2\/posts\/72870","targetHints":{"allow":["GET"]}}],"collection":[{"href":"https:\/\/www.europesays.com\/lv\/wp-json\/wp\/v2\/posts"}],"about":[{"href":"https:\/\/www.europesays.com\/lv\/wp-json\/wp\/v2\/types\/post"}],"author":[{"embeddable":true,"href":"https:\/\/www.europesays.com\/lv\/wp-json\/wp\/v2\/users\/2"}],"replies":[{"embeddable":true,"href":"https:\/\/www.europesays.com\/lv\/wp-json\/wp\/v2\/comments?post=72870"}],"version-history":[{"count":0,"href":"https:\/\/www.europesays.com\/lv\/wp-json\/wp\/v2\/posts\/72870\/revisions"}],"wp:featuredmedia":[{"embeddable":true,"href":"https:\/\/www.europesays.com\/lv\/wp-json\/wp\/v2\/media\/72871"}],"wp:attachment":[{"href":"https:\/\/www.europesays.com\/lv\/wp-json\/wp\/v2\/media?parent=72870"}],"wp:term":[{"taxonomy":"category","embeddable":true,"href":"https:\/\/www.europesays.com\/lv\/wp-json\/wp\/v2\/categories?post=72870"},{"taxonomy":"post_tag","embeddable":true,"href":"https:\/\/www.europesays.com\/lv\/wp-json\/wp\/v2\/tags?post=72870"}],"curies":[{"name":"wp","href":"https:\/\/api.w.org\/{rel}","templated":true}]}}