{"id":72876,"date":"2025-12-13T02:29:08","date_gmt":"2025-12-13T02:29:08","guid":{"rendered":"https:\/\/www.europesays.com\/lv\/72876\/"},"modified":"2025-12-13T02:29:08","modified_gmt":"2025-12-13T02:29:08","slug":"tresaja-advente-rigas-doma-skanes-ziemassvetku-koncerts-ziemassvetku-preludija-ar-inesi-galanti-un-spoziem-pianistiem-lente-lv","status":"publish","type":"post","link":"https:\/\/www.europesays.com\/lv\/72876\/","title":{"rendered":"Tre\u0161aj\u0101 Advent\u0113 R\u012bgas Dom\u0101 skan\u0113s Ziemassv\u0113tku koncerts \u201cZiemassv\u0113tku prel\u016bdija\u201d ar Inesi Galanti un spo\u017eiem pianistiem\u00a0\u2014\u00a0Lente.lv"},"content":{"rendered":"<p>K\u0101 inform\u0113 port\u0101ls jauns.lv, jau \u0161o sv\u0113tdien, 14. decembr\u012b, R\u012bgas Doma majest\u0101tiskaj\u0101 v\u0113sturiskaj\u0101 \u0113k\u0101 skan\u0113s sv\u0113tku gaid\u012b\u0161anas noska\u0146u piepild\u012bts klavieru koncerts \u201cZiemassv\u0113tku prel\u016bdija. Klavieres. Advente\u201d. Pas\u0101kums, kas k\u013cuvis par gaid\u012btu trad\u012bciju, sol\u0101s sniegt klaus\u012bt\u0101jiem neaizmirstamu muzik\u0101lu baud\u012bjumu un patiesus sv\u0113tku iespaidus.<\/p>\n<p>Muzik\u0101ls Ziemassv\u0113tku br\u012bnums R\u012bgas Dom\u0101<\/p>\n<p>\u0160ogad \u012bpa\u0161aj\u0101 koncert\u0101 uzst\u0101sies vair\u0101ki izcili latvie\u0161u pianisti, kuru talants un meistar\u012bba iepriek\u0161\u0113jos gados ir iepriecin\u0101jusi daudzus klaus\u012bt\u0101jus. Uz skatuves k\u0101ps Daumants Liepi\u0146\u0161, Andrejs Osokins un Aleksandrs Komka. Vi\u0146u sniegums sola atdz\u012bvin\u0101t jau iem\u012b\u013cotus muzik\u0101los \u0161edevrus jaun\u0101, aizraujo\u0161\u0101 skan\u0113jum\u0101. Programm\u0101 paredz\u0113ti ne tikai solo priek\u0161nesumi, bet ar\u012b klavieru dueti, trio un pat kvarteti, radot bag\u0101t\u012bgu un daudzveid\u012bgu muzik\u0101lu audumu. \u0160\u012b instrumentu harmonija sola rad\u012bt \u012bpa\u0161u, sv\u0113tku noska\u0146u, kas piepild\u012bs Doma bazn\u012bcas grezn\u0101s telpas. K\u0101 viens no pas\u0101kuma organizatoriem min\u0113ts Ineses Galantes fonds, kas jau vair\u0101kus gadus d\u0101v\u0101 klaus\u012bt\u0101jiem augstas kvalit\u0101tes muzik\u0101lus notikumus.<\/p>\n<p>\u012apa\u0161ie viesi un grezna programma<\/p>\n<p>Vakara muzik\u0101lo ce\u013cojumu ievad\u012bs Latvij\u0101 labi zin\u0101mais un atz\u012btais \u0113r\u0123elnieks un komponists Aivars Kal\u0113js. Vi\u0146a sniegums uz majest\u0101tisko Doma bazn\u012bcas \u0113r\u0123el\u0113m sp\u0113s apburt klaus\u012bt\u0101jus ar savu v\u0113rien\u012bgumu un rad\u012bt dzi\u013cu Ziemassv\u0113tku br\u012bnuma saj\u016btu. K\u0101 \u012bpa\u0161\u0101 vie\u0161\u0146a \u0161aj\u0101 koncert\u0101 uzst\u0101sies pasaulslavenais sopr\u0101ns Inese Galante. Vi\u0146as br\u012bni\u0161\u0137\u012bg\u0101 balss, samtainais tembrs un sp\u0113ja iznest uz skatuves dzi\u013cas emocijas ir iekarojusi klaus\u012bt\u0101ju sirdis vis\u0101 pasaul\u0113. Galantes repertu\u0101r\u0101 ir daudzas noz\u012bm\u012bgas lomas, ko vi\u0146a izpild\u012bjusi uz presti\u017e\u0101kaj\u0101m pasaules skatuv\u0113m. R\u012bgas Doma akustik\u0101 skan\u0113s slavenas \u0101rijas no oper\u0101m, piem\u0113ram, D\u017euzepes Verdi \u201cA\u012bda\u201d, Georga Fr\u012bdriha Hende\u013ca \u201cRinaldo\u201d, Fran\u010desko \u010cilea \u201cAdriana Lekuvr\u0113ra\u201d, k\u0101 ar\u012b citas meistardarbu interpret\u0101cijas, tostarp ar\u012b D\u017eulio Ka\u010d\u012bni dievi\u0161\u0137\u0101 \u201cAve Maria\u201d.<\/p>\n<p>Jaunais talants un kop\u0113j\u0101 atmosf\u0113ra<\/p>\n<p>\u012apa\u0161u spozmi koncertam pie\u0161\u0137irs ar\u012b jaunais, talant\u012bgais 11 gadus vecais pianists Gustavs Kal\u0113js. Vi\u0146a dal\u012bba sola pie\u0161\u0137irt vakaram svaigumu un par\u0101d\u012bt, ka talants nav saist\u012bts ar vecumu. Koncerts tiek pl\u0101nots k\u0101 viens no iespaid\u012bg\u0101kajiem Ziemassv\u0113tku laika notikumiem, apvienojot izcilu m\u0101kslinieku meistar\u012bbu, R\u012bgas Doma unik\u0101lo akustiku un neatk\u0101rtojamo atmosf\u0113ru. Tiek sol\u012bts, ka \u0161is vakars d\u0101vin\u0101s patiesus sv\u0113tkus, kas piepild\u012bti ar m\u016bziku, iedvesmu un gaismu, \u013caujot ikdienas steigu atst\u0101t aiz durv\u012bm un \u013cauties sv\u0113tku burv\u012bbai.<\/p>\n<p>Praktisk\u0101 inform\u0101cija<\/p>\n<p>Koncerts \u201cZiemassv\u0113tku prel\u016bdija. Klavieres. Advente\u201d notiks R\u012bgas Doma bazn\u012bc\u0101 sv\u0113tdien, 2025. gada 14. decembr\u012b, plkst. 19:00. Bi\u013cetes uz pas\u0101kumu ir pieejamas \u201cBi\u013ce\u0161u Parad\u012bze\u201d tirdzniec\u012bbas viet\u0101s.<\/p>\n","protected":false},"excerpt":{"rendered":"K\u0101 inform\u0113 port\u0101ls jauns.lv, jau \u0161o sv\u0113tdien, 14. decembr\u012b, R\u012bgas Doma majest\u0101tiskaj\u0101 v\u0113sturiskaj\u0101 \u0113k\u0101 skan\u0113s sv\u0113tku gaid\u012b\u0161anas noska\u0146u&hellip;\n","protected":false},"author":2,"featured_media":72877,"comment_status":"","ping_status":"","sticky":false,"template":"","format":"standard","meta":{"footnotes":""},"categories":[19],"tags":[16608,89,90,18529,35,39,38,36,37,34,40,6086,6414,18341],"class_list":{"0":"post-72876","1":"post","2":"type-post","3":"status-publish","4":"format-standard","5":"has-post-thumbnail","7":"category-izklaide","8":"tag-advente","9":"tag-entertainment","10":"tag-izklaide","11":"tag-klavieru-muzika","12":"tag-latvia","13":"tag-latvian","14":"tag-latviesu","15":"tag-latviesu-valoda","16":"tag-latviesuvaloda","17":"tag-latvija","18":"tag-lv","19":"tag-rigas-doms","20":"tag-ziemassvetku-koncerts","21":"tag-ziemassvetku-preludija"},"share_on_mastodon":{"url":"https:\/\/pubeurope.com\/@lv\/115709906997668911","error":""},"_links":{"self":[{"href":"https:\/\/www.europesays.com\/lv\/wp-json\/wp\/v2\/posts\/72876","targetHints":{"allow":["GET"]}}],"collection":[{"href":"https:\/\/www.europesays.com\/lv\/wp-json\/wp\/v2\/posts"}],"about":[{"href":"https:\/\/www.europesays.com\/lv\/wp-json\/wp\/v2\/types\/post"}],"author":[{"embeddable":true,"href":"https:\/\/www.europesays.com\/lv\/wp-json\/wp\/v2\/users\/2"}],"replies":[{"embeddable":true,"href":"https:\/\/www.europesays.com\/lv\/wp-json\/wp\/v2\/comments?post=72876"}],"version-history":[{"count":0,"href":"https:\/\/www.europesays.com\/lv\/wp-json\/wp\/v2\/posts\/72876\/revisions"}],"wp:featuredmedia":[{"embeddable":true,"href":"https:\/\/www.europesays.com\/lv\/wp-json\/wp\/v2\/media\/72877"}],"wp:attachment":[{"href":"https:\/\/www.europesays.com\/lv\/wp-json\/wp\/v2\/media?parent=72876"}],"wp:term":[{"taxonomy":"category","embeddable":true,"href":"https:\/\/www.europesays.com\/lv\/wp-json\/wp\/v2\/categories?post=72876"},{"taxonomy":"post_tag","embeddable":true,"href":"https:\/\/www.europesays.com\/lv\/wp-json\/wp\/v2\/tags?post=72876"}],"curies":[{"name":"wp","href":"https:\/\/api.w.org\/{rel}","templated":true}]}}