{"id":72880,"date":"2025-12-13T02:41:09","date_gmt":"2025-12-13T02:41:09","guid":{"rendered":"https:\/\/www.europesays.com\/lv\/72880\/"},"modified":"2025-12-13T02:41:09","modified_gmt":"2025-12-13T02:41:09","slug":"evija-mundeciema-un-janis-lusens-par-lausanos-istajam-cilvekam-dzive-un-muzika","status":"publish","type":"post","link":"https:\/\/www.europesays.com\/lv\/72880\/","title":{"rendered":"Evija Mundeciema un J\u0101nis L\u016bs\u0113ns par \u013cau\u0161anos \u012bstajam cilv\u0113kam dz\u012bv\u0113 un m\u016bzik\u0101"},"content":{"rendered":"<p>Komponista J\u0101\u0146a L\u016bs\u0113na jaun\u0101s Ziemassv\u0113tku koncertprogrammas \u201cBr\u012bdi pirms gaismi\u0146as\u201d pirmatska\u0146ojums, kur\u0101 piedal\u012bj\u0101s ar\u012b vi\u0146a dz\u012bvesbiedre, flautiste Evija Mundeciema, notika 8. decembr\u012b m\u016bzikas salon\u0101 \u201cOla\u201d \u0136\u012bpsal\u0101, bet no 18. l\u012bdz 28. decembrim m\u0101kslinieki iepriecin\u0101s klaus\u012bt\u0101jus Baltezera, Ik\u0161\u0137iles un Vec\u0101s Sv. \u0122ertr\u016bdes bazn\u012bc\u0101, Liep\u0101j\u0101, C\u0113s\u012bs un Iecav\u0101.<\/p>\n<p>Ce\u013c\u0161 l\u012bdz Ozolu skolai (Valkas nov.), kuru atjaunojis un tur Ska\u0146u lauku telpu iek\u0101rtojis komponists J\u0101nis L\u016bs\u0113ns, no galvaspils\u0113tas ilgst mazliet vair\u0101k nek\u0101 divas stundas. Simt se\u0161desmit kilometru \u2013 t\u0101 nav pasaules mala, bet nav ar\u012b tik tuvu R\u012bgai, jo vien piecu kilometru att\u0101lum\u0101 atrodas Igaunijas robe\u017ea.\u00a0<\/p>\n<p>Labu laiku pirms norun\u0101t\u0101s tik\u0161an\u0101s man piezvana J\u0101\u0146a dz\u012bvesbiedre Evija ar br\u012bdin\u0101jumu neklaus\u012bt navig\u0101cijai, bet no Vidzemes \u0161osejas nogriezties tikai krustojum\u0101 uz Aumeistariem.<\/p>\n","protected":false},"excerpt":{"rendered":"Komponista J\u0101\u0146a L\u016bs\u0113na jaun\u0101s Ziemassv\u0113tku koncertprogrammas \u201cBr\u012bdi pirms gaismi\u0146as\u201d pirmatska\u0146ojums, kur\u0101 piedal\u012bj\u0101s ar\u012b vi\u0146a dz\u012bvesbiedre, flautiste Evija Mundeciema,&hellip;\n","protected":false},"author":2,"featured_media":72881,"comment_status":"","ping_status":"","sticky":false,"template":"","format":"standard","meta":{"footnotes":""},"categories":[19],"tags":[89,90,35,39,38,36,37,34,40],"class_list":{"0":"post-72880","1":"post","2":"type-post","3":"status-publish","4":"format-standard","5":"has-post-thumbnail","7":"category-izklaide","8":"tag-entertainment","9":"tag-izklaide","10":"tag-latvia","11":"tag-latvian","12":"tag-latviesu","13":"tag-latviesu-valoda","14":"tag-latviesuvaloda","15":"tag-latvija","16":"tag-lv"},"share_on_mastodon":{"url":"https:\/\/pubeurope.com\/@lv\/115709954139201854","error":""},"_links":{"self":[{"href":"https:\/\/www.europesays.com\/lv\/wp-json\/wp\/v2\/posts\/72880","targetHints":{"allow":["GET"]}}],"collection":[{"href":"https:\/\/www.europesays.com\/lv\/wp-json\/wp\/v2\/posts"}],"about":[{"href":"https:\/\/www.europesays.com\/lv\/wp-json\/wp\/v2\/types\/post"}],"author":[{"embeddable":true,"href":"https:\/\/www.europesays.com\/lv\/wp-json\/wp\/v2\/users\/2"}],"replies":[{"embeddable":true,"href":"https:\/\/www.europesays.com\/lv\/wp-json\/wp\/v2\/comments?post=72880"}],"version-history":[{"count":0,"href":"https:\/\/www.europesays.com\/lv\/wp-json\/wp\/v2\/posts\/72880\/revisions"}],"wp:featuredmedia":[{"embeddable":true,"href":"https:\/\/www.europesays.com\/lv\/wp-json\/wp\/v2\/media\/72881"}],"wp:attachment":[{"href":"https:\/\/www.europesays.com\/lv\/wp-json\/wp\/v2\/media?parent=72880"}],"wp:term":[{"taxonomy":"category","embeddable":true,"href":"https:\/\/www.europesays.com\/lv\/wp-json\/wp\/v2\/categories?post=72880"},{"taxonomy":"post_tag","embeddable":true,"href":"https:\/\/www.europesays.com\/lv\/wp-json\/wp\/v2\/tags?post=72880"}],"curies":[{"name":"wp","href":"https:\/\/api.w.org\/{rel}","templated":true}]}}