{"id":72935,"date":"2025-12-13T05:23:15","date_gmt":"2025-12-13T05:23:15","guid":{"rendered":"https:\/\/www.europesays.com\/lv\/72935\/"},"modified":"2025-12-13T05:23:15","modified_gmt":"2025-12-13T05:23:15","slug":"izstade-ak-dievs-cik-skaisti-zied-helenas-heinrihsones-gleznotas-rozes-raksts","status":"publish","type":"post","link":"https:\/\/www.europesays.com\/lv\/72935\/","title":{"rendered":"Izst\u0101d\u0113 \u00abAk, Dievs, cik skaisti!\u00bb zied Hel\u0113nas Heinrihsones gleznot\u0101s rozes \/ Raksts"},"content":{"rendered":"<p>\n                        Vakar, 19:34                    <\/p>\n<p>\n                            Autori:<br \/>\n                            Alise Z\u0101l\u012bte (LTV \u017eurn\u0101liste)                        <\/p>\n<p>            Hel\u0113na Heinrihsone uzskat\u0101ma par vienu\u00a0no izcil\u0101kaj\u0101m latvie\u0161u gleznot\u0101j\u0101m. Galerij\u0101 &#8220;M\u0101ksla XO&#8221;\u00a0atkl\u0101ta vi\u0146as jaun\u0101k\u0101 izst\u0101de &#8220;Ak, Dievs, cik skaisti!&#8221;, kas iez\u012bm\u0113 jau asto\u0146padsmito m\u0101kslinieces sadarb\u012bbu ar galeriju. Hel\u0113na Heinrihsone 12.\u00a0decembr\u012b par noz\u012bm\u012bgu ieguld\u012bjumu Latvijas m\u0101kslas att\u012bst\u012bb\u0101 sa\u0146\u0113musi\u00a0<a href=\"https:\/\/www.lsm.lv\/raksts\/kultura\/kulturtelpa\/12.12.2025-pasniegti-ministru-kabineta-un-kulturas-ministrijas-atzinibas-raksti-izcilam-kulturas-personibam.a626200\/\" target=\"_blank\" rel=\"nofollow noopener\">Ministru kabineta Atzin\u012bbas rakstu<\/a>.<\/p>\n<p style=\"margin-left:0cm; margin-right:0cm\">Gleznot\u0101jas Hel\u0113nas Heinrihsones jaun\u0101kaj\u0101 darbu izst\u0101d\u0113 &#8220;Ak, Dievs, cik skaisti!&#8221; galerij\u0101 &#8220;M\u0101ksla XO&#8221; galven\u0101 loma ir roz\u0113m. Ta\u010du ziedu karaliene \u0161eit ir ne tikai skaistuma simbols, bet ar\u012b attiec\u012bbu, ironijas un br\u012bv\u012bbas metafora.\u00a0<\/p>\n<p style=\"margin-left:0cm; margin-right:0cm\">&#8220;Nosaukums ir t\u0101ds uz smiekl\u012bguma robe\u017eas,\u00a0<\/p>\n<blockquote>\n<p style=\"margin-left:0cm; margin-right:0cm\">bet es esmu t\u0101ds j\u016bsm\u012bgs cilv\u0113ks, es par visu j\u016bsmoju, man pat\u012bk tas un tas, un vienm\u0113r es iekliedzos:\u00a0&#8220;Ak, Dievs, cik skaisti!&#8221;\u00a0<\/p>\n<\/blockquote>\n<p style=\"margin-left:0cm; margin-right:0cm\">Es dom\u0101ju, pien\u0101cis laiks, lai t\u0101ds b\u016btu manas izst\u0101des nosaukums. (..) Mana iepriek\u0161\u0113j\u0101 izst\u0101de bija \u013coti t\u0101da smaga, man bija neandert\u0101lie\u0161i, m\u0113rka\u0137i, vis\u0101das dr\u0101mas, un \u0161oreiz man grib\u0113j\u0101s, lai t\u0101s dr\u0101mas p\u0101rce\u013cas uz ziediem, lai b\u016btu kaut kas skaists,&#8221; st\u0101sta m\u0101ksliniece.\u00a0<\/p>\n<p style=\"margin-left:0cm; margin-right:0cm\">Izst\u0101d\u0113 \u012bpa\u0161i izce\u013cas spilgt\u0101 kr\u0101su palete, kas rakstur\u012bga Hel\u0113nas Heinrihsones rokrakstam. Darbos domin\u0113 violets tonis un m\u0101kslinieces iecien\u012bt\u0101 kr\u0101sa \u2013 sarkan\u0101.<\/p>\n<p>            <img decoding=\"async\" src=\"https:\/\/www.europesays.com\/lv\/wp-content\/uploads\/2025\/12\/s8l9.jpg\" alt=\"Hel\u0113nas Heinrihsones darbs\"\/><\/p>\n<p>Hel\u0113nas Heinrihsones darbs<\/p>\n<p>Foto: No izst\u0101des<\/p>\n<\/p>\n<p style=\"margin-left:0cm; margin-right:0cm\">Galerijas &#8220;M\u0101ksla XO&#8221; vad\u012bt\u0101ja Ilze \u017deivate koment\u0113: &#8220;Latvij\u0101 ir \u013coti maz m\u0101kslinieku, kuri str\u0101d\u0101 ar tik spilgt\u0101m kr\u0101s\u0101m, jo m\u016bsu daba ir ton\u0101la, pel\u0113ki br\u016bnie, dzeltenie [to\u0146i], bet Hel\u0113nai vienm\u0113r ir bijusi svar\u012bga sarkan\u0101 kr\u0101sa un kr\u0101sain\u012bba visp\u0101r.\u00a0<\/p>\n<blockquote>\n<p style=\"margin-left:0cm; margin-right:0cm\">T\u0101 ka Latvijas m\u0101kslas v\u0113stur\u0113 [vi\u0146a ir] ierakst\u012bta k\u0101 spo\u017ea m\u0101ksliniece kr\u0101s\u0101s un ar\u012b izteiksm\u0113.&#8221;\u00a0<\/p>\n<\/blockquote>\n<p style=\"margin-left:0cm; margin-right:0cm\">Izst\u0101di apmekl\u0113ja un m\u0101kslinieci sveica ar\u012b vair\u0101ki kult\u016bras jomas p\u0101rst\u0101vji.\u00a0<\/p>\n<p style=\"margin-left:0cm; margin-right:0cm\">Viens no tiem bija aktieris Gerds Lapo\u0161ka: &#8220;Jau sen Hel\u0113na Heinrihsone un visp\u0101r Heinrihsoni man ir \u0161\u0137itu\u0161i \u013coti pievilc\u012bgi un stil\u012bgi. \u0160aj\u0101 gad\u012bjum\u0101 ar\u012b (ne tikai \u0161aj\u0101, bet v\u0113l jo vair\u0101k \u0161aj\u0101), es tie\u0161\u0101m j\u016btu uzskatu, ka Hel\u0113na ir \u2013 varb\u016bt tas pat\u0113tiski skan \u2013\u00a0\u00a0<\/p>\n<blockquote>\n<p style=\"margin-left:0cm; margin-right:0cm\">\u013coti skaisti un po\u0113tiski, un m\u016bsdien\u012bgi dom\u0101jo\u0161s cilv\u0113ks un m\u0101kslinieks. Vi\u0146a mani tie\u0161\u0101m iedvesmo.&#8221;\u00a0<\/p>\n<\/blockquote>\n<p style=\"margin-left:0cm; margin-right:0cm\">Skat\u012bt\u0101ju pulkam bija pievienojies ar\u012b kinore\u017eisors U\u0123is Olte: &#8220;Laikam ir t\u0101, ka gleznas vienm\u0113r j\u0101skat\u0101s kontekst\u0101, un, ja k\u0101dreiz Hel\u0113na gleznoja sievietes, tad vi\u0146a gleznoja prim\u0101tus, tagad ir laiks sievi\u0161\u0137\u012bg\u0101kaj\u0101m pasaules b\u016btn\u0113m \u2013 ziediem. (..) Man \u013coti pat\u012bk, ka Latvij\u0101 ir tik kr\u0101saina gleznot\u0101ja k\u0101 Hel\u0113na.&#8221;\u00a0<\/p>\n<p style=\"margin-left:0cm; margin-right:0cm\">Izst\u0101d\u0113 bija ieradusies ar\u012b kult\u016bras ministre (&#8220;Progres\u012bvie&#8221;) Agnese L\u0101ce: &#8220;Man \u013coti simpatiz\u0113 \u0161\u012bs ko\u0161\u0101s kr\u0101sas, ro\u017eu mot\u012bvs un vienm\u0113r drosm\u012bg\u0101, \u013coti skaidri identific\u0113jam\u0101 glezniec\u012bbas valoda, k\u0101du Hel\u0113na Heinrihsone ir paudusi Latvijas kult\u016bras telp\u0101.\u00a0<\/p>\n<blockquote>\n<p style=\"margin-left:0cm; margin-right:0cm\">Kad \u0101r\u0101 ir pel\u0113ks un lietains, \u0161is ir tas dz\u012bvesprieks un ko\u0161ums, kas mums ir visiem vajadz\u012bgs, t\u0101d\u0113\u013c varu visiem ieteikt apmekl\u0113t \u0161o izst\u0101di, lai varb\u016bt ieg\u016btu iedvesmu un dz\u012bvesprieku.&#8221;\u00a0<\/p>\n<\/blockquote>\n<p style=\"margin-left:0cm; margin-right:0cm\">Izst\u0101de b\u016bs apskat\u0101ma l\u012bdz n\u0101kam\u0101 gada 24. janv\u0101rim.<\/p>\n<p>                    Valodas k\u013c\u016bda rakst\u0101?<\/p>\n<p class=\"d-none d-md-block\">Iez\u012bm\u0113jiet tekstu un spiediet Ctrl+Enter, lai nos\u016bt\u012btu labojamo teksta fragmentu redaktoram! Par faktu k\u013c\u016bd\u0101m l\u016bdzam zi\u0146ot e-past\u0101 <a href=\"https:\/\/www.lsm.lv\/cdn-cgi\/l\/email-protection\" class=\"__cf_email__\" data-cfemail=\"71031415101a12181b10311d021c5f1d07\" rel=\"nofollow noopener\" target=\"_blank\">[email\u00a0protected]<\/a>.<\/p>\n<p class=\"d-md-none\">Iez\u012bm\u0113jiet tekstu un spiediet uz Zi\u0146ot par k\u013c\u016bdu pogas, lai nos\u016bt\u012btu labojamo teksta fragmentu redaktoram!<\/p>\n<p>\n                    Zi\u0146ot par k\u013c\u016bdu\n                <\/p>\n","protected":false},"excerpt":{"rendered":"Vakar, 19:34 Autori: Alise Z\u0101l\u012bte (LTV \u017eurn\u0101liste) Hel\u0113na Heinrihsone uzskat\u0101ma par vienu\u00a0no izcil\u0101kaj\u0101m latvie\u0161u gleznot\u0101j\u0101m. Galerij\u0101 &#8220;M\u0101ksla XO&#8221;\u00a0atkl\u0101ta&hellip;\n","protected":false},"author":2,"featured_media":72936,"comment_status":"","ping_status":"","sticky":false,"template":"","format":"standard","meta":{"footnotes":""},"categories":[19],"tags":[89,90,35,39,38,36,37,34,40],"class_list":{"0":"post-72935","1":"post","2":"type-post","3":"status-publish","4":"format-standard","5":"has-post-thumbnail","7":"category-izklaide","8":"tag-entertainment","9":"tag-izklaide","10":"tag-latvia","11":"tag-latvian","12":"tag-latviesu","13":"tag-latviesu-valoda","14":"tag-latviesuvaloda","15":"tag-latvija","16":"tag-lv"},"share_on_mastodon":{"url":"https:\/\/pubeurope.com\/@lv\/115710591430017879","error":""},"_links":{"self":[{"href":"https:\/\/www.europesays.com\/lv\/wp-json\/wp\/v2\/posts\/72935","targetHints":{"allow":["GET"]}}],"collection":[{"href":"https:\/\/www.europesays.com\/lv\/wp-json\/wp\/v2\/posts"}],"about":[{"href":"https:\/\/www.europesays.com\/lv\/wp-json\/wp\/v2\/types\/post"}],"author":[{"embeddable":true,"href":"https:\/\/www.europesays.com\/lv\/wp-json\/wp\/v2\/users\/2"}],"replies":[{"embeddable":true,"href":"https:\/\/www.europesays.com\/lv\/wp-json\/wp\/v2\/comments?post=72935"}],"version-history":[{"count":0,"href":"https:\/\/www.europesays.com\/lv\/wp-json\/wp\/v2\/posts\/72935\/revisions"}],"wp:featuredmedia":[{"embeddable":true,"href":"https:\/\/www.europesays.com\/lv\/wp-json\/wp\/v2\/media\/72936"}],"wp:attachment":[{"href":"https:\/\/www.europesays.com\/lv\/wp-json\/wp\/v2\/media?parent=72935"}],"wp:term":[{"taxonomy":"category","embeddable":true,"href":"https:\/\/www.europesays.com\/lv\/wp-json\/wp\/v2\/categories?post=72935"},{"taxonomy":"post_tag","embeddable":true,"href":"https:\/\/www.europesays.com\/lv\/wp-json\/wp\/v2\/tags?post=72935"}],"curies":[{"name":"wp","href":"https:\/\/api.w.org\/{rel}","templated":true}]}}