{"id":72937,"date":"2025-12-13T05:24:07","date_gmt":"2025-12-13T05:24:07","guid":{"rendered":"https:\/\/www.europesays.com\/lv\/72937\/"},"modified":"2025-12-13T05:24:07","modified_gmt":"2025-12-13T05:24:07","slug":"locmelis-iemet-pret-mateiko-un-klust-par-rezultativako-latvieti-ahl","status":"publish","type":"post","link":"https:\/\/www.europesays.com\/lv\/72937\/","title":{"rendered":"Lo\u010dmelis iemet pret Mateiko un k\u013c\u016bst par rezultat\u012bv\u0101ko latvieti AHL"},"content":{"rendered":"<p>                                    <img decoding=\"async\" src=\"https:\/\/www.europesays.com\/lv\/wp-content\/uploads\/2025\/12\/dans-locmelis-sportazinas-com-750x450.jpeg\"   alt=\"Dans Lo\u010dmelis\" class=\"post-featured-image\"\/><\/p>\n<p>Dans Lo\u010dmelis | Foto: Providensas &#8220;Bruins&#8221;<\/p>\n<p>Aizvad\u012btaj\u0101 nakt\u012b Amerikas hokeja l\u012bg\u0101 (<a href=\"https:\/\/theahl.com\/\" rel=\"nofollow noopener\" target=\"_blank\">AHL<\/a>) v\u0101rtus guva Latvijas uzbruc\u0113js <a href=\"https:\/\/www.sportazinas.com\/atsl%C4%93gv%C4%81rdi\/dans-locmelis\/\" rel=\"nofollow noopener\" target=\"_blank\">Dans Lo\u010dmelis<\/a>, kur\u0161 pal\u012bdz\u0113ja Providensas \u201cBruins\u201d komandai ar 4:1 izbraukum\u0101 p\u0101rsp\u0113t <a href=\"https:\/\/www.sportazinas.com\/atsl%C4%93gv%C4%81rdi\/eriks-mateiko\/\" rel=\"nofollow noopener\" target=\"_blank\">\u0112rika Mateiko <\/a>p\u0101rst\u0101v\u0113to H\u0113r\u0161ijas \u201cBears\u201d.<\/p>\n<p>Lo\u010dmelis izc\u0113l\u0101s 10. min\u016bt\u0113, tobr\u012bd pan\u0101kot 2:0 \u201cBruins\u201d lab\u0101. Ma\u010d\u0101 kopum\u0101 vi\u0146\u0161 (!) septi\u0146as reizes meta pa v\u0101rtiem un iekr\u0101ja pozit\u012bvu lietder\u012bbas koeficientu +1. Tikm\u0113r Mateiko izdar\u012bja vienu metienu un sp\u0113li nosl\u0113dza ar neitr\u0101lu +\/- r\u0101d\u012bt\u0101ju.<\/p>\n<blockquote class=\"twitter-tweet\" data-media-max-width=\"560\">\n<p lang=\"qme\" dir=\"ltr\">\ud83d\udc4f <a href=\"https:\/\/t.co\/llguxGgnCo\" rel=\"nofollow\">pic.twitter.com\/llguxGgnCo<\/a><\/p>\n<p>\u2014 Providence Bruins (@AHLBruins) <a href=\"https:\/\/twitter.com\/AHLBruins\/status\/1999640858010726891?ref_src=twsrc%5Etfw\" rel=\"nofollow noopener\" target=\"_blank\">December 13, 2025<\/a><\/p><\/blockquote>\n<p>21 gadu vecais Lo\u010dmelis \u0161osezon 24 ma\u010dos atz\u012bm\u0113jies ar 15 (8+7) rezultativit\u0101tes punktiem. P\u0113c aizvad\u012bt\u0101s nakts sp\u0113les vi\u0146\u0161 k\u013cuvis par ra\u017e\u012bg\u0101ko latvieti AHL \u0161osezon, apsteidzot 14 punktus sakr\u0101ju\u0161os Eduardu Tralmaku (12+2) un Sandi Vilmani (6+8).<\/p>\n<p>\u201cBruins\u201d ar 38 punktiem 24 sp\u0113l\u0113s ir Atlantijas div\u012bzijas l\u012bdere, kam\u0113r \u201cBears\u201d ar 25 punktiem ir piektaj\u0101 viet\u0101. Lo\u010dme\u013ca p\u0101rst\u0101v\u0113t\u0101 komanda ar\u012b ir lab\u0101k\u0101 Austrumu konferenc\u0113, bet vis\u0101 l\u012bg\u0101 pagaid\u0101m lab\u0101k sp\u0113l\u0113jusi tikai Tralmaka p\u0101rst\u0101v\u0113t\u0101 Grandrepidsas \u201cGriffins\u201d, kas 22 sp\u0113l\u0113s nopeln\u012bjusi 41 punktu.<\/p>\n<p>                    <script async src=\"https:\/\/platform.twitter.com\/widgets.js\" charset=\"utf-8\"><\/script><\/p>\n","protected":false},"excerpt":{"rendered":"Dans Lo\u010dmelis | Foto: Providensas &#8220;Bruins&#8221; Aizvad\u012btaj\u0101 nakt\u012b Amerikas hokeja l\u012bg\u0101 (AHL) v\u0101rtus guva Latvijas uzbruc\u0113js Dans Lo\u010dmelis,&hellip;\n","protected":false},"author":2,"featured_media":72938,"comment_status":"","ping_status":"","sticky":false,"template":"","format":"standard","meta":{"footnotes":""},"categories":[17],"tags":[35,39,38,36,37,34,40,67],"class_list":{"0":"post-72937","1":"post","2":"type-post","3":"status-publish","4":"format-standard","5":"has-post-thumbnail","7":"category-sports","8":"tag-latvia","9":"tag-latvian","10":"tag-latviesu","11":"tag-latviesu-valoda","12":"tag-latviesuvaloda","13":"tag-latvija","14":"tag-lv","15":"tag-sports"},"share_on_mastodon":{"url":"https:\/\/pubeurope.com\/@lv\/115710595209673748","error":""},"_links":{"self":[{"href":"https:\/\/www.europesays.com\/lv\/wp-json\/wp\/v2\/posts\/72937","targetHints":{"allow":["GET"]}}],"collection":[{"href":"https:\/\/www.europesays.com\/lv\/wp-json\/wp\/v2\/posts"}],"about":[{"href":"https:\/\/www.europesays.com\/lv\/wp-json\/wp\/v2\/types\/post"}],"author":[{"embeddable":true,"href":"https:\/\/www.europesays.com\/lv\/wp-json\/wp\/v2\/users\/2"}],"replies":[{"embeddable":true,"href":"https:\/\/www.europesays.com\/lv\/wp-json\/wp\/v2\/comments?post=72937"}],"version-history":[{"count":0,"href":"https:\/\/www.europesays.com\/lv\/wp-json\/wp\/v2\/posts\/72937\/revisions"}],"wp:featuredmedia":[{"embeddable":true,"href":"https:\/\/www.europesays.com\/lv\/wp-json\/wp\/v2\/media\/72938"}],"wp:attachment":[{"href":"https:\/\/www.europesays.com\/lv\/wp-json\/wp\/v2\/media?parent=72937"}],"wp:term":[{"taxonomy":"category","embeddable":true,"href":"https:\/\/www.europesays.com\/lv\/wp-json\/wp\/v2\/categories?post=72937"},{"taxonomy":"post_tag","embeddable":true,"href":"https:\/\/www.europesays.com\/lv\/wp-json\/wp\/v2\/tags?post=72937"}],"curies":[{"name":"wp","href":"https:\/\/api.w.org\/{rel}","templated":true}]}}