{"id":72949,"date":"2025-12-13T05:38:12","date_gmt":"2025-12-13T05:38:12","guid":{"rendered":"https:\/\/www.europesays.com\/lv\/72949\/"},"modified":"2025-12-13T05:38:12","modified_gmt":"2025-12-13T05:38:12","slug":"mercs-pirmdien-tiksies-ar-zelenski-tvnet","status":"publish","type":"post","link":"https:\/\/www.europesays.com\/lv\/72949\/","title":{"rendered":"Mercs pirmdien tiksies ar Zelenski &#8211; TVNET"},"content":{"rendered":"<ol>\n<li><a href=\"https:\/\/news.google.com\/rss\/articles\/CBMicEFVX3lxTFBleFJzYWgzOEF6cDFTSG9pakQ4bnZhemZsNkU3NGlJblQwUFVaWUE5dkpuTXhjU2czOFJyMmNDMnFlbkRPUzB4OEd4UmZsbzNzQ2FiczdxUXhfSllQckF2QV8wV1VWRjAwQ2d4MzlkNjc?oc=5\" target=\"_blank\" rel=\"nofollow noopener\">Mercs pirmdien tiksies ar Zelenski<\/a>&nbsp;&nbsp;TVNET<\/li>\n<li><a href=\"https:\/\/news.google.com\/rss\/articles\/CBMimAFBVV95cUxNbVlJWFdUaXNzem1PRzNGalprRWFLdHdEQU1FTW5YNzVnTTJPSVY4ZHNWdVd2ajlZX2Z5VnZ5UGFJN01mdDVlOWJub2FsUTNnczdBRm1sWTY1UWsxSTlKZUNKZ2lsXzM4Q3BQV1hhQkNlYnNTWWVMSkFNWjZPZnZiSnpWZG4wR0RqRXlmQU1CZ2JvMGhYVDBlVA?oc=5\" target=\"_blank\" rel=\"nofollow noopener\">Tramps uzaicin\u0101ts apmekl\u0113t Eiropu \/ Raksts<\/a>&nbsp;&nbsp;LSM<\/li>\n<li><a href=\"https:\/\/news.google.com\/rss\/articles\/CBMirAFBVV95cUxNcFhSZ0M1dy1qdGo0SXhfZXhpVjI1bmd0Q2tIOHhmUHJXLXA3T1k0NF95T1BHLV9wY3ZNcE93cmkxcTlEaTY4bE5sNnJCY3RYZDIzS2Vqc2dvNDBPYTdNaG9aQ0ZPaFRteWFNbER6UTRxUGdlVWx2SDdzNVR0UmxYRVphV1hjSFlpOXpEWllTOHlTS0h2SEVaVW1uSDRTR2x0MlJFU3Jid0d0UXJB?oc=5\" target=\"_blank\" rel=\"nofollow noopener\">Mercs atkl\u0101j, ka Trampam nos\u016bt\u012bts Ukrainas teritori\u0101l\u0101s koncesijas priek\u0161likums<\/a>&nbsp;&nbsp;Apollo.lv<\/li>\n<li><a href=\"https:\/\/news.google.com\/rss\/articles\/CBMiiwFBVV95cUxOMFozX1RfLUVWc1VPVDdTR1NxcW5oNHJzcFkxTklkNHYwUDNWazQyZjM3SFRYVkE5YkRTM0UtWXp1RFpTeFl1MkVIeGJfM1FMYWc4QzNZMVhaMVVQdEs5LTRET0FSMndTVlRCcVQxdnJnNUFvY21MT2NVelpnUWVjajdYWVV5M2NZWVhn?oc=5\" target=\"_blank\" rel=\"nofollow noopener\">Eiropas l\u012bderi sazvan\u0101s ar Trampu<\/a>&nbsp;&nbsp;NRA<\/li>\n<li><a href=\"https:\/\/news.google.com\/rss\/articles\/CBMi6gFBVV95cUxORnA0MUt1a24zLXNvOGdHbHRsYl90dzQ2UEJyaHloS19xUThWN1hWZk14Zk10SW9zcEtZQUNxQS1wQlBBTEwwWEUyZkZRNTlna1RCUFUtOWNTUThzcEdkN3RyczRfZHJTTFRVZVdaV0dCSTJrYVFRaFFCemJDYXhWbVh6SEFtc3FWVEJ5X1JTS3M5S19ZbGpkaUd2WWRKelZFby0tWWNyN1lzdGVWdV9WemhSbmcweWRPWDB1azVmeWZ6U2JaQk1CTkYzZVIwUHgtTUt4Y1h6a0E1RUFKd0g1b0hGOVFyanFSS2c?oc=5\" target=\"_blank\" rel=\"nofollow noopener\">Diplom\u0101ts ka\u0137is Lerijs satiekas ar Zelenski; kl\u0101t ir ar\u012b Lielbrit\u0101nijas premjerministrs K\u012brs St\u0101rmers<\/a>&nbsp;&nbsp;Delfi<\/li>\n<\/ol>\n","protected":false},"excerpt":{"rendered":"Mercs pirmdien tiksies ar Zelenski&nbsp;&nbsp;TVNET Tramps uzaicin\u0101ts apmekl\u0113t Eiropu \/ Raksts&nbsp;&nbsp;LSM Mercs atkl\u0101j, ka Trampam nos\u016bt\u012bts Ukrainas teritori\u0101l\u0101s&hellip;\n","protected":false},"author":2,"featured_media":72950,"comment_status":"","ping_status":"","sticky":false,"template":"","format":"standard","meta":{"footnotes":""},"categories":[14],"tags":[23,57,28,29,32,33,5154,22,30,31,35,39,38,36,37,34,40,20,26,27,24,25,178,54,55,56,21,58],"class_list":{"0":"post-72949","1":"post","2":"type-post","3":"status-publish","4":"format-standard","5":"has-post-thumbnail","7":"category-zinas-no-arvalstim","8":"tag-aktualitates","9":"tag-arvalstim","10":"tag-breaking-news","11":"tag-breakingnews","12":"tag-featured-news","13":"tag-featurednews","14":"tag-fridrihs-mercs","15":"tag-headlines","16":"tag-latest-news","17":"tag-latestnews","18":"tag-latvia","19":"tag-latvian","20":"tag-latviesu","21":"tag-latviesu-valoda","22":"tag-latviesuvaloda","23":"tag-latvija","24":"tag-lv","25":"tag-news","26":"tag-popularakas-zinas","27":"tag-popularakaszinas","28":"tag-top-stories","29":"tag-topstories","30":"tag-volodimirs-zelenskis","31":"tag-world","32":"tag-world-news","33":"tag-worldnews","34":"tag-zinas","35":"tag-zinas-no-arvalstim"},"share_on_mastodon":{"url":"https:\/\/pubeurope.com\/@lv\/115710650095876742","error":""},"_links":{"self":[{"href":"https:\/\/www.europesays.com\/lv\/wp-json\/wp\/v2\/posts\/72949","targetHints":{"allow":["GET"]}}],"collection":[{"href":"https:\/\/www.europesays.com\/lv\/wp-json\/wp\/v2\/posts"}],"about":[{"href":"https:\/\/www.europesays.com\/lv\/wp-json\/wp\/v2\/types\/post"}],"author":[{"embeddable":true,"href":"https:\/\/www.europesays.com\/lv\/wp-json\/wp\/v2\/users\/2"}],"replies":[{"embeddable":true,"href":"https:\/\/www.europesays.com\/lv\/wp-json\/wp\/v2\/comments?post=72949"}],"version-history":[{"count":0,"href":"https:\/\/www.europesays.com\/lv\/wp-json\/wp\/v2\/posts\/72949\/revisions"}],"wp:featuredmedia":[{"embeddable":true,"href":"https:\/\/www.europesays.com\/lv\/wp-json\/wp\/v2\/media\/72950"}],"wp:attachment":[{"href":"https:\/\/www.europesays.com\/lv\/wp-json\/wp\/v2\/media?parent=72949"}],"wp:term":[{"taxonomy":"category","embeddable":true,"href":"https:\/\/www.europesays.com\/lv\/wp-json\/wp\/v2\/categories?post=72949"},{"taxonomy":"post_tag","embeddable":true,"href":"https:\/\/www.europesays.com\/lv\/wp-json\/wp\/v2\/tags?post=72949"}],"curies":[{"name":"wp","href":"https:\/\/api.w.org\/{rel}","templated":true}]}}