{"id":72951,"date":"2025-12-13T05:45:30","date_gmt":"2025-12-13T05:45:30","guid":{"rendered":"https:\/\/www.europesays.com\/lv\/72951\/"},"modified":"2025-12-13T05:45:30","modified_gmt":"2025-12-13T05:45:30","slug":"kremlis-pielauj-ka-donbasa-varetu-netikt-izvietoti-militarie-speki-tvnet","status":"publish","type":"post","link":"https:\/\/www.europesays.com\/lv\/72951\/","title":{"rendered":"Kremlis pie\u013cauj, ka Donbas\u0101 var\u0113tu netikt izvietoti milit\u0101rie sp\u0113ki &#8211; TVNET"},"content":{"rendered":"<ol>\n<li><a href=\"https:\/\/news.google.com\/rss\/articles\/CBMimwFBVV95cUxPSl95djVSTUVicUJWNGtuZV9BT1pFbzNnZUc2bk1yWTR4Wld1SkR0bFEyU0ZTR0lIbGpreUIzbmRUWURyb0kxcXRubHc2VmVxdFVMYmFpVkxSVmVTVnVQb1Q0SjYtcW5pZW5uWXhjU2FDa3B5LTF2TUJfWTlpU1UzZG8yLVhMM0dlVUN2LXl4c3BFUXBpV0VRSXN2NA?oc=5\" target=\"_blank\" rel=\"nofollow noopener\">Kremlis pie\u013cauj, ka Donbas\u0101 var\u0113tu netikt izvietoti milit\u0101rie sp\u0113ki<\/a>&nbsp;&nbsp;TVNET<\/li>\n<li><a href=\"https:\/\/news.google.com\/rss\/articles\/CBMiswFBVV95cUxNQzJCZ2J6OGJkcFFfQ2dINk9YT2R1SmxNUjE1eXM5VHpPYnNObGx5Yk1PaEZiZHZvNExGU2ptS19KWU5RSF91eERTT2NNQzJHazN3RTFEdU02QjBzdlBaTUo0M1M4aHhxdkNFeE92cnpZbHNzVzlnZndFRXd5alYyQVdCazRhR0R5aVdmTXJUT3RYdExCMWNxWExIdWhPVTRZQWZlYmpwYU8zUEFETGVyREN3NA?oc=5\" target=\"_blank\" rel=\"nofollow noopener\">Krievija: Karu Ukrain\u0101 var izbeigt tikai nododot kontroli p\u0101r Donbasu Maskavas rok\u0101s<\/a>&nbsp;&nbsp;Apollo.lv<\/li>\n<li><a href=\"https:\/\/news.google.com\/rss\/articles\/CBMizAFBVV95cUxNdmstaDRsYkFDalViNDlqWFZlWEFzSFJCYmg5WmFCdFh4T3AxUjRLZEdRTEZILVVCLWVIa3ZnY1pSZTlUSVZiZ2phSUVSVFN2dlpDTUR6YlF5a3djR1lEN2JVNFZSNjc2OXE4OV9xSE5vUWdrLThpOV9XOUtRWVBDRmhQaVQ2eXl2RWtMbER0V0pZM0tMc1llZXlxcVlWbHZmd09kbmNTX3MtUkJsN256YmtLaktmT2c4cUt0eExKVkY1QnFjRmJQeXFzaHY?oc=5\" target=\"_blank\" rel=\"nofollow noopener\">Putina pal\u012bgs U\u0161akovs: Donbas\u0101 b\u016bs m\u016bsu sp\u0113ki, visa teritorija agri vai v\u0113lu pieder\u0113s Krievijai<\/a>&nbsp;&nbsp;Jauns.lv<\/li>\n<li><a href=\"https:\/\/news.google.com\/rss\/articles\/CBMiogFBVV95cUxQaGt0SFRfdFduSWQtWjBRM0pxV3Z2NkNUZlBtdEp3NzhjOW1fWFJJbFViSTFab2k5X252NDcyWDVMaHE1VHdmbHJmMl8xQ0owT0wzbzVkbHdUdE12YnRVcEIwOWhVU0JZclFTZVA3WjVqUHpSWkc3MWtya19ZNmltRjhwY2Y3Z090NllHQ0JXa1I2UF95NG1DcFd2eEJfWVFZTlE?oc=5\" target=\"_blank\" rel=\"nofollow noopener\">\u017durn\u0101liste \u0161ok\u0113 Putinu ar jaut\u0101jumu par Ukrainu; vi\u0146am tr\u016bkst v\u0101rdu<\/a>&nbsp;&nbsp;NRA<\/li>\n<li><a href=\"https:\/\/news.google.com\/rss\/articles\/CBMilAFBVV95cUxQVXd4TG9mRFZRVTdCMWI2SVVxdUNMdi01ckNiM3o2NlhwSGFVVUktYUlxaGxteVl1dlA5QklWQlIxYUJyWnRpeDd0Slp2Y2VZRko4aXd1RHd6cnBUakRtNEdWNzBWOGxORWl2X3FKa3pxWUF4cm1zQWprZ25KREZTNnh5UmQwMU5OMC14OS12eTk0V3dD?oc=5\" target=\"_blank\" rel=\"nofollow noopener\">Putins dosies viz\u012bt\u0113 uz Indiju \/ Raksts<\/a>&nbsp;&nbsp;LSM<\/li>\n<\/ol>\n","protected":false},"excerpt":{"rendered":"Kremlis pie\u013cauj, ka Donbas\u0101 var\u0113tu netikt izvietoti milit\u0101rie sp\u0113ki&nbsp;&nbsp;TVNET Krievija: Karu Ukrain\u0101 var izbeigt tikai nododot kontroli p\u0101r&hellip;\n","protected":false},"author":2,"featured_media":72952,"comment_status":"","ping_status":"","sticky":false,"template":"","format":"standard","meta":{"footnotes":""},"categories":[14],"tags":[23,57,28,29,32,33,22,11056,74,30,31,35,39,38,36,37,34,40,20,26,27,24,25,54,55,56,21,58],"class_list":{"0":"post-72951","1":"post","2":"type-post","3":"status-publish","4":"format-standard","5":"has-post-thumbnail","7":"category-zinas-no-arvalstim","8":"tag-aktualitates","9":"tag-arvalstim","10":"tag-breaking-news","11":"tag-breakingnews","12":"tag-featured-news","13":"tag-featurednews","14":"tag-headlines","15":"tag-kremlis","16":"tag-krievijas-iebrukums-ukraina","17":"tag-latest-news","18":"tag-latestnews","19":"tag-latvia","20":"tag-latvian","21":"tag-latviesu","22":"tag-latviesu-valoda","23":"tag-latviesuvaloda","24":"tag-latvija","25":"tag-lv","26":"tag-news","27":"tag-popularakas-zinas","28":"tag-popularakaszinas","29":"tag-top-stories","30":"tag-topstories","31":"tag-world","32":"tag-world-news","33":"tag-worldnews","34":"tag-zinas","35":"tag-zinas-no-arvalstim"},"share_on_mastodon":{"url":"https:\/\/pubeurope.com\/@lv\/115710677698789339","error":""},"_links":{"self":[{"href":"https:\/\/www.europesays.com\/lv\/wp-json\/wp\/v2\/posts\/72951","targetHints":{"allow":["GET"]}}],"collection":[{"href":"https:\/\/www.europesays.com\/lv\/wp-json\/wp\/v2\/posts"}],"about":[{"href":"https:\/\/www.europesays.com\/lv\/wp-json\/wp\/v2\/types\/post"}],"author":[{"embeddable":true,"href":"https:\/\/www.europesays.com\/lv\/wp-json\/wp\/v2\/users\/2"}],"replies":[{"embeddable":true,"href":"https:\/\/www.europesays.com\/lv\/wp-json\/wp\/v2\/comments?post=72951"}],"version-history":[{"count":0,"href":"https:\/\/www.europesays.com\/lv\/wp-json\/wp\/v2\/posts\/72951\/revisions"}],"wp:featuredmedia":[{"embeddable":true,"href":"https:\/\/www.europesays.com\/lv\/wp-json\/wp\/v2\/media\/72952"}],"wp:attachment":[{"href":"https:\/\/www.europesays.com\/lv\/wp-json\/wp\/v2\/media?parent=72951"}],"wp:term":[{"taxonomy":"category","embeddable":true,"href":"https:\/\/www.europesays.com\/lv\/wp-json\/wp\/v2\/categories?post=72951"},{"taxonomy":"post_tag","embeddable":true,"href":"https:\/\/www.europesays.com\/lv\/wp-json\/wp\/v2\/tags?post=72951"}],"curies":[{"name":"wp","href":"https:\/\/api.w.org\/{rel}","templated":true}]}}