{"id":72962,"date":"2025-12-13T06:40:09","date_gmt":"2025-12-13T06:40:09","guid":{"rendered":"https:\/\/www.europesays.com\/lv\/72962\/"},"modified":"2025-12-13T06:40:09","modified_gmt":"2025-12-13T06:40:09","slug":"neilgi-pec-trampa-pazinojuma-par-mieru-taizeme-turpina-bombardet-kambodzu","status":"publish","type":"post","link":"https:\/\/www.europesays.com\/lv\/72962\/","title":{"rendered":"Neilgi p\u0113c Trampa pazi\u0146ojuma par mieru Taizeme turpina bombard\u0113t Kambod\u017eu"},"content":{"rendered":"<p>Jaun\u0101s bru\u0146ot\u0101s sadursmes starp Kambod\u017eu un Taizemi, kuru pamat\u0101 ir domstarp\u012bbas par 800 kilometru gar\u0101s robe\u017eas demark\u0101ciju, ir novedu\u0161as pie aptuveni pusmiljona iedz\u012bvot\u0101ju evaku\u0101cijas ab\u0101s robe\u017eas pus\u0113s. Abas puses vaino viena otru konflikta uzkurin\u0101\u0161an\u0101.<\/p>\n<p>&#8220;2025. gada 13. decembr\u012b Taizemes armija izmantoja divus reakt\u012bvos izn\u012bcin\u0101t\u0101jus F-16, lai nomestu septi\u0146as bumbas&#8221; uz vair\u0101kiem m\u0113r\u0137iem, platform\u0101 &#8220;X&#8221; pazi\u0146oja Kambod\u017eas Aizsardz\u012bbas ministrija.<\/p>\n<p>&#8220;Taizemes kara lidma\u0161\u012bnas v\u0113l nav p\u0101rtrauku\u0161as bombard\u0113\u0161anu,&#8221; piebilda ministrija.<\/p>\n<p>ASV prezidents <a href=\"https:\/\/www.tvnet.lv\/term\/555636\/donalds-tramps\" class=\"topicLink\" target=\"_blank\" rel=\"nofollow noopener\">Donalds Tramps<\/a> piektdien pazi\u0146oja, ka <a href=\"https:\/\/www.tvnet.lv\/term\/555493\/taizeme\" class=\"topicLink\" target=\"_blank\" rel=\"nofollow noopener\">Taizeme<\/a> un <a href=\"https:\/\/www.tvnet.lv\/term\/2700\/kambodza\" class=\"topicLink\" target=\"_blank\" rel=\"nofollow noopener\">Kambod\u017ea<\/a> ir vienoju\u0161\u0101s p\u0101rtraukt kaujas uz robe\u017eas, kur\u0101s \u0161oned\u0113\u013c nogalin\u0101ti vismaz 20 cilv\u0113ki.<\/p>\n<p>&#8220;Man \u0161or\u012bt bija \u013coti laba saruna ar Taizemes premjerministru Anutinu \u010camvirakulu un Kambod\u017eas premjeru Hunu Manetu par vi\u0146u ilgsto\u0161\u0101 kara nelaim\u012bgo atjauno\u0161anos,&#8221; Tramps pazi\u0146oja sav\u0101 soci\u0101lo mediju platform\u0101 &#8220;Truth Social&#8221;.<\/p>\n<p>&#8220;Vi\u0146i ir vienoju\u0161ies \u0161ovakar p\u0101rtraukt jebk\u0101du ap\u0161audi un atgriezties pie s\u0101kotn\u0113j\u0101 miera l\u012bguma,&#8221; sac\u012bja Tramps, pieminot j\u016blij\u0101 pan\u0101ktu vieno\u0161anos starp ab\u0101m valst\u012bm, kas tika pan\u0101kta ar Trampa un Malaizijas premjerministra Anvara Ibrahima starpniec\u012bbu.<\/p>\n","protected":false},"excerpt":{"rendered":"Jaun\u0101s bru\u0146ot\u0101s sadursmes starp Kambod\u017eu un Taizemi, kuru pamat\u0101 ir domstarp\u012bbas par 800 kilometru gar\u0101s robe\u017eas demark\u0101ciju, ir&hellip;\n","protected":false},"author":2,"featured_media":72963,"comment_status":"","ping_status":"","sticky":false,"template":"","format":"standard","meta":{"footnotes":""},"categories":[14],"tags":[23,57,28,29,542,32,33,22,9602,30,31,35,39,38,36,37,34,40,20,26,27,6649,24,25,54,55,56,21,58],"class_list":{"0":"post-72962","1":"post","2":"type-post","3":"status-publish","4":"format-standard","5":"has-post-thumbnail","7":"category-zinas-no-arvalstim","8":"tag-aktualitates","9":"tag-arvalstim","10":"tag-breaking-news","11":"tag-breakingnews","12":"tag-donalds-tramps","13":"tag-featured-news","14":"tag-featurednews","15":"tag-headlines","16":"tag-kambodza","17":"tag-latest-news","18":"tag-latestnews","19":"tag-latvia","20":"tag-latvian","21":"tag-latviesu","22":"tag-latviesu-valoda","23":"tag-latviesuvaloda","24":"tag-latvija","25":"tag-lv","26":"tag-news","27":"tag-popularakas-zinas","28":"tag-popularakaszinas","29":"tag-taizeme","30":"tag-top-stories","31":"tag-topstories","32":"tag-world","33":"tag-world-news","34":"tag-worldnews","35":"tag-zinas","36":"tag-zinas-no-arvalstim"},"share_on_mastodon":{"url":"https:\/\/pubeurope.com\/@lv\/115710893962029882","error":""},"_links":{"self":[{"href":"https:\/\/www.europesays.com\/lv\/wp-json\/wp\/v2\/posts\/72962","targetHints":{"allow":["GET"]}}],"collection":[{"href":"https:\/\/www.europesays.com\/lv\/wp-json\/wp\/v2\/posts"}],"about":[{"href":"https:\/\/www.europesays.com\/lv\/wp-json\/wp\/v2\/types\/post"}],"author":[{"embeddable":true,"href":"https:\/\/www.europesays.com\/lv\/wp-json\/wp\/v2\/users\/2"}],"replies":[{"embeddable":true,"href":"https:\/\/www.europesays.com\/lv\/wp-json\/wp\/v2\/comments?post=72962"}],"version-history":[{"count":0,"href":"https:\/\/www.europesays.com\/lv\/wp-json\/wp\/v2\/posts\/72962\/revisions"}],"wp:featuredmedia":[{"embeddable":true,"href":"https:\/\/www.europesays.com\/lv\/wp-json\/wp\/v2\/media\/72963"}],"wp:attachment":[{"href":"https:\/\/www.europesays.com\/lv\/wp-json\/wp\/v2\/media?parent=72962"}],"wp:term":[{"taxonomy":"category","embeddable":true,"href":"https:\/\/www.europesays.com\/lv\/wp-json\/wp\/v2\/categories?post=72962"},{"taxonomy":"post_tag","embeddable":true,"href":"https:\/\/www.europesays.com\/lv\/wp-json\/wp\/v2\/tags?post=72962"}],"curies":[{"name":"wp","href":"https:\/\/api.w.org\/{rel}","templated":true}]}}