{"id":72996,"date":"2025-12-13T07:24:10","date_gmt":"2025-12-13T07:24:10","guid":{"rendered":"https:\/\/www.europesays.com\/lv\/72996\/"},"modified":"2025-12-13T07:24:10","modified_gmt":"2025-12-13T07:24:10","slug":"riska-grupu-gripas-pacientu-skaits-pieaug","status":"publish","type":"post","link":"https:\/\/www.europesays.com\/lv\/72996\/","title":{"rendered":"Riska grupu gripas pacientu skaits pieaug"},"content":{"rendered":"<p>Lai gan \u012bpa\u0161i pieaudzis iedz\u012bvot\u0101ju skaits senioru vecum\u0101, ar\u012b b\u0113rniem, kas ir riska grup\u0101s hronisku slim\u012bbu d\u0113\u013c, BKUS \u0122imenes vakcin\u0101cijas centr\u0101 \u0161obr\u012bd vairs netiek veikts pieraksts uz valsts apmaks\u0101tu vakcin\u0101ciju pret gripu, jo vakc\u012bnu pietiek tikai jau pierakst\u012btajiem pacientiem, inform\u0113ja IVP vad\u012bt\u0101ja.<\/p>\n<p>Speci\u0101liste skaidro, ka vair\u0101kus gadus gan IVP, gan eksperti un Slim\u012bbu profilakses un kontroles centra (SPKC) eksperti nor\u0101d\u012bju\u0161i, ka valsts apmaks\u0101t\u0101s vakc\u012bnas pret gripu gan standartdev\u0101, gan b\u0113rniem paredz\u0113taj\u0101 dev\u0101, gan augst\u0101 dev\u0101 senioriem tiek iepirktas p\u0101r\u0101k maz\u0101 skait\u0101.<\/p>\n<p>&#8220;Vair\u0101kus gadus m\u0113s esam nor\u0101d\u012bju\u0161i aptuveno procentu, par cik b\u016btu j\u0101palielina katr\u0101 n\u0101kamaj\u0101 sezon\u0101 iepirkto vakc\u012bnu daudzums, lai nodro\u0161in\u0101tu valsts apmaks\u0101tu vakcin\u0101ciju pret gripu riska grup\u0101m, t\u0101tad tiem, kam pien\u0101kas valsts apmaks\u0101tas vakc\u012bnas,&#8221; pau\u017e Zavadska.<\/p>\n<p>Speci\u0101liste nor\u0101da, ka, neiep\u0113rkot pietiekam\u0101 daudzum\u0101 valsts apmaks\u0101t\u0101s vakc\u012bnas pret gripu, riska grupu pacientiem ir liegta iesp\u0113ja sevi pasarg\u0101t no saslim\u0161anas ar gripu smag\u0101 form\u0101. Da\u013ca cilv\u0113ku mekl\u0113 iesp\u0113jas vakcin\u0113ties par saviem l\u012bdzek\u013ciem, bet ne visiem tas ir iesp\u0113jams, l\u012bdz ar to valst\u012b veidojas situ\u0101cija, ka cilv\u0113ki slimo vair\u0101k, savuk\u0101rt riska grupu p\u0101rst\u0101vjiem veidojas komplik\u0101cijas, kuru d\u0113\u013c kopum\u0101 pasliktin\u0101s vesel\u012bba.<\/p>\n","protected":false},"excerpt":{"rendered":"Lai gan \u012bpa\u0161i pieaudzis iedz\u012bvot\u0101ju skaits senioru vecum\u0101, ar\u012b b\u0113rniem, kas ir riska grup\u0101s hronisku slim\u012bbu d\u0113\u013c, BKUS&hellip;\n","protected":false},"author":2,"featured_media":72997,"comment_status":"","ping_status":"","sticky":false,"template":"","format":"standard","meta":{"footnotes":""},"categories":[5],"tags":[23,28,29,32,33,5657,5659,5658,22,30,31,35,39,38,36,37,34,40,20,26,27,24,25,21],"class_list":{"0":"post-72996","1":"post","2":"type-post","3":"status-publish","4":"format-standard","5":"has-post-thumbnail","7":"category-aktualitates","8":"tag-aktualitates","9":"tag-breaking-news","10":"tag-breakingnews","11":"tag-featured-news","12":"tag-featurednews","13":"tag-gripa","14":"tag-gripa-un-saaukstesanas","15":"tag-gripas-laiks","16":"tag-headlines","17":"tag-latest-news","18":"tag-latestnews","19":"tag-latvia","20":"tag-latvian","21":"tag-latviesu","22":"tag-latviesu-valoda","23":"tag-latviesuvaloda","24":"tag-latvija","25":"tag-lv","26":"tag-news","27":"tag-popularakas-zinas","28":"tag-popularakaszinas","29":"tag-top-stories","30":"tag-topstories","31":"tag-zinas"},"share_on_mastodon":{"url":"https:\/\/pubeurope.com\/@lv\/115711067019047617","error":""},"_links":{"self":[{"href":"https:\/\/www.europesays.com\/lv\/wp-json\/wp\/v2\/posts\/72996","targetHints":{"allow":["GET"]}}],"collection":[{"href":"https:\/\/www.europesays.com\/lv\/wp-json\/wp\/v2\/posts"}],"about":[{"href":"https:\/\/www.europesays.com\/lv\/wp-json\/wp\/v2\/types\/post"}],"author":[{"embeddable":true,"href":"https:\/\/www.europesays.com\/lv\/wp-json\/wp\/v2\/users\/2"}],"replies":[{"embeddable":true,"href":"https:\/\/www.europesays.com\/lv\/wp-json\/wp\/v2\/comments?post=72996"}],"version-history":[{"count":0,"href":"https:\/\/www.europesays.com\/lv\/wp-json\/wp\/v2\/posts\/72996\/revisions"}],"wp:featuredmedia":[{"embeddable":true,"href":"https:\/\/www.europesays.com\/lv\/wp-json\/wp\/v2\/media\/72997"}],"wp:attachment":[{"href":"https:\/\/www.europesays.com\/lv\/wp-json\/wp\/v2\/media?parent=72996"}],"wp:term":[{"taxonomy":"category","embeddable":true,"href":"https:\/\/www.europesays.com\/lv\/wp-json\/wp\/v2\/categories?post=72996"},{"taxonomy":"post_tag","embeddable":true,"href":"https:\/\/www.europesays.com\/lv\/wp-json\/wp\/v2\/tags?post=72996"}],"curies":[{"name":"wp","href":"https:\/\/api.w.org\/{rel}","templated":true}]}}