{"id":73081,"date":"2025-12-13T08:34:11","date_gmt":"2025-12-13T08:34:11","guid":{"rendered":"https:\/\/www.europesays.com\/lv\/73081\/"},"modified":"2025-12-13T08:34:11","modified_gmt":"2025-12-13T08:34:11","slug":"rigas-centra-slegts-diskusijam-apvitais-shein-veikals","status":"publish","type":"post","link":"https:\/\/www.europesays.com\/lv\/73081\/","title":{"rendered":"R\u012bgas centr\u0101 sl\u0113gts diskusij\u0101m apv\u012btais &#8220;Shein&#8221; veikals"},"content":{"rendered":"<p>R\u012bgas centr\u0101 sl\u0113gts iepriek\u0161 as\u0101m diskusij\u0101m apv\u012btais &#8220;<a rel=\"noopener nofollow\" target=\"_blank\" href=\"https:\/\/www.delfi.lv\/temas\/56424872\/shein-1\" tag-id=\"56424872\">Shein<\/a>&#8221; veikals, nov\u0113roja port\u0101ls &#8220;Delfi&#8221;.<\/p>\n<p>Giganta &#8220;Shein&#8221; p\u0101rst\u0101vis Robins K\u012blijs iepriek\u0161 &#8220;Delfi Bizness&#8221; skaidroja, ka &#8220;Shein&#8221; produkti ir pieejami tikai tie\u0161saist\u0113 komp\u0101nijas ofici\u0101laj\u0101 vietn\u0113 un lietotn\u0113, un jebkur\u0161 veikals Latvij\u0101, kas uzdodas par &#8220;Shein&#8221;, nav \u012bst\u0101 uz\u0146\u0113muma &#8220;Shein&#8221; autoriz\u0113ts veikals vai saist\u012bts ar komp\u0101niju, t\u0101d\u0113\u013c uz\u0146\u0113mums negarant\u0113 pied\u0101v\u0101to produktu autentiskumu.<\/p>\n<p class=\"m-0\">Seko &#8220;Delfi&#8221; ar\u012b  <a target=\"_blank\" href=\"https:\/\/www.instagram.com\/delfi.lv\/\" rel=\"nofollow noopener\">Instagram<\/a>  un <a target=\"_blank\" href=\"https:\/\/www.youtube.com\/channel\/UCw5foWtcJvAbUm64rv7jwUQ\" rel=\"nofollow noopener\">YouTube<\/a>  profil\u0101 \u2013 pievienojies, lai uzzin\u0101tu svar\u012bg\u0101ko un interesant\u0101ko pirmais!<\/p>\n<p>Publik\u0101cijas saturs vai t\u0101s jebk\u0101da apjoma da\u013ca ir aizsarg\u0101ts autorties\u012bbu objekts Autorties\u012bbu likuma izpratn\u0113, un t\u0101 izmanto\u0161ana bez izdev\u0113ja at\u013caujas ir aizliegta. Vair\u0101k lasi  <a target=\"_blank\" href=\"https:\/\/www.delfi.lv\/noteikumi#autortiesibas\" rel=\"nofollow noopener\">\u0161eit<\/a><script async src=\"\/\/www.instagram.com\/embed.js\"><\/script><\/p>\n","protected":false},"excerpt":{"rendered":"R\u012bgas centr\u0101 sl\u0113gts iepriek\u0161 as\u0101m diskusij\u0101m apv\u012btais &#8220;Shein&#8221; veikals, nov\u0113roja port\u0101ls &#8220;Delfi&#8221;. Giganta &#8220;Shein&#8221; p\u0101rst\u0101vis Robins K\u012blijs iepriek\u0161&hellip;\n","protected":false},"author":2,"featured_media":73082,"comment_status":"","ping_status":"","sticky":false,"template":"","format":"standard","meta":{"footnotes":""},"categories":[16],"tags":[77,76,35,39,38,36,37,34,40,6043],"class_list":{"0":"post-73081","1":"post","2":"type-post","3":"status-publish","4":"format-standard","5":"has-post-thumbnail","7":"category-bizness","8":"tag-bizness","9":"tag-business","10":"tag-latvia","11":"tag-latvian","12":"tag-latviesu","13":"tag-latviesu-valoda","14":"tag-latviesuvaloda","15":"tag-latvija","16":"tag-lv","17":"tag-shein"},"share_on_mastodon":{"url":"https:\/\/pubeurope.com\/@lv\/115711342192817720","error":""},"_links":{"self":[{"href":"https:\/\/www.europesays.com\/lv\/wp-json\/wp\/v2\/posts\/73081","targetHints":{"allow":["GET"]}}],"collection":[{"href":"https:\/\/www.europesays.com\/lv\/wp-json\/wp\/v2\/posts"}],"about":[{"href":"https:\/\/www.europesays.com\/lv\/wp-json\/wp\/v2\/types\/post"}],"author":[{"embeddable":true,"href":"https:\/\/www.europesays.com\/lv\/wp-json\/wp\/v2\/users\/2"}],"replies":[{"embeddable":true,"href":"https:\/\/www.europesays.com\/lv\/wp-json\/wp\/v2\/comments?post=73081"}],"version-history":[{"count":0,"href":"https:\/\/www.europesays.com\/lv\/wp-json\/wp\/v2\/posts\/73081\/revisions"}],"wp:featuredmedia":[{"embeddable":true,"href":"https:\/\/www.europesays.com\/lv\/wp-json\/wp\/v2\/media\/73082"}],"wp:attachment":[{"href":"https:\/\/www.europesays.com\/lv\/wp-json\/wp\/v2\/media?parent=73081"}],"wp:term":[{"taxonomy":"category","embeddable":true,"href":"https:\/\/www.europesays.com\/lv\/wp-json\/wp\/v2\/categories?post=73081"},{"taxonomy":"post_tag","embeddable":true,"href":"https:\/\/www.europesays.com\/lv\/wp-json\/wp\/v2\/tags?post=73081"}],"curies":[{"name":"wp","href":"https:\/\/api.w.org\/{rel}","templated":true}]}}