{"id":73118,"date":"2025-12-13T09:12:22","date_gmt":"2025-12-13T09:12:22","guid":{"rendered":"https:\/\/www.europesays.com\/lv\/73118\/"},"modified":"2025-12-13T09:12:22","modified_gmt":"2025-12-13T09:12:22","slug":"turpmak-cilvekiem-kuri-strada-virsstundu-darbu-varetu-uz-pusi-tikt-samazinata-piemaksa-1188-lv-2","status":"publish","type":"post","link":"https:\/\/www.europesays.com\/lv\/73118\/","title":{"rendered":"Turpm\u0101k cilv\u0113kiem, kuri str\u0101d\u0101 virsstundu darbu, var\u0113tu uz pusi tikt samazin\u0101ta piemaksa &#8211; 1188.lv"},"content":{"rendered":"<ol>\n<li><a href=\"https:\/\/news.google.com\/rss\/articles\/CBMivAFBVV95cUxOcFFLN3ZLVGdJME5sdFJma1JyUTBZT0dvREhlU050Zk9MN3BxVnJjREpHVXRFclhxLUNEQ2xHamdvTWFNOXlyNDBwNklBeC1NSVVRMHMtTndtWFJlUlpPR3pUZEdjczlqeWVmelVySUxRS0w0WWlsQi1BeWJuU2lyVlpYTERERHY4RndwZGhhdDdVeHN0VDZTR2tNRk1yMXdMLTd5OC1saVdyREEzTWdkU3RmUmtEYmJCSHltcA?oc=5\" target=\"_blank\" rel=\"nofollow noopener\">Turpm\u0101k cilv\u0113kiem, kuri str\u0101d\u0101 virsstundu darbu, var\u0113tu uz pusi tikt samazin\u0101ta piemaksa<\/a>&nbsp;&nbsp;1188.lv<\/li>\n<li><a href=\"https:\/\/news.google.com\/rss\/articles\/CBMiqgFBVV95cUxQdXhNZDd4Q0IzS1EwN3BTYzItLVh6UzctZmFMMzdrbmg4T01LSTV2RlRZV2dDTE1LRmxOU1Fpa3RtTUlpVjV3WmxULVg1c2U0MzQ3c1hEckJTUzZiZlpPX0pqWDRSSjQ5LWhrQ2EzNXNSNTlwN2g0Sk81amoydGpuc2QwSGZod05iNDdpaExqZEVKUVJtcFljZXRMcy1ESGpEU2VmYi1YWHRqZw?oc=5\" target=\"_blank\" rel=\"nofollow noopener\">Virsstundu apmaksa un darba dienu skaita samazin\u0101\u0161ana \/ 11.12.2025<\/a>&nbsp;&nbsp;REplay.lv<\/li>\n<li><a href=\"https:\/\/news.google.com\/rss\/articles\/CBMi2AFBVV95cUxPQnRybkItYjdUYUV2V3E1LVhuWTFGc002ekt6WWhsaTdVN0M2c0hpazVVcUZUcjBSSmJ2dWNIS2V5bVdMTld3VXU5V0VQWVlwZnp6OGs2R0lVYnFwTzVQYzcycVUyRWxtLU1wWXNVaTFSSkQ1dEdyN0R6OWpsckFLYmM3QVFRenRFNjZCSFhiN0VZVFZNblNwVWduUGpBUFhNc3BkXzNHeFZ0UDlWTGx6RllHWFlNeC1GanF1YVdOSkdkQ0JkZV9kaFdyb3JiNnNyM1lHSFVKMmE?oc=5\" target=\"_blank\" rel=\"nofollow noopener\">Saeima konceptu\u0101li piekr\u012bt main\u012bt virsstundu samaksas k\u0101rt\u012bbu, bet v\u0113l sagaida &#8220;spraigas&#8221; diskusijas<\/a>&nbsp;&nbsp;Delfi<\/li>\n<li><a href=\"https:\/\/news.google.com\/rss\/articles\/CBMiuwFBVV95cUxNLXFEMHAwUFliVDczOG5CXzVRS2U1ZUpqaExaRmkwTWRvVVV1SWVYczFwd0hfVktaOGtmMUhsbDFnWGVEYXVFRTNoanhjMFBqeFQ1QjJMSXE4cEhJRWdvajI0TmtPSHN2VGVnS3JPcl9EWWczMHJSWlM5NjExUXJLaFVacnhCd0VfWmtqcm1Rb1VrOGRBbUZ1eEl2OS03QkpjUWRfOFRKZnIwRVBValhsSDFoYUlwYWNzTjh3?oc=5\" target=\"_blank\" rel=\"nofollow noopener\">Deput\u0101ti konceptu\u0101li atbalsta pretrun\u012bgi v\u0113rt\u0113t\u0101s izmai\u0146as par virsstundu darba apmaksu<\/a>&nbsp;&nbsp;tv3.lv<\/li>\n<li><a href=\"https:\/\/news.google.com\/rss\/articles\/CBMihAFBVV95cUxOWFp4d1hhcGRDQi1zV2pra1VXaDNVWHhKQ1BweDd5TkoxLURzVFBXbXJ1VHZhUGpDakJkbWNwdHFXTUVLQnVvbFRwZnAtd0E3bFdLRHp1bmZxXzBjNWVzZEFtUWlOdjZuUjJqRUgtNGNUMndLb2JLS04zbFhpNnNaUXA1YmQ?oc=5\" target=\"_blank\" rel=\"nofollow noopener\">Virza izmai\u0146as Darba likum\u0101<\/a>&nbsp;&nbsp;Diena<\/li>\n<\/ol>\n","protected":false},"excerpt":{"rendered":"Turpm\u0101k cilv\u0113kiem, kuri str\u0101d\u0101 virsstundu darbu, var\u0113tu uz pusi tikt samazin\u0101ta piemaksa&nbsp;&nbsp;1188.lv Virsstundu apmaksa un darba dienu skaita&hellip;\n","protected":false},"author":2,"featured_media":71847,"comment_status":"","ping_status":"","sticky":false,"template":"","format":"standard","meta":{"footnotes":""},"categories":[12],"tags":[129,6252,23,28,29,32,33,22,30,31,35,39,38,36,37,34,40,20,26,27,6253,6254,24,25,21],"class_list":{"0":"post-73118","1":"post","2":"type-post","3":"status-publish","4":"format-standard","5":"has-post-thumbnail","7":"category-latvija","8":"tag-__typenameadvicekeyword","9":"tag-id679","10":"tag-aktualitates","11":"tag-breaking-news","12":"tag-breakingnews","13":"tag-featured-news","14":"tag-featurednews","15":"tag-headlines","16":"tag-latest-news","17":"tag-latestnews","18":"tag-latvia","19":"tag-latvian","20":"tag-latviesu","21":"tag-latviesu-valoda","22":"tag-latviesuvaloda","23":"tag-latvija","24":"tag-lv","25":"tag-news","26":"tag-popularakas-zinas","27":"tag-popularakaszinas","28":"tag-slugalgas","29":"tag-titlealgas","30":"tag-top-stories","31":"tag-topstories","32":"tag-zinas"},"share_on_mastodon":{"url":"https:\/\/pubeurope.com\/@lv\/115711491750105383","error":""},"_links":{"self":[{"href":"https:\/\/www.europesays.com\/lv\/wp-json\/wp\/v2\/posts\/73118","targetHints":{"allow":["GET"]}}],"collection":[{"href":"https:\/\/www.europesays.com\/lv\/wp-json\/wp\/v2\/posts"}],"about":[{"href":"https:\/\/www.europesays.com\/lv\/wp-json\/wp\/v2\/types\/post"}],"author":[{"embeddable":true,"href":"https:\/\/www.europesays.com\/lv\/wp-json\/wp\/v2\/users\/2"}],"replies":[{"embeddable":true,"href":"https:\/\/www.europesays.com\/lv\/wp-json\/wp\/v2\/comments?post=73118"}],"version-history":[{"count":0,"href":"https:\/\/www.europesays.com\/lv\/wp-json\/wp\/v2\/posts\/73118\/revisions"}],"wp:featuredmedia":[{"embeddable":true,"href":"https:\/\/www.europesays.com\/lv\/wp-json\/wp\/v2\/media\/71847"}],"wp:attachment":[{"href":"https:\/\/www.europesays.com\/lv\/wp-json\/wp\/v2\/media?parent=73118"}],"wp:term":[{"taxonomy":"category","embeddable":true,"href":"https:\/\/www.europesays.com\/lv\/wp-json\/wp\/v2\/categories?post=73118"},{"taxonomy":"post_tag","embeddable":true,"href":"https:\/\/www.europesays.com\/lv\/wp-json\/wp\/v2\/tags?post=73118"}],"curies":[{"name":"wp","href":"https:\/\/api.w.org\/{rel}","templated":true}]}}