{"id":73119,"date":"2025-12-13T09:13:19","date_gmt":"2025-12-13T09:13:19","guid":{"rendered":"https:\/\/www.europesays.com\/lv\/73119\/"},"modified":"2025-12-13T09:13:19","modified_gmt":"2025-12-13T09:13:19","slug":"lai-cinitos-ar-shein-un-temu-konkurenci-par-sutijumiem-no-valstim-arpus-es-bus-jamaksa-tris-eiro-nodeva","status":"publish","type":"post","link":"https:\/\/www.europesays.com\/lv\/73119\/","title":{"rendered":"Lai c\u012bn\u012btos ar &#8220;Shein&#8221; un &#8220;Temu&#8221; konkurenci, par s\u016bt\u012bjumiem no valst\u012bm \u0101rpus ES b\u016bs j\u0101maks\u0101 tr\u012bs eiro nodeva"},"content":{"rendered":"<p>Ta\u010du \u0161\u012b <a href=\"https:\/\/www.apollo.lv\/term\/650359\/nodeva\" class=\"topicLink\" target=\"_blank\" rel=\"nofollow noopener\">nodeva<\/a> b\u016bs pagaidu pas\u0101kums un saglab\u0101sies sp\u0113k\u0101 l\u012bdz 2028. gadam, kad vis\u0101m ES import\u0113taj\u0101m prec\u0113m tiks piem\u0113rota muitas nodeva neatkar\u012bgi no to v\u0113rt\u012bbas.<\/p>\n<p>Francijas finan\u0161u ministrs Rol\u0101ns Lesk\u012brs atzin\u012bgi nov\u0113rt\u0113ja \u0161\u012bs nodevas ievie\u0161anu, nod\u0113v\u0113jot to par lielu uzvaru Eiropas Savien\u012bbai.<\/p>\n<p>&#8220;Eiropa veic konkr\u0113tus pas\u0101kumus, lai aizsarg\u0101tu savu vienoto tirgu, pat\u0113r\u0113t\u0101jus un suverenit\u0101ti,&#8221; sac\u012bja ministrs.<\/p>\n<p>Eiropas mazumtirgot\u0101ji apgalvo, ka vi\u0146i saskaras ar negod\u012bgu konkurenci, ko rada t\u0101das \u0101rvalstu platformas k\u0101 &#8220;AliExpress&#8221;, &#8220;Shein&#8221; un &#8220;Temu&#8221;, kuras, vi\u0146upr\u0101t, bie\u017ei neiev\u0113ro ES stingr\u0101s pras\u012bbas attiec\u012bb\u0101 uz pre\u010du tirdzniec\u012bbu.<\/p>\n<p>\u0160obr\u012bd ES ir sp\u0113k\u0101 bezmuitas statuss s\u016bt\u012bjumiem, kuru v\u0113rt\u012bba nep\u0101rsniedz 150 eiro un kas tiek import\u0113ti tie\u0161i pat\u0113r\u0113t\u0101jiem, bie\u017ei vien izmantojot t\u0101das platformas k\u0101 \u0136\u012bnas &#8220;Temu&#8221; un &#8220;Shein&#8221;.<\/p>\n<p>Eiropas Komisijas dati liecina, ka p\u0113rn ES tika import\u0113ti 4,6 miljardi s\u016bt\u012bjumu, kuru v\u0113rt\u012bba nep\u0101rsniedza 150 eiro, un tas ir vair\u0101k nek\u0101 12 miljoni s\u016bt\u012bjumu dien\u0101.<\/p>\n<p>Turkl\u0101t 91% no visiem \u0161\u0101diem nelieliem s\u016bt\u012bjumiem p\u0113rn tika sa\u0146emti no \u0136\u012bnas.<\/p>\n","protected":false},"excerpt":{"rendered":"Ta\u010du \u0161\u012b nodeva b\u016bs pagaidu pas\u0101kums un saglab\u0101sies sp\u0113k\u0101 l\u012bdz 2028. gadam, kad vis\u0101m ES import\u0113taj\u0101m prec\u0113m tiks&hellip;\n","protected":false},"author":2,"featured_media":73120,"comment_status":"","ping_status":"","sticky":false,"template":"","format":"standard","meta":{"footnotes":""},"categories":[5],"tags":[23,18592,28,29,514,32,33,22,4213,30,31,35,39,38,36,37,34,40,20,17437,26,27,6043,6045,24,25,21],"class_list":{"0":"post-73119","1":"post","2":"type-post","3":"status-publish","4":"format-standard","5":"has-post-thumbnail","7":"category-aktualitates","8":"tag-aktualitates","9":"tag-aliexpress","10":"tag-breaking-news","11":"tag-breakingnews","12":"tag-eiropas-savieniba","13":"tag-featured-news","14":"tag-featurednews","15":"tag-headlines","16":"tag-kina","17":"tag-latest-news","18":"tag-latestnews","19":"tag-latvia","20":"tag-latvian","21":"tag-latviesu","22":"tag-latviesu-valoda","23":"tag-latviesuvaloda","24":"tag-latvija","25":"tag-lv","26":"tag-news","27":"tag-nodeva","28":"tag-popularakas-zinas","29":"tag-popularakaszinas","30":"tag-shein","31":"tag-temu","32":"tag-top-stories","33":"tag-topstories","34":"tag-zinas"},"share_on_mastodon":{"url":"https:\/\/pubeurope.com\/@lv\/115711495764556264","error":""},"_links":{"self":[{"href":"https:\/\/www.europesays.com\/lv\/wp-json\/wp\/v2\/posts\/73119","targetHints":{"allow":["GET"]}}],"collection":[{"href":"https:\/\/www.europesays.com\/lv\/wp-json\/wp\/v2\/posts"}],"about":[{"href":"https:\/\/www.europesays.com\/lv\/wp-json\/wp\/v2\/types\/post"}],"author":[{"embeddable":true,"href":"https:\/\/www.europesays.com\/lv\/wp-json\/wp\/v2\/users\/2"}],"replies":[{"embeddable":true,"href":"https:\/\/www.europesays.com\/lv\/wp-json\/wp\/v2\/comments?post=73119"}],"version-history":[{"count":0,"href":"https:\/\/www.europesays.com\/lv\/wp-json\/wp\/v2\/posts\/73119\/revisions"}],"wp:featuredmedia":[{"embeddable":true,"href":"https:\/\/www.europesays.com\/lv\/wp-json\/wp\/v2\/media\/73120"}],"wp:attachment":[{"href":"https:\/\/www.europesays.com\/lv\/wp-json\/wp\/v2\/media?parent=73119"}],"wp:term":[{"taxonomy":"category","embeddable":true,"href":"https:\/\/www.europesays.com\/lv\/wp-json\/wp\/v2\/categories?post=73119"},{"taxonomy":"post_tag","embeddable":true,"href":"https:\/\/www.europesays.com\/lv\/wp-json\/wp\/v2\/tags?post=73119"}],"curies":[{"name":"wp","href":"https:\/\/api.w.org\/{rel}","templated":true}]}}