{"id":73182,"date":"2025-12-13T10:27:11","date_gmt":"2025-12-13T10:27:11","guid":{"rendered":"https:\/\/www.europesays.com\/lv\/73182\/"},"modified":"2025-12-13T10:27:11","modified_gmt":"2025-12-13T10:27:11","slug":"slimot-latvija-nav-izdevigi-kamer-visa-pasaule-plosas-gripa-un-tiek-slegtas-skolas-latvija-cilveki-cinas-par-katru-eiro","status":"publish","type":"post","link":"https:\/\/www.europesays.com\/lv\/73182\/","title":{"rendered":"\u201cSlimot Latvij\u0101 nav izdev\u012bgi.\u201d Kam\u0113r vis\u0101 pasaul\u0113 plos\u0101s gripa un tiek sl\u0113gtas skolas, Latvij\u0101 cilv\u0113ki c\u012bn\u0101s par katru eiro"},"content":{"rendered":"<p>    <img decoding=\"async\" src=\"https:\/\/www.europesays.com\/lv\/wp-content\/uploads\/2025\/12\/imago_st_1228_16390010_0095333781-1.jpg\" alt=\"&#10;\"\/><\/p>\n<p>Foto. Scanpix \/ imago images\/Wolfgang Zwanzger\n<\/p>\n<p>10:42, 13. decembris 2025<\/p>\n<p><a href=\"https:\/\/tsn.ua\/ru\/svit\/mirom-rasprostranyaetsya-smertonosnyy-gripp-chto-izvestno-o-novom-shtamme-h3n2-2976857.html\" rel=\"noopener nofollow\" target=\"_blank\">\u0100rzemju mediji<\/a> inform\u0113, ka v\u012bruss, kas ir piedz\u012bvojis septi\u0146as mut\u0101cijas, jau izplat\u012bjies vair\u0101k nek\u0101 30 valst\u012bs, radot ba\u017eas medic\u012bnas speci\u0101listu vid\u016b.<\/p>\n<p>        Las\u012bt\u0101kie<br \/>\n        <a data-imagesrc=\"{&quot;300&quot;:&quot;https:\\\/\\\/lastatic.ams3.cdn.digitaloceanspaces.com\\\/2025\\\/07\\\/Untitled-1500-x-1000-px-63-300x200.jpg&quot;,&quot;1024&quot;:&quot;https:\\\/\\\/lastatic.ams3.cdn.digitaloceanspaces.com\\\/2025\\\/07\\\/Untitled-1500-x-1000-px-63-1024x683.jpg&quot;,&quot;768&quot;:&quot;https:\\\/\\\/lastatic.ams3.cdn.digitaloceanspaces.com\\\/2025\\\/07\\\/Untitled-1500-x-1000-px-63-768x512.jpg&quot;,&quot;200&quot;:&quot;https:\\\/\\\/lastatic.ams3.cdn.digitaloceanspaces.com\\\/2025\\\/07\\\/Untitled-1500-x-1000-px-63-200x133.jpg&quot;,&quot;400&quot;:&quot;https:\\\/\\\/lastatic.ams3.cdn.digitaloceanspaces.com\\\/2025\\\/07\\\/Untitled-1500-x-1000-px-63-400x267.jpg&quot;,&quot;500&quot;:&quot;https:\\\/\\\/lastatic.ams3.cdn.digitaloceanspaces.com\\\/2025\\\/07\\\/Untitled-1500-x-1000-px-63-500x333.jpg&quot;,&quot;800&quot;:&quot;https:\\\/\\\/lastatic.ams3.cdn.digitaloceanspaces.com\\\/2025\\\/07\\\/Untitled-1500-x-1000-px-63-800x533.jpg&quot;,&quot;1000&quot;:&quot;https:\\\/\\\/lastatic.ams3.cdn.digitaloceanspaces.com\\\/2025\\\/07\\\/Untitled-1500-x-1000-px-63-1000x667.jpg&quot;,&quot;1500&quot;:&quot;https:\\\/\\\/lastatic.ams3.cdn.digitaloceanspaces.com\\\/2025\\\/07\\\/Untitled-1500-x-1000-px-63.jpg&quot;}\" data-focuspoint=\"&quot;&quot;\" data-p=\"2478601\" href=\"https:\/\/www.la.lv\/asv-strategija-izskatas-pec-kara-pieteikuma-eiropas-savienibai-britu-eksperts-par-iespejamiem-trampa-ricibas-riskiem\" class=\"content-item lazy-load\" wp_automatic_readability=\"26.5\" rel=\"nofollow noopener\" target=\"_blank\"><\/p>\n<p>                                <img decoding=\"async\" src=\"\" alt=\"\" style=\"\" data-imageid=\"\"\/><\/p>\n<p>                                TV24<\/p>\n<p>                                            \u201cASV strat\u0113\u0123ija izskat\u0101s p\u0113c kara pieteikuma Eiropas Savien\u012bbai.\u201d Britu eksperts par iesp\u0113jamiem Trampa r\u012bc\u012bbas riskiem\n                            <\/p>\n<p><\/a><a data-imagesrc=\"{&quot;300&quot;:&quot;https:\\\/\\\/lastatic.ams3.cdn.digitaloceanspaces.com\\\/2025\\\/09\\\/9807beb6-0cfd-46b1-ba1c-d6055ae6bbba-300x200.jpg&quot;,&quot;1024&quot;:&quot;https:\\\/\\\/lastatic.ams3.cdn.digitaloceanspaces.com\\\/2025\\\/09\\\/9807beb6-0cfd-46b1-ba1c-d6055ae6bbba-1024x683.jpg&quot;,&quot;1536&quot;:&quot;https:\\\/\\\/lastatic.ams3.cdn.digitaloceanspaces.com\\\/2025\\\/09\\\/9807beb6-0cfd-46b1-ba1c-d6055ae6bbba-1536x1024.jpg&quot;,&quot;500&quot;:&quot;https:\\\/\\\/lastatic.ams3.cdn.digitaloceanspaces.com\\\/2025\\\/09\\\/9807beb6-0cfd-46b1-ba1c-d6055ae6bbba-500x333.jpg&quot;,&quot;800&quot;:&quot;https:\\\/\\\/lastatic.ams3.cdn.digitaloceanspaces.com\\\/2025\\\/09\\\/9807beb6-0cfd-46b1-ba1c-d6055ae6bbba-800x533.jpg&quot;,&quot;1800&quot;:&quot;https:\\\/\\\/lastatic.ams3.cdn.digitaloceanspaces.com\\\/2025\\\/09\\\/9807beb6-0cfd-46b1-ba1c-d6055ae6bbba.jpg&quot;}\" data-focuspoint=\"&quot;&quot;\" data-p=\"2480320\" href=\"https:\/\/www.la.lv\/asv-daris-visu-lai-neviens-so-celu-nevaretu-bloket-nopludusi-informacija-par-miera-sarunu-punktu-kas-var-izmainit-eiropas-nakotni\" class=\"content-item lazy-load\" wp_automatic_readability=\"27.5\" rel=\"nofollow noopener\" target=\"_blank\"><\/p>\n<p>                                <img decoding=\"async\" src=\"\" alt=\"\" style=\"\" data-imageid=\"\"\/><\/p>\n<p>                                            \u201cASV dar\u012bs visu, lai neviens \u0161o ce\u013cu nevar\u0113tu blo\u0137\u0113t\u201d \u2013 nopl\u016bdusi inform\u0101cija par miera sarunu punktu, kas var izmain\u012bt Eiropas n\u0101kotni\n                            <\/p>\n<p><\/a><a data-imagesrc=\"{&quot;300&quot;:&quot;https:\\\/\\\/lastatic.ams3.cdn.digitaloceanspaces.com\\\/2025\\\/12\\\/virves-300x200.png&quot;,&quot;1024&quot;:&quot;https:\\\/\\\/lastatic.ams3.cdn.digitaloceanspaces.com\\\/2025\\\/12\\\/virves-1024x683.png&quot;,&quot;500&quot;:&quot;https:\\\/\\\/lastatic.ams3.cdn.digitaloceanspaces.com\\\/2025\\\/12\\\/virves-500x333.png&quot;,&quot;800&quot;:&quot;https:\\\/\\\/lastatic.ams3.cdn.digitaloceanspaces.com\\\/2025\\\/12\\\/virves-800x533.png&quot;,&quot;1536&quot;:&quot;https:\\\/\\\/lastatic.ams3.cdn.digitaloceanspaces.com\\\/2025\\\/12\\\/virves.png&quot;}\" data-focuspoint=\"&quot;&quot;\" data-p=\"2480397\" href=\"https:\/\/www.la.lv\/atrs-psihologiskais-tests-kura-no-virvem-jusuprat-is-visgaraka\" class=\"content-item lazy-load\" wp_automatic_readability=\"27\" rel=\"nofollow noopener\" target=\"_blank\"><\/p>\n<p>                                <img decoding=\"async\" src=\"\" alt=\"\" style=\"\" data-imageid=\"\"\/><\/p>\n<p>                                Kokteilis<\/p>\n<p>\n                                                \u0100trs psiholo\u0123iskais tests: kura no virv\u0113m, j\u016bsupr\u0101t, ir visgar\u0101k\u0101?<\/p>\n<p><\/a><br \/>\n        <a class=\"read-more\" href=\"https:\/\/www.la.lv\/top\" rel=\"nofollow noopener\" target=\"_blank\">Las\u012bt citas zi\u0146as<\/a><\/p>\n<p>T\u0101 k\u0101 \u0161is paveids iepriek\u0161 bija rets, cilv\u0113kiem ir ierobe\u017eota imunit\u0101te pret to. Sezon\u0101laj\u0101 H3N2 gripas paveid\u0101 par\u0101d\u012bju\u0161\u0101s septi\u0146as mut\u0101cijas, kas, p\u0113c Kembrid\u017eas Universit\u0101tes Patog\u0113nu evol\u016bcijas centra direktora Smita teikt\u0101, noved pie strauja zi\u0146ojumu par mut\u0113to v\u012brusu skaita pieauguma.<\/p>\n<p>Kas ir b\u012bstams jaunaj\u0101 H3N2 paveid\u0101?<\/p>\n<p>H3N2 v\u012bruss mut\u0113 \u013coti \u0101tri, t\u0101p\u0113c liel\u0101kajai da\u013cai iedz\u012bvot\u0101ju nav ilgsto\u0161as imunit\u0101tes. Tas noz\u012bm\u0113, ka, lai gan simptomi var b\u016bt tipiski, infic\u0113ties var iev\u0113rojami vair\u0101k cilv\u0113ku. Gados vec\u0101kiem un nov\u0101jin\u0101tiem cilv\u0113kiem \u0161is v\u012bruss, t\u0101pat k\u0101 jebkura gripa, var beigties let\u0101li.<\/p>\n<p>K\u0101 sevi pasarg\u0101t?<br \/>\n    CITI \u0160OBR\u012aD LASA<\/p>\n<p>Viens no lab\u0101kajiem veidiem, k\u0101 nov\u0113rst infekciju, ir vakcin\u0113ties pret gripu, lai gan pieejam\u0101s vakc\u012bnas var neb\u016bt piln\u012bb\u0101 sader\u012bgas ar mut\u0113to v\u012brusu.<\/p>\n<p>V\u0113l viena efekt\u012bva pieeja ir gripas izplat\u012bbas ierobe\u017eo\u0161ana. Da\u017eas skolas Jap\u0101n\u0101 un Anglij\u0101 \u2013 valst\u012bs, kur gripas sezonas s\u0101kas agr\u0101k \u2013 tiek sl\u0113gtas, lai mazin\u0101tu uzliesmojumus.<\/p>\n<p>\u201cIr \u013coti svar\u012bgi klepus un \u0161\u0137aud\u012b\u0161anas laik\u0101 izmantot salveti, k\u0101 ar\u012b bie\u017ei mazg\u0101t rokas ar ziep\u0113m un siltu \u016bdeni,\u201d iesaka Vesel\u012bbas dro\u0161\u012bbas a\u0123ent\u016bras gripas programmas vad\u012bt\u0101ja.<\/p>\n<blockquote><p>Cilv\u0113kiem ar gripu j\u0101paliek m\u0101j\u0101s, bet, ja nepiecie\u0161ams iziet \u0101r\u0101, tad ieteicams liel\u0101ko da\u013cu laika pavad\u012bt \u0101rpus telp\u0101m.<\/p><\/blockquote>\n<p>Lai ar\u012b visur tiek run\u0101ts par straujo gripas izplat\u012bbu un neviens nesl\u0113pj, ka \u0161\u012b saslim\u0161ana var b\u016bt \u013coti nopietna, \u012bpa\u0161i cilv\u0113kiem ar v\u0101ju im\u016bnsist\u0113mu, daudzi cilv\u0113ki to klaji ignor\u0113 un turpina savas ierast\u0101s dienas gaitas pat tad, ja izjutu\u0161i saslim\u0161anas simptomus.<\/p>\n<p>\u0160o tematu soci\u0101lo mediju platform\u0101 \u201cThreads\u201d aktualiz\u0113jusi Daina. Sieviete st\u0101sta, ka piec\u0113lusies ar kakla s\u0101p\u0113m un jau ned\u0113\u013cu j\u016btas miegaina. Daina gan nor\u0101da, ka saprot cilv\u0113kus, kuri izv\u0113las ne\u0146emt slim\u012bbas lapu, jo san\u0101k zaud\u0113t lielu da\u013cu no algas. <\/p>\n<blockquote><p>\u201cCilv\u0113ki ir spiesti iet uz darbu neveseli un m\u0101j\u0101s paliek tikai tad, kad viss ir pavisam slikti. Zinu cilv\u0113kus, kas uz darbu iet pat ar augstu temperat\u016bru. Jo svar\u012bgs katrs eiro, j\u0101uztur \u0123imene,\u201d nor\u0101da Daina.<\/p><\/blockquote>\n<p>\u201cLabpr\u0101t k\u0101du dienu pagul\u0113tu m\u0101j\u0101s, bet, kad iedom\u0101jos, cik man tas izmaks\u0101s \u2013 z\u0101les nopirkt ir l\u0113t\u0101k,\u201d vi\u0146a piebilst. <\/p>\n<p>Evija koment\u0101ru sada\u013c\u0101 liek noprast, ka \u0161\u0101da r\u012bc\u012bba nav pareiza: \u201cMalacis! \u0160ie varo\u0146i, slimie uz darbu g\u0101j\u0113ji, no sirds r\u016bp\u0113jas, lai valst\u012b slimo p\u0113c iesp\u0113jas vair\u0101k \u013cau\u017eu. K\u0101p\u0113c vienam nest \u0161o krustu, vai ne?\u201d<\/p>\n<p>Ar\u012b Inese piekr\u012bt, ka \u0161\u0101da r\u012bc\u012bba ir necie\u0146a pret apk\u0101rt\u0113jiem, jo kontaktperson\u0101m ir liela iesp\u0113ja saslimt.<\/p>\n<p>Savuk\u0101rt Liene nor\u0101da, ka \u0161\u0101da r\u012bc\u012bba apdraud gan darba kol\u0113\u0123us, gan vi\u0146u \u0123imenes: \u201cNemaz tik daudz nesan\u0101k zaud\u0113t no algas. Kolekt\u012bvam izn\u0101k izdev\u012bg\u0101k, ja viens no kolekt\u012bva pa\u0146em slim\u012bbas lapu izvese\u013cojas nevis aiziet \u0137\u0113d\u012bte vair\u0101ki saslimst d\u0113\u013c viena. <\/p>\n<p>Darba ra\u017e\u012bgums, rezult\u0101ti ar\u012b bie\u017ei samazin\u0101s d\u0113\u013c slimo\u0161anas. Tev vajadz\u0113tu apzin\u0101ties Tu pak\u013cauj riskam ne vien kol\u0113\u0123us, bet gan ar\u012b vi\u0146a b\u0113rnus, vecvec\u0101kus. Ja negribas zaud\u0113t naudu var ar\u012b pa\u0146emt atva\u013cin\u0101juma dienas. T\u0101s jau var \u0146emt, cik v\u0113las. Kaut pa 1 dienai.\u201d<\/p>\n<blockquote><p>Lai ar\u012b Ilvars vairs nedz\u012bvo Latvij\u0101, vi\u0146\u0161 atceras, ka slimot Latvij\u0101 nekad nav bijis izdev\u012bgi.<\/p><\/blockquote>\n<p>Kas par \u0161\u0101du r\u012bc\u012bbu sak\u0101ms citiem lietot\u0101jiem?<img decoding=\"async\" src=\"https:\/\/www.europesays.com\/lv\/wp-content\/uploads\/2025\/12\/slim1.jpeg\" alt=\"\"\/><\/p>\n<p>Autores ori\u0123in\u0101lais ieraksts.<br \/>\nFOTO: Ekr\u0101n\u0161\u0101vi\u0146\u0161\/\u00a0\u201cThreads\u201d\n<\/p>\n<p><img decoding=\"async\" src=\"https:\/\/www.europesays.com\/lv\/wp-content\/uploads\/2025\/12\/slim2.jpeg\" alt=\"\"\/><\/p>\n<p>FOTO: Ekr\u0101n\u0161\u0101vi\u0146\u0161\/\u00a0\u201cThreads\u201d\n<\/p>\n<p><img decoding=\"async\" src=\"https:\/\/www.europesays.com\/lv\/wp-content\/uploads\/2025\/12\/slim3.jpeg\" alt=\"\"\/><\/p>\n<p>FOTO: Ekr\u0101n\u0161\u0101vi\u0146\u0161\/\u00a0\u201cThreads\u201d\n<\/p>\n<p><img decoding=\"async\" src=\"https:\/\/www.europesays.com\/lv\/wp-content\/uploads\/2025\/12\/slim4.jpeg\" alt=\"\"\/><\/p>\n<p>FOTO: Ekr\u0101n\u0161\u0101vi\u0146\u0161\/\u00a0\u201cThreads\u201d\n<\/p>\n<p><img decoding=\"async\" src=\"https:\/\/www.europesays.com\/lv\/wp-content\/uploads\/2025\/12\/slim5.jpeg\" alt=\"\"\/><\/p>\n<p>FOTO: Ekr\u0101n\u0161\u0101vi\u0146\u0161\/\u00a0\u201cThreads\u201d\n<\/p>\n<p><img decoding=\"async\" src=\"https:\/\/www.europesays.com\/lv\/wp-content\/uploads\/2025\/12\/slim6.jpeg\" alt=\"\"\/><\/p>\n<p>FOTO: Ekr\u0101n\u0161\u0101vi\u0146\u0161\/\u00a0\u201cThreads\u201d\n<\/p>\n<p>    Zi\u0146o!<\/p>\n<p>\n        Ja ar\u012b Tu v\u0113lies padal\u012bties ar savu st\u0101stu\n    <\/p>\n<p>    <a class=\"zino-calltoaction__button\" href=\"https:\/\/zino.la.lv\" rel=\"nofollow noopener\" target=\"_blank\">Zi\u0146o!<\/a><\/p>\n<p>    LA.LV Aptauja<br \/>\n    Vai tu dotos uz darbu, ja justu saslim\u0161anas simptomus?<\/p>\n<ul class=\"poll-options\" wp_automatic_readability=\"0.5\">\n<li class=\"poll-option\" data-id=\"cfcd208495d565ef66e7dff9f98764da\">\n<p>N\u0113, nek\u0101d\u0101 gad\u012bjum\u0101<\/p>\n<\/li>\n<li class=\"poll-option\" data-id=\"c4ca4238a0b923820dcc509a6f75849b\" wp_automatic_readability=\"0\">\n<p>Atkar\u012bb\u0101, cik nopietni simptomi<\/p>\n<\/li>\n<li class=\"poll-option\" data-id=\"c81e728d9d4c2f636f067f89cc14862c\" wp_automatic_readability=\"1\">\n<p>J\u0101, protams, kur\u0161 tad peln\u012bs naudu<\/p>\n<\/li>\n<\/ul>\n<p>T\u0113mas<\/p>\n<p>    SAIST\u012aTIE RAKSTI<\/p>\n","protected":false},"excerpt":{"rendered":"Foto. Scanpix \/ imago images\/Wolfgang Zwanzger 10:42, 13. decembris 2025 \u0100rzemju mediji inform\u0113, ka v\u012bruss, kas ir piedz\u012bvojis&hellip;\n","protected":false},"author":2,"featured_media":73183,"comment_status":"","ping_status":"","sticky":false,"template":"","format":"standard","meta":{"footnotes":""},"categories":[12],"tags":[23,28,29,32,33,22,30,31,35,39,38,36,37,34,40,20,26,27,24,25,21],"class_list":{"0":"post-73182","1":"post","2":"type-post","3":"status-publish","4":"format-standard","5":"has-post-thumbnail","7":"category-latvija","8":"tag-aktualitates","9":"tag-breaking-news","10":"tag-breakingnews","11":"tag-featured-news","12":"tag-featurednews","13":"tag-headlines","14":"tag-latest-news","15":"tag-latestnews","16":"tag-latvia","17":"tag-latvian","18":"tag-latviesu","19":"tag-latviesu-valoda","20":"tag-latviesuvaloda","21":"tag-latvija","22":"tag-lv","23":"tag-news","24":"tag-popularakas-zinas","25":"tag-popularakaszinas","26":"tag-top-stories","27":"tag-topstories","28":"tag-zinas"},"share_on_mastodon":{"url":"https:\/\/pubeurope.com\/@lv\/115711786779119152","error":""},"_links":{"self":[{"href":"https:\/\/www.europesays.com\/lv\/wp-json\/wp\/v2\/posts\/73182","targetHints":{"allow":["GET"]}}],"collection":[{"href":"https:\/\/www.europesays.com\/lv\/wp-json\/wp\/v2\/posts"}],"about":[{"href":"https:\/\/www.europesays.com\/lv\/wp-json\/wp\/v2\/types\/post"}],"author":[{"embeddable":true,"href":"https:\/\/www.europesays.com\/lv\/wp-json\/wp\/v2\/users\/2"}],"replies":[{"embeddable":true,"href":"https:\/\/www.europesays.com\/lv\/wp-json\/wp\/v2\/comments?post=73182"}],"version-history":[{"count":0,"href":"https:\/\/www.europesays.com\/lv\/wp-json\/wp\/v2\/posts\/73182\/revisions"}],"wp:featuredmedia":[{"embeddable":true,"href":"https:\/\/www.europesays.com\/lv\/wp-json\/wp\/v2\/media\/73183"}],"wp:attachment":[{"href":"https:\/\/www.europesays.com\/lv\/wp-json\/wp\/v2\/media?parent=73182"}],"wp:term":[{"taxonomy":"category","embeddable":true,"href":"https:\/\/www.europesays.com\/lv\/wp-json\/wp\/v2\/categories?post=73182"},{"taxonomy":"post_tag","embeddable":true,"href":"https:\/\/www.europesays.com\/lv\/wp-json\/wp\/v2\/tags?post=73182"}],"curies":[{"name":"wp","href":"https:\/\/api.w.org\/{rel}","templated":true}]}}