{"id":7319,"date":"2025-09-28T22:52:17","date_gmt":"2025-09-28T22:52:17","guid":{"rendered":"https:\/\/www.europesays.com\/lv\/7319\/"},"modified":"2025-09-28T22:52:17","modified_gmt":"2025-09-28T22:52:17","slug":"ukraina-un-latvija-nosoda-ipc-lemumu-atlaut-krievijas-un-baltkrievijas-sportistiem-startet-lente-lv","status":"publish","type":"post","link":"https:\/\/www.europesays.com\/lv\/7319\/","title":{"rendered":"Ukraina un Latvija nosoda IPC l\u0113mumu at\u013caut Krievijas un Baltkrievijas sportistiem start\u0113t\u00a0\u2014\u00a0Lente.lv"},"content":{"rendered":"<p>Starptautisk\u0101s Paralimpisk\u0101s komitejas l\u0113mums izsauc sa\u0161utumu<\/p>\n<p>Starptautisk\u0101 Paralimpisk\u0101 komiteja (IPC) ir pie\u0146\u0113musi l\u0113mumu atcelt Krievijas un Baltkrievijas sportistu da\u013c\u0113jo diskvalifik\u0101ciju, kas tika ieviesta p\u0113c Krievijas pilna m\u0113roga iebrukuma Ukrain\u0101 2022. gad\u0101. \u0160is l\u0113mums, kas tika pie\u0146emts IPC \u0122ener\u0101l\u0101s asamblejas san\u0101ksm\u0113 Seul\u0101, ir izrais\u012bjis asu nosod\u012bjumu Ukrain\u0101, k\u0101 ar\u012b Latvijas Paralimpiskaj\u0101 komitej\u0101 (LPK). Ukraina un LPK uzskata \u0161o IPC r\u012bc\u012bbu par nodev\u012bbu un netaisn\u012bbu, \u012bpa\u0161i \u0146emot v\u0113r\u0101 turpin\u0101to karu Ukrain\u0101. Ukrainas sporta ministrs Matvijs Bidnijs pat pazi\u0146oja, ka tie, kas balsoju\u0161i par \u0161o l\u0113mumu, ir nodevu\u0161i savu sirdsapzi\u0146u un olimpisk\u0101s v\u0113rt\u012bbas.<\/p>\n<p>K\u0101p\u0113c tika pie\u0146emts \u0161\u0101ds l\u0113mums?<\/p>\n<p>IPC l\u0113mums ir pretrun\u012bgs, jo tas dod iesp\u0113ju Krievijas un Baltkrievijas sportistiem sacensties zem saviem karogiem 2026. gada Mil\u0101nas-Kort\u012bnas paralimpiskaj\u0101s sp\u0113l\u0113s. Tom\u0113r da\u017eu sporta veidu sacens\u012bbas joproj\u0101m regul\u0113 starptautisk\u0101s feder\u0101cijas, kas l\u012bdz \u0161im nav atc\u0113lu\u0161as Krievijas un Baltkrievijas sportistu diskvalifik\u0101ciju. Lai var\u0113tu pretend\u0113t uz dal\u012bbu sp\u0113l\u0113s, katram sportistam nepiecie\u0161amas attiec\u012bgo starptautisko feder\u0101ciju izsniegtas licences 2025.\/2026. gada sezonai. IPC iepriek\u0161 bija izsl\u0113gusi Krievijas un Baltkrievijas paralimpisk\u0101s komitejas no 2022. gada Pekinas ziemas sp\u0113l\u0113m. Interesanti, ka pirms balsojuma Seul\u0101 bija j\u016btama da\u017eu valstu, \u012bpa\u0161i \u0100frikas valstu, labv\u0113l\u012bba pret Krieviju un Baltkrieviju, aicinot politiku no\u0161\u0137irt no sporta. Tom\u0113r LPK prezidente Daiga Dadz\u012bte uzsver, ka sports ir Krievijas maig\u0101s varas politikas izpausme, ko izmanto propagand\u0101, t\u0101p\u0113c piln\u012bb\u0101 neatbalsta \u0161\u0101du nost\u0101ju.<\/p>\n<p>Latvijas un Ukrainas nost\u0101ja<\/p>\n<p>Latvijas Paralimpisk\u0101s komitejas prezidente Daiga Dadz\u012bte pauda dzi\u013cu neapmierin\u0101t\u012bbu un sar\u016bgtin\u0101jumu par IPC l\u0113mumu, uzsverot, ka tas ir sliktu zi\u0146u nes\u0113js vis\u0101m Baltijas un cit\u0101m Eiropas valst\u012bm, kas iebilst pret agresorvalstu dal\u012bbu starptautiskaj\u0101s sacens\u012bb\u0101s. LPK stingri atbalsta Ukrainu t\u0101s c\u012b\u0146\u0101 pret agresorvalst\u012bm, un uzskata, ka kam\u0113r kar\u0161 turpin\u0101s, agresorvalstu dal\u012bba starptautisk\u0101s parasporta sacens\u012bb\u0101s nav pie\u013caujama. \u0160is l\u0113mums ir \u012bpa\u0161i s\u0101p\u012bgs Latvijai, kas uzskata, ka sportam nevajadz\u0113tu b\u016bt atsevi\u0161\u0137i no politisk\u0101s realit\u0101tes, \u012bpa\u0161i tik smag\u0101 kr\u012bz\u0113 k\u0101 kar\u0161 Ukrain\u0101. Ukrainas paralimpie\u0161u un amatpersonu reakcija bija sagaid\u0101ma, jo l\u0113mums tiek uztverts k\u0101 tie\u0161a sp\u013c\u0101viens sej\u0101 vi\u0146u valsts c\u012b\u0146ai par neatkar\u012bbu un suverenit\u0101ti. Agr\u0101k, 2023. gad\u0101, jau tika pie\u0146emti l\u0113mumi, kas \u013c\u0101va Krievijas un Baltkrievijas sportistiem piedal\u012bties 2024. gada Par\u012bzes paralimpiskaj\u0101s sp\u0113l\u0113s k\u0101 individu\u0101liem atl\u0113tiem zem neitr\u0101la karoga, ta\u010du ar\u012b tad \u0161\u012b r\u012bc\u012bba izsauca kritiku.<\/p>\n<p>N\u0101kotnes perspekt\u012bvas un izaicin\u0101jumi<\/p>\n<p>Lai gan IPC ir atc\u0113lusi da\u013cu diskvalifik\u0101ciju, Krievijas un Baltkrievijas sportistu dal\u012bba gaid\u0101maj\u0101s Mil\u0101nas-Kort\u012bnas paralimpiskaj\u0101s sp\u0113l\u0113s nav piln\u012bb\u0101 garant\u0113ta. Sportistiem v\u0113l ir j\u0101sa\u0146em at\u013caujas no sav\u0101m starptautiskaj\u0101m feder\u0101cij\u0101m, un \u0161obr\u012bd neviena feder\u0101cija v\u0113l nav publiski apstiprin\u0101jusi \u0161\u0101du at\u013cauju izsnieg\u0161anu. Situ\u0101cija ir sare\u017e\u0123\u012bta, jo daudzas feder\u0101cijas joproj\u0101m saglab\u0101 sportistu diskvalifik\u0101ciju. T\u0101pat j\u0101\u0146em v\u0113r\u0101, ka Krievija pl\u0101no uz 2024. gada Par\u012bzes paralimpiskaj\u0101m sp\u0113l\u0113m s\u016bt\u012bt vair\u0101k nek\u0101 simts sportistus, kuri start\u0113tu k\u0101 neitr\u0101li atl\u0113ti, apliecinot, ka Krievija akt\u012bvi cen\u0161as pan\u0101kt savu sportistu atgrie\u0161anos starptautiskaj\u0101 ar\u0113n\u0101. L\u0113mums par piln\u012bgu diskvalifik\u0101ciju tika noraid\u012bts ar 111 bals\u012bm pret 55, bet par da\u013c\u0113ju diskvalifik\u0101ciju balsoja 91 pret 77. L\u012bdz\u012bgs balsojums notika ar\u012b par Baltkrieviju. Tas liecina par polariz\u0113tu viedok\u013cu spektru starptautiskaj\u0101 sporta sabiedr\u012bb\u0101 attiec\u012bb\u0101 uz agresorvalstu sportistu dal\u012bbu.<\/p>\n","protected":false},"excerpt":{"rendered":"Starptautisk\u0101s Paralimpisk\u0101s komitejas l\u0113mums izsauc sa\u0161utumu Starptautisk\u0101 Paralimpisk\u0101 komiteja (IPC) ir pie\u0146\u0113musi l\u0113mumu atcelt Krievijas un Baltkrievijas sportistu&hellip;\n","protected":false},"author":2,"featured_media":7320,"comment_status":"","ping_status":"","sticky":false,"template":"","format":"standard","meta":{"footnotes":""},"categories":[5],"tags":[23,3084,28,29,32,33,22,3083,30,31,35,39,38,36,37,34,40,20,2797,26,27,2798,24,25,3085,21],"class_list":{"0":"post-7319","1":"post","2":"type-post","3":"status-publish","4":"format-standard","5":"has-post-thumbnail","7":"category-aktualitates","8":"tag-aktualitates","9":"tag-baltkrievijas-sportisti","10":"tag-breaking-news","11":"tag-breakingnews","12":"tag-featured-news","13":"tag-featurednews","14":"tag-headlines","15":"tag-krievijas-sportisti","16":"tag-latest-news","17":"tag-latestnews","18":"tag-latvia","19":"tag-latvian","20":"tag-latviesu","21":"tag-latviesu-valoda","22":"tag-latviesuvaloda","23":"tag-latvija","24":"tag-lv","25":"tag-news","26":"tag-paralimpiskas-speles","27":"tag-popularakas-zinas","28":"tag-popularakaszinas","29":"tag-starptautiska-paralimpiska-komiteja","30":"tag-top-stories","31":"tag-topstories","32":"tag-ukrainas-reakcija","33":"tag-zinas"},"share_on_mastodon":{"url":"","error":""},"_links":{"self":[{"href":"https:\/\/www.europesays.com\/lv\/wp-json\/wp\/v2\/posts\/7319","targetHints":{"allow":["GET"]}}],"collection":[{"href":"https:\/\/www.europesays.com\/lv\/wp-json\/wp\/v2\/posts"}],"about":[{"href":"https:\/\/www.europesays.com\/lv\/wp-json\/wp\/v2\/types\/post"}],"author":[{"embeddable":true,"href":"https:\/\/www.europesays.com\/lv\/wp-json\/wp\/v2\/users\/2"}],"replies":[{"embeddable":true,"href":"https:\/\/www.europesays.com\/lv\/wp-json\/wp\/v2\/comments?post=7319"}],"version-history":[{"count":0,"href":"https:\/\/www.europesays.com\/lv\/wp-json\/wp\/v2\/posts\/7319\/revisions"}],"wp:featuredmedia":[{"embeddable":true,"href":"https:\/\/www.europesays.com\/lv\/wp-json\/wp\/v2\/media\/7320"}],"wp:attachment":[{"href":"https:\/\/www.europesays.com\/lv\/wp-json\/wp\/v2\/media?parent=7319"}],"wp:term":[{"taxonomy":"category","embeddable":true,"href":"https:\/\/www.europesays.com\/lv\/wp-json\/wp\/v2\/categories?post=7319"},{"taxonomy":"post_tag","embeddable":true,"href":"https:\/\/www.europesays.com\/lv\/wp-json\/wp\/v2\/tags?post=7319"}],"curies":[{"name":"wp","href":"https:\/\/api.w.org\/{rel}","templated":true}]}}